{"id":187870,"date":"2026-03-15T08:12:13","date_gmt":"2026-03-15T08:12:13","guid":{"rendered":"https:\/\/www.europesays.com\/no\/187870\/"},"modified":"2026-03-15T08:12:13","modified_gmt":"2026-03-15T08:12:13","slug":"mister-usa","status":"publish","type":"post","link":"https:\/\/www.europesays.com\/no\/187870\/","title":{"rendered":"Mister USA"},"content":{"rendered":"<p>KIRKEN\u00c6R (Dagbladet): &#8211; Hei, tjukken! <\/p>\n<p>Per Kj\u00f8lstad har satt seg ned og ser p\u00e5 blodet som tappes ut gjennom n\u00e5la i armen hans i det legen Arnaldo Lerner entrer rommet.\u00a0<\/p>\n<p>Hver morgen mellom seks og halv sju tusler Lerner (65) fra egen bopel ned trappa til f\u00f8rste etasje hvor \u00abLerner&#8217;s legekontor\u00bb har holdt til i nesten 30 \u00e5r.\u00a0<\/p>\n<p>Et hvitt trehus med lysebl\u00e5 karmer langs hovedfarts\u00e5ra gjennom Kirken\u00e6r i Grue kommune.<\/p>\n<p>Nesten halvparten av Grues befolkning st\u00e5r oppf\u00f8rt p\u00e5 Lerners pasientliste. En pasientliste han har opparbeidet seg gjennom sin 35 \u00e5r lange fartstid som fastlege i den lille bygda.\u00a0<\/p>\n<p>M\u00e5 betale tilbake<\/p>\n<p>Kj\u00f8lstad er \u00e9n av de 2100 pasientene hans. Det har han v\u00e6rt nesten like lenge som Lerner har holdt til i bygda.\u00a0<\/p>\n<p>Fra 10. april st\u00e5r de uten fastlege.<\/p>\n<p>&#8211; Det er trasig, det syns jeg, sier Kj\u00f8lstad.<\/p>\n<p>Dagen f\u00f8r fikk Lerner den\u00a0<a href=\"https:\/\/www.dagbladet.no\/nyheter\/2100-pasienter-mister-fastlegen\/84354522\" rel=\"nofollow noopener\" target=\"_blank\">nedsl\u00e5ende beskjeden fra Helfo<\/a>\u00a0om at han mister refusjonsretten.\u00a0<\/p>\n<p>Det betyr at han i praksis ikke kan drive som fastlege lenger, og at 2100 pasienter blir st\u00e5ende uten fastlege.<\/p>\n<p class=\"font-weight-bold m-font-weight-bold\" data-lab-font_weight=\"font-weight-bold\">Helfo mener at Lerner har f\u00e5tt utbetalt 2,5 millioner kroner fra staten som han ikke hadde krav p\u00e5 de siste \u00e5ra.<\/p>\n<p>Siden 2022 har 45 leger mistet refusjonsretten, if\u00f8lge Helfo.<\/p>\n<p> I august 2025 fikk Lerner et varsel fra Helfo om at han m\u00e5tte betale tilbake 2,7 millioner kroner, etter at de hadde gjennomf\u00f8rt en kontroll av ham.<\/p>\n<p><a href=\"https:\/\/www.glomdalen.no\/popular-fastlege-risikerer-a-miste-refusjonsretten-frykter-at-legegjerningen-er-over\/s\/80-19-212127\" rel=\"nofollow noopener\" target=\"_blank\">Gl\u00e5mdalen <\/a>omtalte varselet f\u00f8rst.<\/p>\n<p>Bakgrunnen for kontrollen var legens\u00a0\u00absv\u00e6rt h\u00f8ye totalrefusjon og h\u00f8y bruk av en rekke takster sammenliknet med andre fastleger\u00bb, if\u00f8lge varselet.\u00a0<\/p>\n<p>    Helfos refusjonsordning<\/p>\n<p>Helseakt\u00f8rer i Norge bruker en tarifftabell med takstkoder for \u00e5 kreve refusjon fra staten for arbeidet som gj\u00f8res.\u00a0<\/p>\n<p>Hver takst har en fast pris hvor pasienten f\u00e5r en egenandel og det resterende bel\u00f8pet dekkes av staten.<\/p>\n<p>Ved en vanlig konsultasjon hos allmennlege er prisen 194kr. 179kr dekkes av pasienten mens de resterende 15kr dekkes av staten.\u00a0<\/p>\n<p>Dersom timen varer lenger enn 20 minutter eller forekommer tidlig p\u00e5 morgenen eller seint p\u00e5 kvelden vil det komme et tillegg, som stort sett dekkes av staten.\u00a0<\/p>\n<p>Systemet er tillitsbasert og Helfo gjennomf\u00f8rer derfor kontroller for \u00e5 avdekke \u00ab\u00f8konomisk misbruk og bedrageri\u00bb.\u00a0<\/p>\n<p>En av indikatorene som kan sette i gang etterkontroll er dersom utbetaling til en helseakt\u00f8r er unormalt h\u00f8y.<\/p>\n<p>Dersom Helfo avdekker det de omtaler som\u00a0\u00abalvorlige forhold\u00bb kan helseakt\u00f8ren miste retten til \u00e5 praktisere for trygdens regning i inntil fem \u00e5r.<\/p>\n<p>I verste fall kan forholdet politianmeldes dersom Helfo mistenker \u00f8konomisk kriminalitet.<\/p>\n<p>      Vis mer<br \/>\n      Vis mindre<\/p>\n<p>Helfo har tatt for seg Lerners refusjonskrav fra november 2022 til mars 2025.\u00a0<\/p>\n<p>Vedlagt til klagen ligger en tabell som viser at Lerner har bedt om en \u00e5rlig totalrefusjon som ligger godt over medianen for alle fastleger i landet.<\/p>\n<p>I 2024 mottok Lerner 4,2 millioner kroner i refusjon fra staten. Medianen for alle fastleger l\u00e5 p\u00e5 1,16 millioner.<\/p>\n<p>    <a itemprop=\"url\" href=\"https:\/\/www.dagbladet.no\/tema\/har-fastlegen-din-fatt-et-varsel\/83817162\" rel=\"nofollow noopener\" target=\"_blank\"><\/p>\n<p>        <img loading=\"lazy\" decoding=\"async\" src=\"https:\/\/www.europesays.com\/no\/wp-content\/uploads\/2026\/03\/1773562330_925_83817167.webp.webp\" width=\"980\" height=\"441\" title=\"Har fastlegen din f\u00e5tt et varsel?\" alt=\"\" class=\"lazyload\" style=\"--aspect-ratio-image: 2.22; \"\/><\/p>\n<p>        Har fastlegen din f\u00e5tt et varsel?<\/p>\n<p>    <\/a><\/p>\n<p>Latt seg inspirere<\/p>\n<p>Lerner selv mener det h\u00f8ye refusjonskravet skyldes at han er effektiv.<\/p>\n<p>P\u00e5 sitt eget legekontor tar Lerner imot pasienter fra tidlig morgen til seint p\u00e5 kveld. Noen dager har han s\u00e5 mange som 60 pasienter innom.<\/p>\n<p>Til sammenlikning er landsgjennomsnittet p\u00e5 antall pasienter per dag per fastlege p\u00e5 elleve.<\/p>\n<p class=\"font-weight-bold m-font-weight-bold\" data-lab-font_weight=\"font-weight-bold\">&#8211; Jeg treffer kona mi n\u00e5r vi v\u00e5kner halv seks og ved middag halv \u00e5tte, forteller Lerner, mens han viser Dagbladet rundt p\u00e5 legekontoret hans.<\/p>\n<p>P\u00e5 det lille kontoret har han laget seg fire behandlingsrom.\u00a0<\/p>\n<p>        <img loading=\"lazy\" decoding=\"async\" src=\"https:\/\/www.europesays.com\/no\/wp-content\/uploads\/2026\/03\/1773562331_5_84364694.webp.webp\" width=\"980\" height=\"481\" title=\"- EFFEKTIVITET: Arnaldo Lerner og medisinsk sekret\u00e6r Maria Korsmo forteller om en hektisk, men velfungerende arbeidshverdag. Foto: John Terje Pedersen \/ Dagbladet\" alt=\"\" class=\"\" style=\"--aspect-ratio-image: 2.04; \"\/><\/p>\n<p>\n        &#8211; EFFEKTIVITET: Arnaldo Lerner og medisinsk sekret\u00e6r Maria Korsmo forteller om en hektisk, men velfungerende arbeidshverdag. Foto: John Terje Pedersen \/ Dagbladet\n    <\/p>\n<p>N\u00e5r en pasient kommer inn p\u00e5 kontoret henvises vedkommende til det riktige behandlingsrommet av personalet p\u00e5 legesenteret.<\/p>\n<p>P\u00e5 den m\u00e5ten kan han g\u00e5 fra behandlingsrom til behandlingsrom og snakke med pasienter mens de andre ansatte tar n\u00f8dvendige pr\u00f8ver.<\/p>\n<p>Lerner forteller at han har latt seg inspirere av effektiviteten p\u00e5 legekontorer i land som USA, Brasil og Tyskland.\u00a0<\/p>\n<p>&#8211; USA er supereffektivt, forteller Lerner og legger til at kostnadene ved \u00e5 sende en pasient p\u00e5 sykehus er sv\u00e6rt h\u00f8ye der.\u00a0<\/p>\n<p>Derfor \u00f8nsker legene \u00e5 gj\u00f8re mest mulig p\u00e5 legekontoret.\u00a0<\/p>\n<p>Systemet med \u00e5 ha ulike behandlingsrom og en administrasjon som sender pasientene til de rette rommene er hentet fra statene, forteller han.<\/p>\n<p>        JUKS: En rekke ut\u00f8vere i det nasjonale college-mesterskapet i terrengl\u00f8p i USA ble filmet utenfor l\u00f8ypemerkingene. Video: NCAA \/ ESPN \/ Akers, Ljosland\/Dagbladet TV-sporten<\/p>\n<p>Fakkeltog<\/p>\n<p>4. mars samlet flere hundre innbyggere i bygda seg for \u00e5 sl\u00e5 ring om legen, if\u00f8lge <a href=\"https:\/\/www.nrk.no\/innlandet\/helfo-vil-avskilte-arnaldo-lerner-_-hjembygda-slar-ring-rundt-fastlegen-sin-1.17792234\" rel=\"nofollow noopener\" target=\"_blank\">NRK<\/a>.\u00a0<\/p>\n<p>Selv skal Lerner ha v\u00e6rt skeptisk til markeringen, if\u00f8lge ham selv.<\/p>\n<p>Han fryktet at det ikke skulle dukke opp noen.\u00a0<\/p>\n<p>        <img loading=\"lazy\" decoding=\"async\" src=\"https:\/\/www.europesays.com\/no\/wp-content\/uploads\/2026\/03\/1773562331_103_84364731.webp.webp\" width=\"667\" height=\"474\" title=\"FAKKELTOG: Flere hundre m\u00f8tte opp for markere sin st\u00f8tte til fastlegen i bygda Arnaldo Lerner. Foto: Privat\" alt=\"\" class=\"\" style=\"--aspect-ratio-image: 1.41; \"\/><\/p>\n<p>\n        FAKKELTOG: Flere hundre m\u00f8tte opp for markere sin st\u00f8tte til fastlegen i bygda Arnaldo Lerner. Foto: Privat\n    <\/p>\n<p>&#8211; Det var fantastisk, sier en tydelig r\u00f8rt Lerner n\u00e5.\u00a0<\/p>\n<p>Rundt 300 mennesker fra den lille bygda Kirken\u00e6r m\u00f8tte opp for \u00e5 st\u00f8tte legen.<\/p>\n<p>P\u00e5 Legelisten, en liste over alle fastleger i Norge hvor pasienter kan legge igjen anmeldelser om legen, uttrykker flere sin begeistring for legen.<\/p>\n<p>Tilbakemeldingene g\u00e5r stort sett ut p\u00e5 at man som pasient f\u00e5r legetime raskt og at legen er effektiv, samtidig som han driver god pasientbehandling.<\/p>\n<p>&#8211; Ringer du f\u00f8r klokka 12 f\u00e5r du time p\u00e5 dagen, sier Lerner.\u00a0<\/p>\n<p>Han beskriver jobben som fastlege som b\u00e5de en jobb og en hobby. Det er derfor han ofte tilbringer 12 timer p\u00e5 jobb.\u00a0<\/p>\n<p>&#8211; De dagene jeg har 66 pasienter p\u00e5 tolv timer blir det fem og en halv pasient i timen. Da f\u00e5r hver pasient elleve minutter, forklarer Lerner.\u00a0<\/p>\n<p>    <a itemprop=\"url\" href=\"https:\/\/www.dagbladet.no\/nyheter\/khamenei-er-trolig-deformert\/84364840\" rel=\"nofollow noopener\" target=\"_blank\"><\/p>\n<p>        <img loading=\"lazy\" decoding=\"async\" src=\"https:\/\/www.europesays.com\/no\/wp-content\/uploads\/2026\/03\/1773562332_353_84364970.webp.webp\" width=\"980\" height=\"441\" title=\"- Khamenei er \u00abtrolig deformert\u00bb\" alt=\"\" class=\"lazyload\" style=\"--aspect-ratio-image: 2.22; \"\/><\/p>\n<p>        &#8211; Khamenei er \u00abtrolig deformert\u00bb<\/p>\n<p>    <\/a><\/p>\n<p>Erkjenner feil  <\/p>\n<p>Helfo plukket ut 70 konkrete saker Lerner hadde mottatt refusjon for fra perioden november 2023 til mars 2025. I 32 av sakene mener Helfo at Lerner enten har krevd feil takst eller mangler dokumentasjon for rett bruk av takst.<\/p>\n<p class=\"font-weight-bold m-font-weight-bold\" data-lab-font_weight=\"font-weight-bold\">Lerner selv har erkjent manglende dokumentasjon i fem av tilfellene.\u00a0<\/p>\n<p>I tillegg omfatter noen av tilfellene det Helfo mener er feil bruk av takst ved B12-injeksjoner.\u00a0<\/p>\n<p>Lerner sier at dette hovedsakelig handler om en uenighet i tolkningen av takstene, men at det uansett ikke skal utgj\u00f8re en s\u00e5 stor del av hans regnskap.\u00a0<\/p>\n<p>If\u00f8lge Helfos tall har Lerner tilh\u00f8rt den ene prosenten av fastleger som har h\u00f8yest totalrefusjon fra staten.\u00a0<\/p>\n<p>If\u00f8lge skattelistene fra 2024 var Lerner blant de 20 med h\u00f8yest inntekt i Grue kommune. Han st\u00e5r oppf\u00f8rt med en inntekt p\u00e5 nesten 2,5 millioner kroner.<\/p>\n<p>Helfo opplyser overfor Dagbladet at de stort sett kontrollerer helseakt\u00f8rer som befinner seg blant denne ene prosenten.\u00a0<\/p>\n<p>Lerner mener imidlertid at det er naturlig at hans totalrefusjon er h\u00f8y ettersom han har mange pasienter. Han hevder at han likevel er blant de 10 prosent legene i Norge med lavest bel\u00f8p per konsultasjon.\u00a0<\/p>\n<p>Dokumentasjon Dagbladet har sett viser at hans gjennomsnittlige bel\u00f8p per konsultasjon er p\u00e5 396 kroner. Medianbel\u00f8pet blant andre fastleger er 610 kroner.<\/p>\n<p>Tallene baserer seg p\u00e5 de siste 12 m\u00e5nedene.<\/p>\n<p> &#8211; H\u00f8y totalrefusjon eller h\u00f8y bruk av enkeltakser utl\u00f8ser ikke automatisk kontroll. Utvelgelsen av en kontroll bygger p\u00e5 en helhetsvurdering og vi vurderer flere indikatorer i sammenheng, skriver avdelingsdirekt\u00f8r i Helfo kontroll, Cecilie Eriksen Brodal, i en e-post.\u00a0<\/p>\n<p class=\"font-weight-bold m-font-weight-bold\" data-lab-font_weight=\"font-weight-bold\">Hun skriver videre at leger som har inng\u00e5tt avtale med Helfo om refusjon har forpliktet seg til \u00e5 dokumentere refusjonskravene p\u00e5 en m\u00e5te som gj\u00f8r at Helfo kan kontrollere dem i ettertid.<\/p>\n<p class=\"font-weight-normal m-font-weight-normal\" data-lab-font_weight=\"font-weight-normal\">Kontrollen er, if\u00f8lge Brodal, for \u00e5 sikre at fellesskapets midler brukes riktig.<\/p>\n<p>    <a itemprop=\"url\" href=\"https:\/\/www.dagbladet.no\/sport\/det-er-krise\/84363073\" rel=\"nofollow noopener\" target=\"_blank\"><\/p>\n<p>        <img loading=\"lazy\" decoding=\"async\" src=\"https:\/\/www.europesays.com\/no\/wp-content\/uploads\/2026\/03\/1773562332_915_84363542.webp.webp\" width=\"980\" height=\"441\" title=\"- Det er krise\" alt=\"\" class=\"lazyload\" style=\"--aspect-ratio-image: 2.22; \"\/><\/p>\n<p>        &#8211; Det er krise<\/p>\n<p>    <\/a><\/p>\n<p>&#8211; Et samfunnsansvar<\/p>\n<p>&#8211; Det er jo vi, pasientene hans, som taper p\u00e5 dette.\u00a0<\/p>\n<p>Anita Madshus har hatt Lerner som lege i over 30 \u00e5r.\u00a0<\/p>\n<p>Da hun h\u00f8rte at hun sto i fare for \u00e5 miste fastlegen sin startet hun en underskriftskampanje.<\/p>\n<p>Den fikk totalt 900 signeringer, if\u00f8lge henne.\u00a0<\/p>\n<p>Alle er sendt i retning Helfo.<\/p>\n<p>        <img loading=\"lazy\" decoding=\"async\" src=\"https:\/\/www.europesays.com\/no\/wp-content\/uploads\/2026\/03\/1773562332_255_84364897.webp.webp\" width=\"980\" height=\"559\" title=\"TOK INITATIV: Anita Madshus satt i gang fakkeltog for Lerner da hun h\u00f8rte om varselet fra Helfo. Foto: John Terje Pedersen \/ Dagbladet\" alt=\"\" class=\"\" style=\"--aspect-ratio-image: 1.75; \"\/><\/p>\n<p>\n        TOK INITATIV: Anita Madshus satt i gang fakkeltog for Lerner da hun h\u00f8rte om varselet fra Helfo. Foto: John Terje Pedersen \/ Dagbladet\n    <\/p>\n<p>Helfo skriver til Dagbladet at de har f\u00e5tt med seg de store reaksjonene i Grue i forbindelse med saken.\u00a0<\/p>\n<p>&#8211; Vi har forst\u00e5else for at slike saker er krevende og vekker reaksjoner, b\u00e5de blant pasienter og hos legen det gjelder. Samtidig er det et viktig samfunnsansvar \u00e5 s\u00f8rge for at fellesskapets velferdsmidler brukes riktig. Hvis\u00a0Helfo\u00a0avdekker feilutbetalinger i en kontroll, er vi lovp\u00e5lagt \u00e5 kreve pengene tilbake, skriver Brodal.<\/p>\n<p>    <a itemprop=\"url\" href=\"https:\/\/www.dagbladet.no\/nyheter\/frykten-sprer-seg-massiv-hodepine\/84362498\" rel=\"nofollow noopener\" target=\"_blank\"><\/p>\n<p>        <img loading=\"lazy\" decoding=\"async\" src=\"https:\/\/www.europesays.com\/no\/wp-content\/uploads\/2026\/03\/1773562333_368_84363242.webp.webp\" width=\"980\" height=\"441\" title=\"Frykten sprer seg: - Massiv hodepine\" alt=\"\" class=\"lazyload\" style=\"--aspect-ratio-image: 2.22; \"\/><\/p>\n<p>        Frykten sprer seg: &#8211; Massiv hodepine<\/p>\n<p>    <\/a><\/p>\n<p>&#8211; B\u00f8r l\u00e6re av ham  <\/p>\n<p>&#8211; Det folk sier er at det er greit nok om Lerner har gjort feil. Da f\u00e5r han betale for seg. Det folk reagerer p\u00e5 er sanksjonsmiddelet som brukes. At han rett og slett mister refusjonsretten, sier Madshus.<\/p>\n<p> Hun har v\u00e6rt lokalpolitiker for H\u00f8yre i mange \u00e5r, og kjenner bygda. <\/p>\n<p>&#8211;\u00a0Han har jo veldig mange pasienter. F\u00f8ler du alltid at han har tid til deg?<\/p>\n<p>&#8211; Jeg har aldri opplevd \u00e5 ikke f\u00e5 hjelp.<\/p>\n<p>Madshus forteller om en nylig hendelse hvor mannen hennes, som ogs\u00e5 har Lerner som fastlege, fikk et problem med \u00f8yet.\u00a0<\/p>\n<p>Femten minutter seinere fikk han time hos Lerner, if\u00f8lge Madshus.<\/p>\n<p>&#8211; Han har en veldrevet klinikk og jobber 12 timer om dagen. Her har du en som utfordrer det offentlige systemet p\u00e5 hvordan de tenker.<\/p>\n<p>&#8211; Jeg tenker flere b\u00f8r l\u00e6re av ham.\u00a0<\/p>\n","protected":false},"excerpt":{"rendered":"KIRKEN\u00c6R (Dagbladet): &#8211; Hei, tjukken! Per Kj\u00f8lstad har satt seg ned og ser p\u00e5 blodet som tappes ut&hellip;\n","protected":false},"author":2,"featured_media":187871,"comment_status":"","ping_status":"","sticky":false,"template":"","format":"standard","meta":{"footnotes":"","_share_on_mastodon":"0"},"categories":[5],"tags":[20,21,2907,24,25,15,19,398,22,23,17,18,13,30,28,29,14,16,83,26,27],"class_list":["post-187870","post","type-post","status-publish","format-standard","has-post-thumbnail","category-overskrifter","tag-breaking-news","tag-breakingnews","tag-ebba-andersson","tag-featured-news","tag-featurednews","tag-headlines","tag-hovedoppslag","tag-langrenn","tag-latest-news","tag-latestnews","tag-main-news","tag-mainnews","tag-news","tag-no","tag-norge","tag-norway","tag-nyheter","tag-overskrifter","tag-sport","tag-top-stories","tag-topstories"],"share_on_mastodon":{"url":"https:\/\/pubeurope.com\/@no\/116232188562298554","error":""},"_links":{"self":[{"href":"https:\/\/www.europesays.com\/no\/wp-json\/wp\/v2\/posts\/187870","targetHints":{"allow":["GET"]}}],"collection":[{"href":"https:\/\/www.europesays.com\/no\/wp-json\/wp\/v2\/posts"}],"about":[{"href":"https:\/\/www.europesays.com\/no\/wp-json\/wp\/v2\/types\/post"}],"author":[{"embeddable":true,"href":"https:\/\/www.europesays.com\/no\/wp-json\/wp\/v2\/users\/2"}],"replies":[{"embeddable":true,"href":"https:\/\/www.europesays.com\/no\/wp-json\/wp\/v2\/comments?post=187870"}],"version-history":[{"count":0,"href":"https:\/\/www.europesays.com\/no\/wp-json\/wp\/v2\/posts\/187870\/revisions"}],"wp:featuredmedia":[{"embeddable":true,"href":"https:\/\/www.europesays.com\/no\/wp-json\/wp\/v2\/media\/187871"}],"wp:attachment":[{"href":"https:\/\/www.europesays.com\/no\/wp-json\/wp\/v2\/media?parent=187870"}],"wp:term":[{"taxonomy":"category","embeddable":true,"href":"https:\/\/www.europesays.com\/no\/wp-json\/wp\/v2\/categories?post=187870"},{"taxonomy":"post_tag","embeddable":true,"href":"https:\/\/www.europesays.com\/no\/wp-json\/wp\/v2\/tags?post=187870"}],"curies":[{"name":"wp","href":"https:\/\/api.w.org\/{rel}","templated":true}]}}