{"id":187896,"date":"2026-03-15T08:50:08","date_gmt":"2026-03-15T08:50:08","guid":{"rendered":"https:\/\/www.europesays.com\/no\/187896\/"},"modified":"2026-03-15T08:50:08","modified_gmt":"2026-03-15T08:50:08","slug":"ebba-andersson-ma-droppe-usa-avslutning-etter-stygt-kollen-fall","status":"publish","type":"post","link":"https:\/\/www.europesays.com\/no\/187896\/","title":{"rendered":"Ebba Andersson m\u00e5 droppe USA-avslutning etter stygt Kollen-fall"},"content":{"rendered":"\n<p class=\"_lead_145nj_2 _lead_6fko5_53 layout-component text-serif-m layout-normal text-serif-l layout-component layout-wide layout-padded _wide_17hqh_1 layout-padded\">Den svenske langrennsyndlingen Ebba Andersson reiser ikke til verdenscupavslutningen i USA. Hun m\u00e5 unders\u00f8kes n\u00e6rmere etter et t\u00f8ft rundkast i Holmenkollen.<\/p>\n<p><img alt=\"Ebba Andersson reiser ikke til USA.  Foto: Natacha Pisarenko \/ AP \/ NTB\" class=\"_image_1kupn_65 layout-component layout-wide\" data-fullscreen- data-track-element-type=\"Article image fullscreen\" data-track-name=\"ImageFullscreen\" fetchpriority=\"high\" decoding=\"sync\" loading=\"eager\" height=\"5760\" itemprop=\"image\"  src=\"https:\/\/www.europesays.com\/no\/wp-content\/uploads\/2026\/03\/4e9de655-7764-4983-83d4-3e8d31d87c8b.jpeg\"  style=\"object-position:0% 0%\" width=\"8640\"\/>Ebba Andersson reiser ikke til USA.  Foto: Natacha Pisarenko \/ AP \/ NTB<\/p>\n<ul aria-hidden=\"true\" class=\"_images_ntbth_112\">\n<li><a class=\"_link_ntbth_117\" href=\"https:\/\/www.vg.no\/forfatter\/ntb\" style=\"z-index:1\" title=\"NTB\" rel=\"nofollow noopener\" target=\"_blank\"><img alt=\"Bilde av NTB\" class=\"_image_ntbth_93\" fetchpriority=\"low\" loading=\"lazy\" decoding=\"async\" itemprop=\"image\"  src=\"https:\/\/www.europesays.com\/no\/wp-content\/uploads\/2026\/03\/1773564608_72_c33980b0-5d07-4027-84a1-813f90a7c8d6.jpeg\"  width=\"480\"\/><\/a><\/li>\n<\/ul>\n<p> Oppdatert s\u00f8ndag 15. mars kl. 08:57    <\/p>\n<ul class=\"_list_145nj_3 _list_64s2r_85 _unordered_145nj_106 text-sans-m\">\n<li class=\"_item_145nj_30\">Ebba Andersson reiser ikke til verdenscupavslutningen i USA etter et t\u00f8ft fall i Holmenkollen.<\/li>\n<li class=\"_item_145nj_30\">Svenske landslaget bekrefter at hennes sesong er over.<\/li>\n<li class=\"_item_145nj_30\">Hun m\u00e5 unders\u00f8kes for skader i kne og h\u00e5nd.<\/li>\n<li class=\"_item_145nj_30\">Andersson mottok Holmenkollmedaljen l\u00f8rdag.<\/li>\n<\/ul>\n<p>Vis mer <\/p>\n<p class=\"_paragraph_145nj_4 _paragraph_6fko5_10 layout-component text-serif-m layout-normal text-serif-m layout-padded\">Det er det svenske langrennslandslaget som bekrefter at Anderssons verdenscupsesong er over. <\/p>\n<p class=\"_paragraph_145nj_4 _paragraph_6fko5_10 layout-component text-serif-m layout-normal text-serif-m layout-padded\">Det var under <a href=\"https:\/\/www.vg.no\/sport\/i\/m0Peaq\/karlsson-dominerte-femmila-saa-bra-har-aldri-noen-kvinne-gaatt\" data-track-element-type=\"Link\" data-track-id=\"link:m0Peaq\" class=\"_link_145nj_39\" rel=\"nofollow noopener\" target=\"_blank\">l\u00f8rdagens femmil<\/a> at langrennsstjernen plutselig forsvant fra tetgruppen. Det fikk mange til \u00e5 stusse.<\/p>\n<p class=\"_paragraph_145nj_4 _paragraph_6fko5_10 layout-component text-serif-m layout-normal text-serif-m layout-padded\">Etter rennet kom svaret. OL-mesteren p\u00e5 femmil hadde falt stygt og sl\u00e5tt seg, noe TV-kameraene ikke fanget opp. Andersson fullf\u00f8rte likevel rennet.<\/p>\n<p class=\"_paragraph_145nj_4 _paragraph_6fko5_10 layout-component text-serif-m layout-normal text-serif-m layout-padded\">\u2013 Jeg tenkte for meg selv: \u00abJeg lurer p\u00e5 om jeg skal fortsette?\u00bb Det f\u00f8ltes som om jeg slo hodet, sa Andersson i pressesonen.<\/p>\n<p class=\"_paragraph_145nj_4 _paragraph_6fko5_10 layout-component text-serif-m layout-normal text-serif-m layout-padded\"><strong class=\"_strong_145nj_25\">Fikk du med deg denne?<\/strong><\/p>\n<p class=\"_paragraph_145nj_4 _paragraph_6fko5_10 layout-component text-serif-m layout-normal text-serif-m layout-padded\">Umiddelbart antydet femmilsmesteren at hun ikke f\u00f8lte seg \u00abhelt i riktig form\u00bb til \u00e5 reise til kommende helgs verdenscupavslutning i amerikanske Lake Placid.<\/p>\n<p class=\"_paragraph_145nj_4 _paragraph_6fko5_10 layout-component text-serif-m layout-normal text-serif-m layout-padded\">S\u00f8ndag kom bekreftelsen p\u00e5 at Andersson blir hjemme.<\/p>\n<p class=\"_paragraph_145nj_4 _paragraph_6fko5_10 layout-component text-serif-m layout-normal text-serif-m layout-padded\">\u2013 Vi trenger mer tid til \u00e5 unders\u00f8ke h\u00f8yre kne og venstre h\u00e5nd som fikk e smell i fallet n\u00e6rmere, sier landslagslege Richard Noberius i en uttalelse.<\/p>\n<p class=\"_paragraph_145nj_4 _paragraph_6fko5_10 layout-component text-serif-m layout-normal text-serif-m layout-padded\">Andersson fikk Holmenkollmedaljen l\u00f8rdag.<\/p>\n","protected":false},"excerpt":{"rendered":"Den svenske langrennsyndlingen Ebba Andersson reiser ikke til verdenscupavslutningen i USA. Hun m\u00e5 unders\u00f8kes n\u00e6rmere etter et t\u00f8ft&hellip;\n","protected":false},"author":2,"featured_media":187897,"comment_status":"","ping_status":"","sticky":false,"template":"","format":"standard","meta":{"footnotes":"","_share_on_mastodon":"0"},"categories":[5],"tags":[20,21,2907,24,25,15,19,398,22,23,17,18,13,30,28,29,14,16,26,27,399],"class_list":["post-187896","post","type-post","status-publish","format-standard","has-post-thumbnail","category-overskrifter","tag-breaking-news","tag-breakingnews","tag-ebba-andersson","tag-featured-news","tag-featurednews","tag-headlines","tag-hovedoppslag","tag-langrenn","tag-latest-news","tag-latestnews","tag-main-news","tag-mainnews","tag-news","tag-no","tag-norge","tag-norway","tag-nyheter","tag-overskrifter","tag-top-stories","tag-topstories","tag-vintersport"],"share_on_mastodon":{"url":"https:\/\/pubeurope.com\/@no\/116232337798804920","error":""},"_links":{"self":[{"href":"https:\/\/www.europesays.com\/no\/wp-json\/wp\/v2\/posts\/187896","targetHints":{"allow":["GET"]}}],"collection":[{"href":"https:\/\/www.europesays.com\/no\/wp-json\/wp\/v2\/posts"}],"about":[{"href":"https:\/\/www.europesays.com\/no\/wp-json\/wp\/v2\/types\/post"}],"author":[{"embeddable":true,"href":"https:\/\/www.europesays.com\/no\/wp-json\/wp\/v2\/users\/2"}],"replies":[{"embeddable":true,"href":"https:\/\/www.europesays.com\/no\/wp-json\/wp\/v2\/comments?post=187896"}],"version-history":[{"count":0,"href":"https:\/\/www.europesays.com\/no\/wp-json\/wp\/v2\/posts\/187896\/revisions"}],"wp:featuredmedia":[{"embeddable":true,"href":"https:\/\/www.europesays.com\/no\/wp-json\/wp\/v2\/media\/187897"}],"wp:attachment":[{"href":"https:\/\/www.europesays.com\/no\/wp-json\/wp\/v2\/media?parent=187896"}],"wp:term":[{"taxonomy":"category","embeddable":true,"href":"https:\/\/www.europesays.com\/no\/wp-json\/wp\/v2\/categories?post=187896"},{"taxonomy":"post_tag","embeddable":true,"href":"https:\/\/www.europesays.com\/no\/wp-json\/wp\/v2\/tags?post=187896"}],"curies":[{"name":"wp","href":"https:\/\/api.w.org\/{rel}","templated":true}]}}