{"id":18828,"date":"2025-08-26T19:51:09","date_gmt":"2025-08-26T19:51:09","guid":{"rendered":"https:\/\/www.europesays.com\/no\/18828\/"},"modified":"2025-08-26T19:51:09","modified_gmt":"2025-08-26T19:51:09","slug":"vil-gi-milliarder-til-barnefamilier-s","status":"publish","type":"post","link":"https:\/\/www.europesays.com\/no\/18828\/","title":{"rendered":"Vil gi milliarder til barnefamilier s"},"content":{"rendered":"\n<p class=\"_paragraph_1bvmi_4 _paragraph_xtcu6_10 layout-component text-serif-m layout-normal text-serif-m layout-padded\">\u2013 Det er f\u00e5 ting jeg vil stille ultimatum om, men dette er det aller viktigste, sier KrF-leder <a href=\"https:\/\/www.vg.no\/tag\/dag-inge-ulstein?utm_source=vg-article&amp;utm_medium=auto-tagger&amp;utm_campaign=xmL35n\" class=\"_link_1bvmi_39\" rel=\"nofollow noopener\" target=\"_blank\">Dag Inge Ulstein<\/a>. <\/p>\n<p class=\"_paragraph_1bvmi_4 _paragraph_xtcu6_10 layout-component text-serif-m layout-normal text-serif-m layout-padded\">Med dr\u00f8ye to uker til valget, frir KrF til velgerne med en omfattende pakke til barnefamilier.<\/p>\n<p class=\"_paragraph_1bvmi_4 _paragraph_xtcu6_10 layout-component text-serif-m layout-normal text-serif-m layout-padded\"><strong class=\"_strong_1bvmi_25\">Prislappen: ca. 21 milliarder kroner.<\/strong><\/p>\n<p class=\"_paragraph_1bvmi_4 _paragraph_xtcu6_10 layout-component text-serif-m layout-normal text-serif-m layout-padded\">Men det kommer vi tilbake til. <\/p>\n<p>\u00d8konomi st\u00f8rste hinder<\/p>\n<p class=\"_paragraph_1bvmi_4 _paragraph_xtcu6_10 layout-component text-serif-m layout-normal text-serif-m layout-padded\">Hjemme i stuen til ekteparet Mathias Ekre Husum (29) og Hanna Eirin Ekre Husum (28), leker s\u00f8nnen Jens (7 md.) i partilederens fang. <\/p>\n<p><img decoding=\"async\" alt=\"Bilde av Jens (7 md.)\" class=\"_image_ygndg_42\" height=\"27\" itemprop=\"image\" loading=\"lazy\"  src=\"https:\/\/www.europesays.com\/no\/wp-content\/uploads\/2025\/08\/484a54a0-513c-4c52-aec0-8f2ac87d6205\"  width=\"40\"\/><strong class=\"_name_ygndg_51 title-serif-xs\">Jens (7 md.)<\/strong><\/p>\n<p class=\"_paragraph_1bvmi_4 text-sans-m _description_ygndg_56\">Baby<\/p>\n<p class=\"_paragraph_1bvmi_4 _paragraph_xtcu6_10 layout-component text-serif-m layout-normal text-serif-m layout-padded\">Ulstein mener familien er et perfekt eksempel p\u00e5 hvorfor KrFs familiepakke vil \u00f8ke f\u00f8dselstallene i Norge: <\/p>\n<p class=\"_paragraph_1bvmi_4 _paragraph_xtcu6_10 layout-component text-serif-m layout-normal text-serif-m layout-padded\">Mathias er nettopp ferdig med studier og er n\u00e5 ansatt i kirken som trosoppl\u00e6rer. Han m\u00e5 jobbe i seks m\u00e5neder for \u00e5 f\u00e5 rett til foreldrepenger. Hanna er student og frilanser. Hun utsetter n\u00e5 \u00e5 begynne p\u00e5 masteren i logopedi for \u00e5 ta mammapermisjon. De eier en leilighet p\u00e5 68 kvadratmeter p\u00e5 H\u00f8ybr\u00e5ten i Oslo.<\/p>\n<p class=\"_paragraph_1bvmi_4 _paragraph_xtcu6_10 layout-component text-serif-m layout-normal text-serif-m layout-padded\">\u2013 Vi ville helst hatt barn tidligere, hvis \u00f8konomien hadde v\u00e6rt der, sier Hanna. <\/p>\n<p><img alt=\"Mathias Ekre Husum (29) og Hanna Eirin Ekre Husum (28) \u00f8nsker seg s\u00f8sken til Jens (7 md.).  Foto: Gisle Oddstad \/ VG\" class=\"_image_qp4xg_65 layout-component layout-normal\" data-fullscreen- data-track-element-type=\"Article image fullscreen\" data-track-name=\"ImageFullscreen\" decoding=\"async\" loading=\"lazy\" height=\"5464\" itemprop=\"image\"  src=\"https:\/\/www.europesays.com\/no\/wp-content\/uploads\/2025\/08\/53b4667a-3ca3-43cd-b8d0-4511ce8e0325\"  style=\"object-position:0% 0%\" width=\"7656\"\/>Mathias Ekre Husum (29) og Hanna Eirin Ekre Husum (28) \u00f8nsker seg s\u00f8sken til Jens (7 md.).  Foto: Gisle Oddstad \/ VG<\/p>\n<p class=\"_paragraph_1bvmi_4 _paragraph_xtcu6_10 layout-component text-serif-m layout-normal text-serif-m layout-padded\">Paret \u00f8nsker seg minst tre barn. N\u00e5 som Jens er syv m\u00e5neder har samtalen om s\u00f8sken s\u00e5 vidt begynt. Men utfordringene er ogs\u00e5 tydelige: <\/p>\n<p class=\"_paragraph_1bvmi_4 _paragraph_xtcu6_10 layout-component text-serif-m layout-normal text-serif-m layout-padded\">\u2013 Det er veldig mange faktorer: studier, jobb, barnehage, eventuelt et nytt hus eller leilighet, sier Mathias. <\/p>\n<p class=\"_paragraph_1bvmi_4 _paragraph_xtcu6_10 layout-component text-serif-m layout-normal text-serif-m layout-padded\">Paret oppsummerer utfordringene slik:<\/p>\n<ul class=\"_list_1bvmi_3 _list_xtcu6_9 _unordered_1bvmi_99 layout-component text-serif-m layout-normal text-serif-m layout-padded\">\n<li class=\"_item_1bvmi_30\">\u00d8konomi er det viktigste hinderet \u2013 spesielt muligheten til \u00e5 f\u00e5 boligl\u00e5n.muligheten til \u00e5 f\u00e5 boligl\u00e5n.Bankene gir mindre l\u00e5n dersom du har barn. Hvis du har flere barn, f\u00e5r du mindre l\u00e5n per barn.<\/li>\n<li class=\"_item_1bvmi_30\">\u00c9n opptaksrunde i barnehagene. Fordi Jens er f\u00f8dt i januar har de m\u00e5ttet spare opp mye penger for \u00e5 ta ul\u00f8nnet permisjon f\u00f8r han har ett p\u00e5 barnehageplass i august neste \u00e5r.<\/li>\n<li class=\"_item_1bvmi_30\">Manglende st\u00f8tteordninger for studenter og frilansere. <\/li>\n<\/ul>\n<p class=\"_paragraph_1bvmi_4 _paragraph_xtcu6_10 layout-component text-serif-m layout-normal text-serif-m layout-padded\"><strong class=\"_strong_1bvmi_25\">\u2013  <\/strong>Jeg skulle \u00f8nske at det var veldig mye lettere \u00e5 f\u00e5 barn. V\u00e5rt st\u00f8rste \u00f8nske er \u00e5 ha barn. Vi \u00f8nsker at barna skal kunne v\u00e6re en integrert og normal del av livet, med alt det inneb\u00e6rer, sier Hanna.<\/p>\n<p class=\"_paragraph_1bvmi_4 _paragraph_xtcu6_10 layout-component text-serif-m layout-normal text-serif-m layout-padded\">Og det treffer KrF-lederen: <\/p>\n<p class=\"_paragraph_1bvmi_4 _paragraph_xtcu6_10 layout-component text-serif-m layout-normal text-serif-m layout-padded\">\u2013 Det var fint sagt. Vi kan snakke om at f\u00f8dselstallene g\u00e5r ned, vi trenger flere hender i eldreomsorgen og flere skattebetalere, men det er jo det vakreste: Verdien i familien og barna, sier han. <\/p>\n<p><img alt=\"Dag Inge Ulstein er selv firebarnsfar og h\u00e5per flere familier vil g\u00e5 samme vei.   Foto: Gisle Oddstad \/ VG\" class=\"_image_qp4xg_65 layout-component layout-normal\" data-fullscreen- data-track-element-type=\"Article image fullscreen\" data-track-name=\"ImageFullscreen\" decoding=\"async\" loading=\"lazy\" height=\"5193\" itemprop=\"image\"  src=\"https:\/\/www.europesays.com\/no\/wp-content\/uploads\/2025\/08\/e61480be-90a4-4f38-8477-9dbef51b26c3\"  style=\"object-position:0% 0%\" width=\"7785\"\/>Dag Inge Ulstein er selv firebarnsfar og h\u00e5per flere familier vil g\u00e5 samme vei.   Foto: Gisle Oddstad \/ VG<\/p>\n<p class=\"_paragraph_1bvmi_4 _paragraph_xtcu6_10 layout-component text-serif-m layout-normal text-serif-m layout-padded\">Ulstein forteller at \u00f8konomi stadig g\u00e5r igjen som hoved\u00e5rsak til at nordmenn ikke f\u00f8der flere barn.<\/p>\n<p class=\"_paragraph_1bvmi_4 _paragraph_xtcu6_10 layout-component text-serif-m layout-normal text-serif-m layout-padded\">Selv om fruktbarheten steg noe i fjor, h\u00e5per KrF-lederen \u00e5 bidra til flere barn i Norge.<\/p>\n<p class=\"_paragraph_1bvmi_4 _paragraph_xtcu6_10 layout-component text-serif-m layout-normal text-serif-m layout-padded\"><strong class=\"_strong_1bvmi_25\">Dertte er KrFs store familiepakke:<\/strong><\/p>\n<p>1. Den \u00f8konomiske pakkenFlere barn, mindre skatt<\/p>\n<p class=\"_paragraph_1bvmi_4 _paragraph_xtcu6_10 _paragraph_16v91_10 layout-component text-serif-m layout-normal text-sans-m layout-padded\" itemprop=\"text\">For det f\u00f8rste og andre barnet, vil KrF gi 50.000 kroner i skattefradrag per barn. Fra det tredje barnet, vil KrF gi 100.000 kroner i skattefradrag per barn. S\u00e5 dersom du f\u00e5r fire barn, ser regnestykket slik ut:<\/p>\n<p class=\"_paragraph_1bvmi_4 _paragraph_xtcu6_10 _paragraph_16v91_10 layout-component text-serif-m layout-normal text-sans-m layout-padded\" itemprop=\"text\">50.000 + 50.000 + 100.000 + 100.000 = 300.000 kroner i skattefradrag.<\/p>\n<p class=\"_paragraph_1bvmi_4 _paragraph_xtcu6_10 _paragraph_16v91_10 layout-component text-serif-m layout-normal text-sans-m layout-padded\" itemprop=\"text\">Skattefradraget trekkes fra din skattbare inntekt, p\u00e5 samme m\u00e5te som rentefradragetrentefradragetFradraget gir en lavere nettoinntekt, og dermed lavere skatt. . Det betyr at familier med ett barn ikke f\u00e5r 50.000 rett i lommen, men se slik ut:<\/p>\n<ul class=\"_list_1bvmi_3 _list_xtcu6_9 _list_16v91_9 _unordered_1bvmi_99 layout-component text-serif-m layout-normal text-sans-m layout-padded\" itemprop=\"text\">\n<li class=\"_item_1bvmi_30\"><strong class=\"_strong_1bvmi_25\">Ett barn = 11.000 kroner.<\/strong><\/li>\n<li class=\"_item_1bvmi_30\"><strong class=\"_strong_1bvmi_25\">To barn = 22.000 kroner.<\/strong><\/li>\n<li class=\"_item_1bvmi_30\"><strong class=\"_strong_1bvmi_25\">Tre barn = 44.000 kroner.<\/strong><\/li>\n<li class=\"_item_1bvmi_30\"><strong class=\"_strong_1bvmi_25\">Fire barn = 66.000 kroner.<\/strong><\/li>\n<\/ul>\n<p>H\u00f8yere barnetrygd<\/p>\n<p class=\"_paragraph_1bvmi_4 _paragraph_xtcu6_10 _paragraph_16v91_10 layout-component text-serif-m layout-normal text-sans-m layout-padded\" itemprop=\"text\">KrF vil \u00f8ke barnetrygden fra dagens 1968 kroner til 2500 kroner per m\u00e5ned. Det tilsvarer <strong class=\"_strong_1bvmi_25\">6384 kroner mer per barn i \u00e5ret. <\/strong><\/p>\n<p>Rett til foreldrepenger <\/p>\n<p class=\"_paragraph_1bvmi_4 _paragraph_xtcu6_10 _paragraph_16v91_10 layout-component text-serif-m layout-normal text-sans-m layout-padded\" itemprop=\"text\">KrF vil fjerne engangsst\u00f8naden p\u00e5 90.000 kroner som gis til foreldre som ikke har hatt h\u00f8y nok inntekt eller har v\u00e6rt i jobb lenge nok. ikke har hatt h\u00f8y nok inntekt eller har v\u00e6rt i jobb lenge nok. Du m\u00e5 ha hatt pensjonsgivende inntekt i minst 6 av de siste 10 m\u00e5nedene og \u00e5rsinntekten din m\u00e5 tilsvare minst 0,5 G (65.080 kroner) for \u00e5 ha rett til foreldrepenger.I stedet vil KrF gi foreldrepenger til alle p\u00e5 et minsteniv\u00e5 p\u00e5 3G <strong class=\"_strong_1bvmi_25\">(ca. 390 000 kr).<\/strong> <\/p>\n<p class=\"_paragraph_1bvmi_4 _paragraph_xtcu6_10 _paragraph_16v91_10 layout-component text-serif-m layout-normal text-sans-m layout-padded\" itemprop=\"text\">Foreldre skal ogs\u00e5 f\u00e5 beholde retten til foreldrepenger fra forrige barn n\u00e5r det er mindre enn to \u00e5r mellom f\u00f8dslene.<\/p>\n<p>2. St\u00f8rre valgfrihetLengre permisjon \u2013 slutt p\u00e5 tredelt<\/p>\n<p class=\"_paragraph_1bvmi_4 _paragraph_xtcu6_10 _paragraph_16v91_10 layout-component text-serif-m layout-normal text-sans-m layout-padded\" itemprop=\"text\">KrF vil forlenge foreldrepermisjonen \u2013 fra dagens 4949Med 100 prosent l\u00f8nn. til 53 uker eller 6161Med 80 prosent l\u00f8nn. til 66 uker. <\/p>\n<p class=\"_paragraph_1bvmi_4 _paragraph_xtcu6_10 _paragraph_16v91_10 layout-component text-serif-m layout-normal text-sans-m layout-padded\" itemprop=\"text\">Partiet vil ogs\u00e5 la foreldrene bestemme hvordan permisjonen skal fordeles dem imellom, og fjerne tredelingen med mamma-, pappa- og fellespermisjon. I praksis kan \u00e9n av foreldrene ta all permisjonen.<\/p>\n<p>Barnehage til ett\u00e5ringer<\/p>\n<p class=\"_paragraph_1bvmi_4 _paragraph_xtcu6_10 _paragraph_16v91_10 layout-component text-serif-m layout-normal text-sans-m layout-padded\" itemprop=\"text\">Barn som er f\u00f8dt i januar har ikke rett p\u00e5 barnehageplass f\u00f8r august \u00e5ret de fyller ett \u00e5r. Mange foreldre m\u00e5 derfor ta ul\u00f8nnet permisjon for \u00e5 f\u00e5 kabalen til \u00e5 g\u00e5 opp. <\/p>\n<p class=\"_paragraph_1bvmi_4 _paragraph_xtcu6_10 _paragraph_16v91_10 layout-component text-serif-m layout-normal text-sans-m layout-padded\" itemprop=\"text\">KrF vil lovfeste retten til barnehageplass for alle ett\u00e5ringer uavhengig av n\u00e5r p\u00e5 \u00e5ret de er f\u00f8dt og lovfeste retten til tre dager fri for tilvenning i barnehagen.<\/p>\n<p>Betalt for redusert stilling<\/p>\n<p class=\"_paragraph_1bvmi_4 _paragraph_xtcu6_10 _paragraph_16v91_10 layout-component text-serif-m layout-normal text-sans-m layout-padded\" itemprop=\"text\">KrF vil gi \u00e9n av foreldrene med barn under tre \u00e5r rett til \u00e5 redusere sin stilling til 80 prosent \u2013 med statlig kompensasjon. Det er per n\u00e5 ikke foresl\u00e5tt et tak p\u00e5 kompensasjonen.<\/p>\n<p class=\"_paragraph_1bvmi_4 _paragraph_xtcu6_10 layout-component text-serif-m layout-normal text-serif-m layout-padded\"><strong class=\"_strong_1bvmi_25\">S\u00e5, hvor mye penger f\u00e5r barnefamilier faktisk i kroner og \u00f8re per \u00e5r?<\/strong><\/p>\n<p class=\"_paragraph_1bvmi_4 _paragraph_xtcu6_10 layout-component text-serif-m layout-normal text-serif-m layout-padded\">Vi tar utgangspunkt i familie med tre barn der b\u00e5de mor og far er i full jobb med gjennomsnittlig inntekt. Med tre barn mellom 1\u201313 \u00e5r, vil familien f\u00e5 44.000 kroner i skattelette per \u00e5r, i tillegg til 90.000 i barnetrygd. <\/p>\n<p class=\"_paragraph_1bvmi_4 _paragraph_xtcu6_10 layout-component text-serif-m layout-normal text-serif-m layout-padded\"><strong class=\"_strong_1bvmi_25\">Det tilsvarer 63.152 kroner mer i \u00e5ret \u2013 eller 5263 kroner mer i m\u00e5neden.<\/strong><\/p>\n<p>\u2013 En investering<\/p>\n<p class=\"_paragraph_1bvmi_4 _paragraph_xtcu6_10 layout-component text-serif-m layout-normal text-serif-m layout-padded\">KrF st\u00f8tter en borgerlig regjering med H\u00f8yre, Frp og Venstre i regjering.<\/p>\n<p class=\"_paragraph_1bvmi_4 _paragraph_xtcu6_10 layout-component text-serif-m layout-normal text-serif-m layout-padded\">\u2013 Men familiepolitikken deres skiller seg ganske fra disse partiene. Hvordan skal dere f\u00e5 gjennomslag?<\/p>\n<p class=\"_paragraph_1bvmi_4 _paragraph_xtcu6_10 layout-component text-serif-m layout-normal text-serif-m layout-padded\">\u2013 Vi kommer aldri til \u00e5 gi oss p\u00e5 det her, lover Ulstein.<\/p>\n<p class=\"_paragraph_1bvmi_4 _paragraph_xtcu6_10 layout-component text-serif-m layout-normal text-serif-m layout-padded\">\u2013 S\u00e5 hvis det st\u00e5r mellom familiepakken og formuesskatten &#8230;<\/p>\n<p class=\"_paragraph_1bvmi_4 _paragraph_xtcu6_10 layout-component text-serif-m layout-normal text-serif-m layout-padded\">\u2013 Det henger sammen. Fordi vi m\u00e5 skape de verdiene for at vi skal holde det velferdssamfunnet og de godene oppe. S\u00e5 for meg s\u00e5 er det litt som to sider av samme sak, sier han.<\/p>\n<p>Dette koster hvert forslag<\/p>\n<ul class=\"_list_1bvmi_3 _list_xtcu6_9 _list_16v91_9 _unordered_1bvmi_99 layout-component text-serif-m layout-normal text-sans-m layout-padded\">\n<li class=\"_item_1bvmi_30\">Skattelette:<strong class=\"_strong_1bvmi_25\"> 4,7 mrd. kroner<\/strong><\/li>\n<li class=\"_item_1bvmi_30\">Kompensasjon for 80 prosent stilling:<strong class=\"_strong_1bvmi_25\"> 1\u20135 mrd. kroner <\/strong>(avhengig av hvor mange foreldre som velger denne pakken<\/li>\n<li class=\"_item_1bvmi_30\">Fjerne engangsst\u00f8nad og innf\u00f8re minsteniv\u00e5 p\u00e5 foreldrepenger p\u00e5 3G<strong class=\"_strong_1bvmi_25\"> <\/strong>til alle: <strong class=\"_strong_1bvmi_25\">2,5 mrd. kroner<\/strong><\/li>\n<li class=\"_item_1bvmi_30\">\u00d8ke barnetrygden til 2500 i m\u00e5neden: <strong class=\"_strong_1bvmi_25\">7 mrd. kroner<\/strong><\/li>\n<li class=\"_item_1bvmi_30\">Barnehageplass til alle over ett \u00e5r: <strong class=\"_strong_1bvmi_25\">2 mrd. kroner<\/strong><\/li>\n<li class=\"_item_1bvmi_30\">Utvide foreldrepermisjonen med fire uker: <strong class=\"_strong_1bvmi_25\">2 mrd. kroner<\/strong><\/li>\n<\/ul>\n<p class=\"_paragraph_1bvmi_4 _paragraph_xtcu6_10 _paragraph_16v91_10 layout-component text-serif-m layout-normal text-sans-m layout-padded\">Samtidig viser KrFs modeller at \u00e5 innf\u00f8re fri fordeling av foreldrepermisjonen vil s<strong class=\"_strong_1bvmi_25\">pare 343 millioner kroner <\/strong>\u2013 gitt at fedrene tar ut 1\/3 av permisjonen.<\/p>\n<p>Vis mer<\/p>\n<p class=\"_paragraph_1bvmi_4 _paragraph_xtcu6_10 layout-component text-serif-m layout-normal text-serif-m layout-padded\">\u2013 Det blir dyrt?<\/p>\n<p class=\"_paragraph_1bvmi_4 _paragraph_xtcu6_10 layout-component text-serif-m layout-normal text-serif-m layout-padded\">\u2013 Ja, men alternativet er verre. Ved \u00e5 ikke investere i familien ser vi symptomer som ikke er rimelige, vi l\u00f8per etter og plastrer opp p\u00e5 symptomer, sier Ulstein.<\/p>\n<p class=\"_paragraph_1bvmi_4 _paragraph_xtcu6_10 layout-component text-serif-m layout-normal text-serif-m layout-padded\">Han l\u00f8fter frem barnefattigdom, psykiske helseproblemer og ungdomskriminalitet som ikke bare sosiale problemer, men ogs\u00e5 store kostnader for samfunnet.<\/p>\n<p class=\"_paragraph_1bvmi_4 _paragraph_xtcu6_10 layout-component text-serif-m layout-normal text-serif-m layout-padded\">\u2013 En god oppvekst er en investering for samfunnet. Den tar du med deg resten av livet, sier han.<\/p>\n<p><img alt=\"Familiepolitikken er valgets viktigste kampsak for KrF.  Foto: Gisle Oddstad \/ VG\" class=\"_image_qp4xg_65 layout-component layout-normal\" data-fullscreen- data-track-element-type=\"Article image fullscreen\" data-track-name=\"ImageFullscreen\" decoding=\"async\" loading=\"lazy\" height=\"5464\" itemprop=\"image\"  src=\"https:\/\/www.europesays.com\/no\/wp-content\/uploads\/2025\/08\/a9aadf7d-5d89-4512-aa97-2b2fd80b65e7\"  style=\"object-position:0% 0%\" width=\"8192\"\/>Familiepolitikken er valgets viktigste kampsak for KrF.  Foto: Gisle Oddstad \/ VG<\/p>\n<p class=\"_paragraph_1bvmi_4 _paragraph_xtcu6_10 layout-component text-serif-m layout-normal text-serif-m layout-padded\">\u2013 Hvor skal pengene hentes fra hvis dere f\u00e5r gjennomslag for hele pakken?<\/p>\n<p class=\"_paragraph_1bvmi_4 _paragraph_xtcu6_10 layout-component text-serif-m layout-normal text-serif-m layout-padded\">\u2013 Vi har gjort dette i v\u00e5rt alternative budsjett. Vi har lavest oljepengebruk, men likevel prioritert familie, sier Ulstein.<\/p>\n<p class=\"_paragraph_1bvmi_4 _paragraph_xtcu6_10 layout-component text-serif-m layout-normal text-serif-m layout-padded\">Han peker p\u00e5 at det er betydelige bel\u00f8p \u00e5 spare i effektivisering av det offentlige. <\/p>\n<p class=\"_paragraph_1bvmi_4 _paragraph_xtcu6_10 layout-component text-serif-m layout-normal text-serif-m layout-padded\">\u2013 Men hva prioriteres bort for \u00e5 hente penger til familiepakken?<\/p>\n<p class=\"_paragraph_1bvmi_4 _paragraph_xtcu6_10 layout-component text-serif-m layout-normal text-serif-m layout-padded\">\u2013 Vi har i v\u00e5rt budsjett for eksempel fjernet subsidier til havvind og kutt i elbilfordeler. Bare i et tiltak som elbilfordeler ligger det 49 milliarder kroner, sier Ulstein og fortsetter: <\/p>\n<p class=\"_paragraph_1bvmi_4 _paragraph_xtcu6_10 layout-component text-serif-m layout-normal text-serif-m layout-padded\"><strong class=\"_strong_1bvmi_25\">\u2013 Hvis du virkelig mener det her er viktig, s\u00e5 f\u00e5r du det til i et s\u00e5 stort budsjett. <\/strong><\/p>\n","protected":false},"excerpt":{"rendered":"\u2013 Det er f\u00e5 ting jeg vil stille ultimatum om, men dette er det aller viktigste, sier KrF-leder&hellip;\n","protected":false},"author":2,"featured_media":18829,"comment_status":"","ping_status":"","sticky":false,"template":"","format":"standard","meta":{"footnotes":""},"categories":[10],"tags":[3303,20,21,2012,3304,24,25,15,22,23,13,30,28,29,14,16,3302,2318,199,26,27],"class_list":{"0":"post-18828","1":"post","2":"type-post","3":"status-publish","4":"format-standard","5":"has-post-thumbnail","7":"category-norge","8":"tag-barnetrygd","9":"tag-breaking-news","10":"tag-breakingnews","11":"tag-dag-inge-ulstein","12":"tag-familiepolitikk","13":"tag-featured-news","14":"tag-featurednews","15":"tag-headlines","16":"tag-latest-news","17":"tag-latestnews","18":"tag-news","19":"tag-no","20":"tag-norge","21":"tag-norway","22":"tag-nyheter","23":"tag-overskrifter","24":"tag-skattefradrag","25":"tag-smabarnsliv","26":"tag-stortingsvalg","27":"tag-top-stories","28":"tag-topstories"},"share_on_mastodon":{"url":"","error":""},"_links":{"self":[{"href":"https:\/\/www.europesays.com\/no\/wp-json\/wp\/v2\/posts\/18828","targetHints":{"allow":["GET"]}}],"collection":[{"href":"https:\/\/www.europesays.com\/no\/wp-json\/wp\/v2\/posts"}],"about":[{"href":"https:\/\/www.europesays.com\/no\/wp-json\/wp\/v2\/types\/post"}],"author":[{"embeddable":true,"href":"https:\/\/www.europesays.com\/no\/wp-json\/wp\/v2\/users\/2"}],"replies":[{"embeddable":true,"href":"https:\/\/www.europesays.com\/no\/wp-json\/wp\/v2\/comments?post=18828"}],"version-history":[{"count":0,"href":"https:\/\/www.europesays.com\/no\/wp-json\/wp\/v2\/posts\/18828\/revisions"}],"wp:featuredmedia":[{"embeddable":true,"href":"https:\/\/www.europesays.com\/no\/wp-json\/wp\/v2\/media\/18829"}],"wp:attachment":[{"href":"https:\/\/www.europesays.com\/no\/wp-json\/wp\/v2\/media?parent=18828"}],"wp:term":[{"taxonomy":"category","embeddable":true,"href":"https:\/\/www.europesays.com\/no\/wp-json\/wp\/v2\/categories?post=18828"},{"taxonomy":"post_tag","embeddable":true,"href":"https:\/\/www.europesays.com\/no\/wp-json\/wp\/v2\/tags?post=18828"}],"curies":[{"name":"wp","href":"https:\/\/api.w.org\/{rel}","templated":true}]}}