{"id":188618,"date":"2026-03-16T05:58:09","date_gmt":"2026-03-16T05:58:09","guid":{"rendered":"https:\/\/www.europesays.com\/no\/188618\/"},"modified":"2026-03-16T05:58:09","modified_gmt":"2026-03-16T05:58:09","slug":"kvenfolkets-dag-tromso-kvenfolkets-dag-det-skal-vaere-kult-a-vaere-kven","status":"publish","type":"post","link":"https:\/\/www.europesays.com\/no\/188618\/","title":{"rendered":"Kvenfolkets dag, Troms\u00f8 | Kvenfolkets dag: \u2013 Det skal v\u00e6re kult \u00e5 v\u00e6re kven"},"content":{"rendered":"\n<p>Mandag 16. mars er det kvenfolkets dag!<\/p>\n<p>\u2013 Det skal v\u00e6re kult \u00e5 v\u00e6re kven! sier Rebecka Ekeland, leder i Kv\u00e4\u00e4ninuoret \u2013 Kvenungdommen.<\/p>\n<p>Vil samle unge kvener i Troms\u00f8<\/p>\n<p>Ekeland forteller at det kvenske milj\u00f8et i Troms\u00f8 er i stadig vekst, og at det derfor er viktig med arrangementer som appellerer til unge kvener.<\/p>\n<p>Mandag arrangerer Kv\u00e4\u00e4ninuoret \u2013 Kvenungdommen, Nuoret Kv\u00e4\u00e4nit Tromssassa \u2013 Unge kvener i Troms\u00f8, i samarbeid med True North 2026, en feiring av kvenfolkets dag i Troms\u00f8.<\/p>\n<p>\u2013 Vi har planlagt en feiring spesielt for unge kvener. Det blir gratis middag, der vi pr\u00f8ver oss p\u00e5 tradisjonell kvensk mat. I tillegg blir det quiz og konsert med Malabarisk, forteller Ekeland.<\/p>\n<p>Hun understreker at slike arrangementer er viktige for synlighet og samhold i milj\u00f8et.<\/p>\n<p>\u2013 Unge kvener fortjener arenaer der de kan feire seg selv, l\u00e6re mer om sin egen kultur og sitt eget spr\u00e5k, og m\u00f8te andre unge kvener. Feiring og fellesskap er ogs\u00e5 viktige byggesteiner i arbeidet med \u00e5 ivareta og ta tilbake egen kultur.<\/p>\n<p>Stor aktivitet i hele Nord-Norge<\/p>\n<p>Leder i Norske kveners forbund, Kristin Mellem, er ogs\u00e5 engasjert i markeringen av kvenfolkets dag.<\/p>\n<p>\u2013 Man blir glad av \u00e5 se at det er s\u00e5 omfattende aktivitet i s\u00e5 mange kommuner, sier hun. S\u00e6rlig i Nord-Troms-kommunene er det mye som skjer, men ogs\u00e5 i Troms\u00f8. Det er ikke s\u00e5 rart.<\/p>\n<p>\u2013 Det er jo Norges st\u00f8rste kvenby.<\/p>\n<p>Samtidig er hun begeistret over utviklingen i andre nordnorske kommuner.<\/p>\n<p>\u2013 Det er aktivitet b\u00e5de i S\u00f8rreisa, Dyr\u00f8y og Lavangen. Det synes jeg er veldig stas.<\/p>\n<p>Mellem tror markeringen betyr mye for folk i regionen.<\/p>\n<p>\u2013 Man f\u00e5r en anerkjennelse for familiehistorien man har sittet p\u00e5, og som mange kanskje ikke har snakket s\u00e5 h\u00f8yt om.<\/p>\n<p>Hun ramser ogs\u00e5 opp arrangementer blant annet p\u00e5 Skjerv\u00f8y, Finnsnes og Bardufoss.<\/p>\n<p><a href=\"http:\/\/services-acp.api.no\/api\/acpece5\/v1\/document\/5-34-2299166\" id=\"_78616cb4-51ef-41ba-a7a9-a1a938e9d128\" target=\"_self\" rel=\"nofollow noopener\">Kvener<\/a><\/p>\n<p>Markeres ogs\u00e5 i kirkene<\/p>\n<p>Mellem forteller at dagen ogs\u00e5 markeres i mange kirker.<\/p>\n<p>\u2013 Det er en sterk kobling mellom det kvenske og det kirkelige. Det er ogs\u00e5 en del av kulturarven, forklarer hun.<\/p>\n<p>Hun sier at mange m\u00f8ter opp p\u00e5 kvenske gudstjenester, hvor man gjerne bruker Kvensk salmehefte, med b\u00e5de kvensk og norsk tekst.<\/p>\n<p>&#8211; \u200eDe gamle kvenske salmene har f\u00e5tt en renessanse i dag.<\/p>\n<p>Det er bevegelse, og det betyr liv<\/p>\n<p>Mellem er glad for oppblomstringen i det kvenske milj\u00f8et, og at kvenforeningen st\u00e5r sterkt i hele landet.<\/p>\n<p>\u2013 Nye kommer til. At det er bevegelse, tyder p\u00e5 liv.<\/p>\n<p>Hun forteller at mange \u00f8nsker \u00e5 bidra i arbeidet, og at det er omfattende program ogs\u00e5 i Finnmark og de s\u00f8rnorske byer.<\/p>\n<p>\u2013 Det er stas.<\/p>\n<p>P\u00e5 mandag skal det flagges over hele landet.<\/p>\n<p>\u2013 Det blir hundrevis av kvenflagg som vaier i vinden.<\/p>\n<p>Flere kvener enn man f\u00f8r har trodd<\/p>\n<p>Mellem viser ogs\u00e5 til nyere forskning p\u00e5 kvensk befolkning, blant annet gjort av Lill Karin Elvestad ved UiT.<\/p>\n<p>\u2013 Hun har g\u00e5tt gjennom folketellinger, der kategorier tidligere har blitt sl\u00e5tt sammen slik at befolkningen fremst\u00e5r mer norsk enn den faktisk var.<\/p>\n<p>If\u00f8lge Mellem viser den nye forskningen et mer riktig bilde.<\/p>\n<p>\u2013 Det er langt flere kvener enn det man tidligere kunne lese ut av folketellingene. Dette gjelder blant annet i Balsfjord og Malangen, og man m\u00e5 regne med at det er slik flere steder ogs\u00e5.<\/p>\n","protected":false},"excerpt":{"rendered":"Mandag 16. mars er det kvenfolkets dag! \u2013 Det skal v\u00e6re kult \u00e5 v\u00e6re kven! sier Rebecka Ekeland,&hellip;\n","protected":false},"author":2,"featured_media":188619,"comment_status":"","ping_status":"","sticky":false,"template":"","format":"standard","meta":{"footnotes":"","_share_on_mastodon":"0"},"categories":[10],"tags":[36,20,21,24,25,5760,15,18919,22,23,13,30,28,29,14,16,1510,26,27,263],"class_list":["post-188618","post","type-post","status-publish","format-standard","has-post-thumbnail","category-norge","tag-art","tag-breaking-news","tag-breakingnews","tag-featured-news","tag-featurednews","tag-feiring","tag-headlines","tag-kvenfolkets-dag","tag-latest-news","tag-latestnews","tag-news","tag-no","tag-norge","tag-norway","tag-nyheter","tag-overskrifter","tag-story","tag-top-stories","tag-topstories","tag-tromso"],"share_on_mastodon":{"url":"https:\/\/pubeurope.com\/@no\/116237323765230943","error":""},"_links":{"self":[{"href":"https:\/\/www.europesays.com\/no\/wp-json\/wp\/v2\/posts\/188618","targetHints":{"allow":["GET"]}}],"collection":[{"href":"https:\/\/www.europesays.com\/no\/wp-json\/wp\/v2\/posts"}],"about":[{"href":"https:\/\/www.europesays.com\/no\/wp-json\/wp\/v2\/types\/post"}],"author":[{"embeddable":true,"href":"https:\/\/www.europesays.com\/no\/wp-json\/wp\/v2\/users\/2"}],"replies":[{"embeddable":true,"href":"https:\/\/www.europesays.com\/no\/wp-json\/wp\/v2\/comments?post=188618"}],"version-history":[{"count":0,"href":"https:\/\/www.europesays.com\/no\/wp-json\/wp\/v2\/posts\/188618\/revisions"}],"wp:featuredmedia":[{"embeddable":true,"href":"https:\/\/www.europesays.com\/no\/wp-json\/wp\/v2\/media\/188619"}],"wp:attachment":[{"href":"https:\/\/www.europesays.com\/no\/wp-json\/wp\/v2\/media?parent=188618"}],"wp:term":[{"taxonomy":"category","embeddable":true,"href":"https:\/\/www.europesays.com\/no\/wp-json\/wp\/v2\/categories?post=188618"},{"taxonomy":"post_tag","embeddable":true,"href":"https:\/\/www.europesays.com\/no\/wp-json\/wp\/v2\/tags?post=188618"}],"curies":[{"name":"wp","href":"https:\/\/api.w.org\/{rel}","templated":true}]}}