{"id":188944,"date":"2026-03-16T13:22:13","date_gmt":"2026-03-16T13:22:13","guid":{"rendered":"https:\/\/www.europesays.com\/no\/188944\/"},"modified":"2026-03-16T13:22:13","modified_gmt":"2026-03-16T13:22:13","slug":"tror-norges-bank-hever-renten-i-juni-e24","status":"publish","type":"post","link":"https:\/\/www.europesays.com\/no\/188944\/","title":{"rendered":"Tror Norges Bank hever renten i juni \u2013 E24"},"content":{"rendered":"\n<p class=\"_paragraph_iz5h7_4 _paragraph_7bede_27 layout-component layout-normal layout-padded body-medium\">Meglerhuset varslet tidligere i \u00e5r at de <a href=\"https:\/\/e24.no\/norsk-oekonomi\/i\/pBWQ6j\/dnb-carnegie-avblaaser-rentekutt-i-2026\" class=\"_link_iz5h7_43\" rel=\"nofollow noopener\" target=\"_blank\">ikke lenger tror p\u00e5 rentekutt<\/a> fra Norges Bank i \u00e5r, etter at prisveksten gjorde et byks.<\/p>\n<p class=\"_paragraph_iz5h7_4 _paragraph_7bede_27 layout-component layout-normal layout-padded body-medium\">N\u00e5 endrer Nordea Markets sin prognose p\u00e5 nytt, etter oljeprishoppet som f\u00f8lge av krigen i Midt\u00f8sten.<\/p>\n<p class=\"_paragraph_iz5h7_4 _paragraph_7bede_27 layout-component layout-normal layout-padded body-medium\">Norges Bank kommer til \u00e5 sette opp renten til 4,25 prosent i juni, venter meglerhuset.<\/p>\n<p><a class=\"_link_f1clr_14\" data-track-id=\"teaser:V6z4vJ\" data-track-impression=\"true\" data-track-name=\"Dette b\u00f8r du vite om skatt p\u00e5 krypto\" data-track-element-size=\"small\" data-track-element-type=\"Teaser\" data-track-image-url=\"https:\/\/www.europesays.com\/no\/wp-content\/uploads\/2026\/03\/1773667331_779_cfac7360-1393-46fa-9f55-71db62cf6926.png\" data-track-layout-name=\"image:right\" data-track-position-source=\"related-article\" href=\"https:\/\/e24.no\/boers-og-finans\/i\/V6z4vJ\/dette-boer-du-vite-om-skatt-paa-krypto\" rel=\"nofollow noopener\" target=\"_blank\"><img decoding=\"async\" alt=\"\" class=\"_image_f1clr_75\" height=\"1067\" loading=\"lazy\"  src=\"https:\/\/www.europesays.com\/no\/wp-content\/uploads\/2026\/03\/1773667331_779_cfac7360-1393-46fa-9f55-71db62cf6926.png\"  width=\"1600\"\/><\/p>\n<p class=\"label-small _kicker_f1clr_86\">Les ogs\u00e5<\/p>\n<p>Dette b\u00f8r du vite om skatt p\u00e5 krypto<\/a><\/p>\n<p class=\"_paragraph_iz5h7_4 _paragraph_7bede_27 layout-component layout-normal layout-padded body-medium\">De tror ogs\u00e5 det er st\u00f8rre sjanse for at styringsrenten er 4,5 prosent innen slutten av \u00e5ret, alts\u00e5 enda en heving, enn at vi har dagens renteniv\u00e5 p\u00e5 4 prosent mot slutten av \u00e5ret.<\/p>\n<p class=\"_paragraph_iz5h7_4 _paragraph_7bede_27 layout-component layout-normal layout-padded body-medium\">Meglerhuset har lenge v\u00e6rt blant ekspertene som har hatt minst tro p\u00e5 rentekutt i Norge.<\/p>\n<p>Prisvekst-tr\u00f8bbel<\/p>\n<p class=\"_paragraph_iz5h7_4 _paragraph_7bede_27 layout-component layout-normal layout-padded body-medium\">Krigen i Midt\u00f8sten kommer p\u00e5 toppen av et allerede tr\u00f8blete bilde for Norges Bank n\u00e5r det kommer til prisveksten, mener Nordea-\u00f8konomene.<\/p>\n<p class=\"_paragraph_iz5h7_4 _paragraph_7bede_27 layout-component layout-normal layout-padded body-medium\">\u2013 Inflasjonen er mye h\u00f8yere enn Norges Bank har antatt og energiprissjokket \u00f8ker inflasjonsbyrden ytterligere, skriver sjef\u00f8konom Kjetil Olsen og seniorstrateg Sara Midtgaard i en oppdatering.<\/p>\n<p class=\"_paragraph_iz5h7_4 _paragraph_7bede_27 layout-component layout-normal layout-padded body-medium\">Prisveksten i Norge bykset i januar. Selv om den roet seg noe i februar, er den fortsatt godt over det sentralbanken hadde trodd.<\/p>\n<p><img alt=\"Seniorstrateg Sara Midtgaard, sammen med sjef\u00f8konom Kjetil Olsen.\" class=\"_image_1spwq_90 layout-component layout-normal\" data-fullscreen- data-track-element-type=\"Article image fullscreen\" data-track-name=\"ImageFullscreen\" decoding=\"async\" loading=\"lazy\" height=\"5812\" itemprop=\"image\"  src=\"https:\/\/www.europesays.com\/no\/wp-content\/uploads\/2026\/03\/c1803a7d-8d4b-4f56-855d-4ff63ca1be46.jpeg\"  style=\"object-position:0% 0%\" width=\"9018\"\/>Seniorstrateg Sara Midtgaard, sammen med sjef\u00f8konom Kjetil Olsen. Foto: Ole Berg-Rusten \/ NTBVis mer<\/p>\n<p class=\"_paragraph_iz5h7_4 _paragraph_7bede_27 layout-component layout-normal layout-padded body-medium\">KjerneinflasjonenKjerneinflasjonen ser bort fra energipriser, som kan svinge en del, og avgiftsendringer. Det er denne Norges Bank er mest opptatt av n\u00e5r de vurderer prisveksten., som Norges Bank er mest opptatt av, l\u00e5 p\u00e5 <a href=\"https:\/\/e24.no\/norsk-oekonomi\/i\/OkoQ93\/prisveksten-falt-til-2-7-prosent-i-februar\" class=\"_link_iz5h7_43\" rel=\"nofollow noopener\" target=\"_blank\">3 prosent i februar<\/a>. Sentralbankens sp\u00e5dom f\u00f8r jul var 2,6 prosent. Neste uke kommer Norges Bank b\u00e5de med rentebeslutning og nye anslag.<\/p>\n<p class=\"_paragraph_iz5h7_4 _paragraph_7bede_27 layout-component layout-normal layout-padded body-medium\">I tillegg til at inflasjonen har vist \u00abnull fremgang mot m\u00e5let om to prosent de siste to \u00e5rene\u00bb, p\u00e5peker Nordea-\u00f8konomene at arbeidsledigheten er lav og har falt de siste m\u00e5nedene.<\/p>\n<p>Oljehopp<\/p>\n<p class=\"_paragraph_iz5h7_4 _paragraph_7bede_27 layout-component layout-normal layout-padded body-medium\">Inflasjonshoppet kom f\u00f8r USA og Israel angrep Iran for to uker siden.<\/p>\n<p class=\"_paragraph_iz5h7_4 _paragraph_7bede_27 layout-component layout-normal layout-padded body-medium\">Krigen i Midt\u00f8sten har sendt oljeprisen kraftig opp. Konflikten hindrer at store mengder olje og gass kan fraktes ut gjennom det viktige Hormuzstredet s\u00f8r for Iran.<\/p>\n<p class=\"_paragraph_iz5h7_4 _paragraph_7bede_27 layout-component layout-normal layout-padded body-medium\">Oljeprisen (brent spot) har ligget i overkant av 100 dollar fatet de siste dagene. Det er en \u00f8kning p\u00e5 rundt 50 prosent den siste m\u00e5neden. Gassprisen har ogs\u00e5 steget kraftig.<\/p>\n<p class=\"_paragraph_iz5h7_4 _paragraph_7bede_27 layout-component layout-normal layout-padded body-medium\">\u2013 Mye h\u00f8yere energipriser vil \u00f8ke kostnadene for bedrifter b\u00e5de utenlands og hjemme, og gi ytterligere press oppover for kjerneinflasjonen, skriver Olsen og Midtgaard.<\/p>\n<p><img alt=\"Det har v\u00e6rt angrep fra USA og Israel mot Iran i mer enn to uker, og Iran har svart med angrep mot Israel og flere land i Midt\u00f8sten der USA har milit\u00e6rbaser. Den viktige oljehavnen i Fujairah i Emiratene skal ha blitt truffet b\u00e5de i helgen og mandag.\" class=\"_image_1spwq_90 layout-component layout-normal\" data-fullscreen- data-track-element-type=\"Article image fullscreen\" data-track-name=\"ImageFullscreen\" decoding=\"async\" loading=\"lazy\" height=\"4000\" itemprop=\"image\"  src=\"https:\/\/www.europesays.com\/no\/wp-content\/uploads\/2026\/03\/b2c0bb6b-34e0-4286-9085-bd2084aba26b.jpeg\"  style=\"object-position:0% 0%\" width=\"6000\"\/>Det har v\u00e6rt angrep fra USA og Israel mot Iran i mer enn to uker, og Iran har svart med angrep mot Israel og flere land i Midt\u00f8sten der USA har milit\u00e6rbaser. Den viktige oljehavnen i Fujairah i Emiratene skal ha blitt truffet b\u00e5de i helgen og mandag. Foto: Altaf Qadri \/ AP \/ NTBVis mer<\/p>\n<p class=\"_paragraph_iz5h7_4 _paragraph_7bede_27 layout-component layout-normal layout-padded body-medium\">H\u00f8yere prisvekst peker isolert sett mot h\u00f8yere rente. Svakere \u00f8konomisk utvikling kan samtidig trekke motsatt vei.<\/p>\n<p class=\"_paragraph_iz5h7_4 _paragraph_7bede_27 layout-component layout-normal layout-padded body-medium\">Nordea Markets p\u00e5peker at st\u00f8tteordningen med Norgespris p\u00e5 str\u00f8m sk\u00e5ner norske husholdninger for gassprishoppet, som igjen p\u00e5virker str\u00f8mprisene. Dermed rammes folks kj\u00f8pekraft mindre enn i mange europeiske land. H\u00f8yere olje- og gasspriser kan ogs\u00e5 stimulere norsk \u00f8konomi, p\u00e5 grunn av den store oljesektoren her til lands.<\/p>\n<p class=\"_paragraph_iz5h7_4 _paragraph_7bede_27 layout-component layout-normal layout-padded body-medium\">\u2013 De negative effektene for norsk \u00f8konomi er derfor relativt sm\u00e5, og i stor grad kun indirekte gjennom lavere vekst utenlands.<\/p>\n<p>\u2013 Vil v\u00e6re en snuoperasjon<\/p>\n<p class=\"_paragraph_iz5h7_4 _paragraph_7bede_27 layout-component layout-normal layout-padded body-medium\">Sjef\u00f8konom Kjersti Haugland i DNB Carnegie forventer uendret rente i \u00e5rene som kommer, og endrer ikke syn n\u00e5.<\/p>\n<p class=\"_paragraph_iz5h7_4 _paragraph_7bede_27 layout-component layout-normal layout-padded body-medium\">\u2013 Vi holder p\u00e5 v\u00e5rt syn om at det er mest sannsynlig med uendret rente p\u00e5 dette tidspunktet. Det handler delvis om at Norges Bank nok fortsatt ser p\u00e5 dagens renteniv\u00e5 som innstrammende, sier Haugland til E24.<\/p>\n<p><img alt=\"Kjersti Haugland i DNB Carnegie.\" class=\"_image_1spwq_90 layout-component layout-normal\" data-fullscreen- data-track-element-type=\"Article image fullscreen\" data-track-name=\"ImageFullscreen\" decoding=\"async\" loading=\"lazy\" height=\"6336\" itemprop=\"image\"  src=\"https:\/\/www.europesays.com\/no\/wp-content\/uploads\/2026\/03\/42bb30cb-46f6-4824-bab4-ac708f870731.jpeg\"  style=\"object-position:0% 0%\" width=\"9504\"\/>Kjersti Haugland i DNB Carnegie. Foto: Ole Berg-Rusten \/ NTBVis mer<\/p>\n<p class=\"_paragraph_iz5h7_4 _paragraph_7bede_27 layout-component layout-normal layout-padded body-medium\">\u2013 For dem \u00e5 skulle g\u00e5 fra et standpunkt om at det er passende \u00e5 kutte 1\u20132 ganger i \u00e5r og videre gradvis ned, til \u00e5 avlyse disse rentekuttene, vil v\u00e6re en snuoperasjon for Norges Bank, sier hun.<\/p>\n<p class=\"_paragraph_iz5h7_4 _paragraph_7bede_27 layout-component layout-normal layout-padded body-medium\">Hun er imidlertid enig i at utsiktene har endret seg.<\/p>\n<p class=\"_paragraph_iz5h7_4 _paragraph_7bede_27 layout-component layout-normal layout-padded body-medium\">\u2013 Det er like sannsynlig med en heving som et kutt n\u00e5. N\u00e5r inflasjonstallene og andre tall fra \u00f8konomien kommer inn, vil vi se hva Norges Bank ender med. Men vi er enige i at risikobildet har snudd og at risikoen for en heving har \u00f8kt, sier Haugland.<\/p>\n","protected":false},"excerpt":{"rendered":"Meglerhuset varslet tidligere i \u00e5r at de ikke lenger tror p\u00e5 rentekutt fra Norges Bank i \u00e5r, etter&hellip;\n","protected":false},"author":2,"featured_media":188945,"comment_status":"","ping_status":"","sticky":false,"template":"","format":"standard","meta":{"footnotes":"","_share_on_mastodon":"0"},"categories":[5],"tags":[20,21,24,25,15,19,22,23,17,18,13,30,8400,28,241,29,14,16,1795,26,27],"class_list":["post-188944","post","type-post","status-publish","format-standard","has-post-thumbnail","category-overskrifter","tag-breaking-news","tag-breakingnews","tag-featured-news","tag-featurednews","tag-headlines","tag-hovedoppslag","tag-latest-news","tag-latestnews","tag-main-news","tag-mainnews","tag-news","tag-no","tag-nordea-markets","tag-norge","tag-norges-bank","tag-norway","tag-nyheter","tag-overskrifter","tag-rente","tag-top-stories","tag-topstories"],"share_on_mastodon":{"url":"https:\/\/pubeurope.com\/@no\/116239069749094613","error":""},"_links":{"self":[{"href":"https:\/\/www.europesays.com\/no\/wp-json\/wp\/v2\/posts\/188944","targetHints":{"allow":["GET"]}}],"collection":[{"href":"https:\/\/www.europesays.com\/no\/wp-json\/wp\/v2\/posts"}],"about":[{"href":"https:\/\/www.europesays.com\/no\/wp-json\/wp\/v2\/types\/post"}],"author":[{"embeddable":true,"href":"https:\/\/www.europesays.com\/no\/wp-json\/wp\/v2\/users\/2"}],"replies":[{"embeddable":true,"href":"https:\/\/www.europesays.com\/no\/wp-json\/wp\/v2\/comments?post=188944"}],"version-history":[{"count":0,"href":"https:\/\/www.europesays.com\/no\/wp-json\/wp\/v2\/posts\/188944\/revisions"}],"wp:featuredmedia":[{"embeddable":true,"href":"https:\/\/www.europesays.com\/no\/wp-json\/wp\/v2\/media\/188945"}],"wp:attachment":[{"href":"https:\/\/www.europesays.com\/no\/wp-json\/wp\/v2\/media?parent=188944"}],"wp:term":[{"taxonomy":"category","embeddable":true,"href":"https:\/\/www.europesays.com\/no\/wp-json\/wp\/v2\/categories?post=188944"},{"taxonomy":"post_tag","embeddable":true,"href":"https:\/\/www.europesays.com\/no\/wp-json\/wp\/v2\/tags?post=188944"}],"curies":[{"name":"wp","href":"https:\/\/api.w.org\/{rel}","templated":true}]}}