{"id":189098,"date":"2026-03-16T17:18:10","date_gmt":"2026-03-16T17:18:10","guid":{"rendered":"https:\/\/www.europesays.com\/no\/189098\/"},"modified":"2026-03-16T17:18:10","modified_gmt":"2026-03-16T17:18:10","slug":"er-store-politikkens-egon-olsen","status":"publish","type":"post","link":"https:\/\/www.europesays.com\/no\/189098\/","title":{"rendered":"Er St\u00f8re politikkens Egon Olsen?"},"content":{"rendered":"\n<p class=\"_prefix_nfjwc_1 layout-padded\">Meninger<br \/>Kommentar<\/p>\n<p class=\"_lead_145nj_2 _lead_6fko5_53 layout-component text-serif-m layout-normal text-serif-l _lead_1k67c_21 layout-component layout-normal layout-padded layout-padded\">Politikkens Egon Olsen manglet bare skalken og sigaren da han talte til sine egne. <\/p>\n<p>Utdannet historiker. Skriver hovedsakelig om norsk og nordisk politikk, men ogs\u00e5 om litteratur, musikk, &laquo;snakkiser&raquo; og et og annet skr\u00e5blikk.   <\/p>\n<p><a href=\"https:\/\/www.vg.no\/nyheter\/i\/L4MX4Q\/mailto:hans.petter.sjoli@vg.no\" class=\"_button_6bkpv_2 button-label-large _filled_6bkpv_106 _button_1xhag_75\" rel=\"nofollow noopener\" target=\"_blank\">E-post<\/a><img alt=\" Foto: Tegning: Roar Hagen \/ VG\" class=\"_image_1kupn_65 layout-component layout-wide\" data-fullscreen- data-track-element-type=\"Article image fullscreen\" data-track-name=\"ImageFullscreen\" fetchpriority=\"high\" decoding=\"sync\" loading=\"eager\" height=\"2048\" itemprop=\"image\"  src=\"https:\/\/www.europesays.com\/no\/wp-content\/uploads\/2026\/03\/3709b13d-9b5e-4560-905b-ea480388d355.jpeg\"  style=\"object-position:0% 0%\" width=\"2732\"\/> Foto: Tegning: Roar Hagen \/ VGMandag 16. mars kl. 17:17     <\/p>\n<p class=\"_paragraph_145nj_4 _paragraph_6fko5_10 layout-component text-serif-m layout-normal text-serif-m layout-padded\">Kom ikke og si at statsminister <a href=\"https:\/\/www.vg.no\/tag\/jonas-gahr-stoere?utm_source=vg-article&amp;utm_medium=auto-tagger&amp;utm_campaign=L4MX4Q\" class=\"_link_145nj_39\" rel=\"nofollow noopener\" target=\"_blank\">Jonas Gahr St\u00f8re<\/a> mangler evnen til \u00e5 formulere saftige onelinere: <\/p>\n<p class=\"_paragraph_145nj_4 _paragraph_6fko5_10 layout-component text-serif-m layout-normal text-serif-m layout-padded\">\u00abRegjeringen har en plan; den heter Regjeringens plan for Norge.\u00bb<\/p>\n<p class=\"_paragraph_145nj_4 _paragraph_6fko5_10 layout-component text-serif-m layout-normal text-serif-m layout-padded\">Det l\u00f8d som et ekko av tidligere biskop Gunnar St\u00e5lsetts ber\u00f8mte <a href=\"https:\/\/www.virksommeord.no\/talar\/verdien-av-verdier\" class=\"_link_145nj_39\" rel=\"nofollow noopener\" target=\"_blank\">\u00abverdien av verdier\u00bb<\/a> \u2013 et utsagn visstnok ogs\u00e5 brukt av en annen ordakrobat, advokat Geir Lippestad. <\/p>\n<p class=\"_paragraph_145nj_4 _paragraph_6fko5_10 layout-component text-serif-m layout-normal text-serif-m layout-padded\">Den <a href=\"https:\/\/www.google.com\/search?q=jeg+har+en+plan&amp;rlz=1C1GCEA_enNO1203NO1204&amp;oq=jeg+har+en+plan&amp;gs_lcrp=EgZjaHJvbWUqCggAEAAY4wIYgAQyCggAEAAY4wIYgAQyBwgBEC4YgAQyBwgCEAAYgAQyBwgDEAAYgAQyCAgEEAAYFhgeMggIBRAAGBYYHjIICAYQABgWGB4yCAgHEAAYFhgeMggICBAAGBYYHtIBCDI3ODNqMGo3qAIAsAIA&amp;sourceid=chrome&amp;ie=UTF-8#fpstate=ive&amp;vld=cid:ec80ab88,vid:_Slo8Q8bN5Q,st:0\" class=\"_link_145nj_39\" rel=\"nofollow noopener\" target=\"_blank\">Egon Olsen-inspirerte <\/a>setningen falt i St\u00f8res tale til Arbeiderpartiets landsstyre mandag. <\/p>\n<p class=\"_paragraph_145nj_4 _paragraph_6fko5_10 layout-component text-serif-m layout-normal text-serif-m layout-padded\">En tale der ordet \u00abplan\u00bb sto sentralt. P\u00e5 s\u00e5 mange plan. <\/p>\n<p><img alt=\"MAN WITH A PLAN: Egon Olsen, i Norge f\u00f8rst spilt av Arve Opsahl (1927\u20132007).   Foto: Olav Hasselknippe \/ VG\" class=\"_image_1kupn_65 layout-component layout-normal\" data-fullscreen- data-track-element-type=\"Article image fullscreen\" data-track-name=\"ImageFullscreen\" decoding=\"async\" loading=\"lazy\" height=\"5373\" itemprop=\"image\"  src=\"https:\/\/www.europesays.com\/no\/wp-content\/uploads\/2026\/03\/3a6ad6e1-47ba-4dfc-9e2a-406a2f58511e.jpeg\"  style=\"object-position:0% 0%\" width=\"8030\"\/>MAN WITH A PLAN: Egon Olsen, i Norge f\u00f8rst spilt av Arve Opsahl (1927\u20132007).   Foto: Olav Hasselknippe \/ VG<\/p>\n<p class=\"_paragraph_145nj_4 _paragraph_6fko5_10 layout-component text-serif-m layout-normal text-serif-m layout-padded\">St\u00f8re beskyldte \u2013 og her er det vel p\u00e5 sin plass \u00e5 gi ham rett \u2013 at Donald Trumps krig mot det iranske presteregimet ble igangsatt uten en klar plan. <\/p>\n<p class=\"_paragraph_145nj_4 _paragraph_6fko5_10 layout-component text-serif-m layout-normal text-serif-m layout-padded\">Derimot var <a href=\"https:\/\/www.vg.no\/valg\/norge\/2025\/resultater\/st\" class=\"_link_145nj_39\" rel=\"nofollow noopener\" target=\"_blank\">fjor\u00e5rets valgseier<\/a> et direkte resultat av en slik, postulerte St\u00f8re. <\/p>\n<p class=\"_paragraph_145nj_4 _paragraph_6fko5_10 layout-component text-serif-m layout-normal text-serif-m layout-padded\">\u00abValgseier er mulig dersom man lager en plan\u00bb, p\u00e5sto han nemlig, og viste til to konkrete planer som etter hans mening bidro til at Arbeiderpartiet gikk fra fiasko til triumf i 2025. <\/p>\n<p><img alt=\"EUREKA: St\u00f8re legger planer.   Foto: Terje Pedersen \/ NTB\" class=\"_image_1kupn_65 layout-component layout-normal\" data-fullscreen- data-track-element-type=\"Article image fullscreen\" data-track-name=\"ImageFullscreen\" decoding=\"async\" loading=\"lazy\" height=\"5307\" itemprop=\"image\"  src=\"https:\/\/www.europesays.com\/no\/wp-content\/uploads\/2026\/03\/13b577f5-9792-4937-9bf8-cacc67c9ba46.jpeg\"  style=\"object-position:0% 0%\" width=\"3538\"\/>EUREKA: St\u00f8re legger planer.   Foto: Terje Pedersen \/ NTB<\/p>\n<p class=\"_paragraph_145nj_4 _paragraph_6fko5_10 layout-component text-serif-m layout-normal text-serif-m layout-padded\">If\u00f8lge St\u00f8re handlet det om partiets strategiprosess, ledet av den ene nestlederen, helseminister Jan Christian Vestre. Og om programprosessen, ledet av den andre nestlederen, parlamentarisk leder Tonje Brenna.   <\/p>\n<p class=\"_paragraph_145nj_4 _paragraph_6fko5_10 layout-component text-serif-m layout-normal text-serif-m layout-padded\">Ikke om comebacket til mannen som n\u00e5 legger planene for regjeringens pengebruk, finansminister Jens Stoltenberg. <\/p>\n<p class=\"_paragraph_145nj_4 _paragraph_6fko5_10 layout-component text-serif-m layout-normal text-serif-m layout-padded\">Eller at Senterpartiet trakk seg fra regjeringen; en plan som fra Sp-leder Trygve Slagsvold Vedums side fungerte bare s\u00e5nn passe. <\/p>\n<p class=\"_paragraph_145nj_4 _paragraph_6fko5_10 layout-component text-serif-m layout-normal text-serif-m layout-padded\">Ei heller om planen som snudde det meste for St\u00f8re-regjeringens skjebne i m\u00f8te med jojo-str\u00f8mprisene, den de kaller <a href=\"https:\/\/www.vg.no\/nyheter\/i\/zOrrqb\/norgespris-vs-stroemstoette-1-0-i-foerste-omgang\" data-track-element-type=\"Link\" data-track-id=\"link:zOrrqb\" class=\"_link_145nj_39\" rel=\"nofollow noopener\" target=\"_blank\">Norgespris<\/a>. <\/p>\n<p><img alt=\"GLAD I FOTBALL: \u00d8lhunden Jonas.  Foto: G\u00f8ran Bohlin \/ VG\" class=\"_image_1kupn_65 layout-component layout-normal\" data-fullscreen- data-track-element-type=\"Article image fullscreen\" data-track-name=\"ImageFullscreen\" decoding=\"async\" loading=\"lazy\" height=\"5504\" itemprop=\"image\"  src=\"https:\/\/www.europesays.com\/no\/wp-content\/uploads\/2026\/03\/7eba159f-6cc7-49ff-8eda-8bd574416676.jpeg\"  style=\"object-position:0% 0%\" width=\"8256\"\/>GLAD I FOTBALL: \u00d8lhunden Jonas.  Foto: G\u00f8ran Bohlin \/ VG<\/p>\n<p class=\"_paragraph_145nj_4 _paragraph_6fko5_10 layout-component text-serif-m layout-normal text-serif-m layout-padded\">Men midt i all planmessigheten, er det ogs\u00e5 rom for improvisasjon p\u00e5 Statsministerens kontor for tiden. <\/p>\n<p class=\"_paragraph_145nj_4 _paragraph_6fko5_10 layout-component text-serif-m layout-normal text-serif-m layout-padded\">For selv om politikk if\u00f8lge statsministeren handler om at \u00abvi m\u00e5 vite hvor vi skal\u00bb, gjelder ogs\u00e5 pragmatismens imperativ n\u00e5r det er hensiktmessig.  <\/p>\n<p class=\"_paragraph_145nj_4 _paragraph_6fko5_10 layout-component text-serif-m layout-normal text-serif-m layout-padded\">Ikke minst n\u00e5r det kommer til \u00f8l. Og fotball. <\/p>\n<p class=\"_paragraph_145nj_4 _paragraph_6fko5_10 layout-component text-serif-m layout-normal text-serif-m layout-padded\">Selv <a href=\"https:\/\/www.vg.no\/rampelys\/i\/bOmWle\/affeksjonsverdi-vant-oscar-aah-for-en-natt\" data-track-element-type=\"Link\" data-track-id=\"link:bOmWle\" class=\"_link_145nj_39\" rel=\"nofollow noopener\" target=\"_blank\">p\u00e5 en jubeldag<\/a> der en <a href=\"https:\/\/www.tv2.no\/direkte\/jpybz\/siste-nytt\/69428f28933ebb93a9de0d08\/store-fotball-er-viktigere-enn-film\" class=\"_link_145nj_39\" rel=\"nofollow noopener\" target=\"_blank\">selvkorrigerende St\u00f8re<\/a> erkl\u00e6rte at \u00abfilm er viktigere en fotball\u00bb, lot han det skinne gjennom hvor forn\u00f8yd han er med beslutningen om at \u00f8let skal flyte fritt p\u00e5 norske skjenkestuer ogs\u00e5 nattestid under sommerens fotball-VM. <\/p>\n<p class=\"_paragraph_145nj_4 _paragraph_6fko5_10 layout-component text-serif-m layout-normal text-serif-m layout-padded\">Begrunnelsen: \u00abVi skal gi ekte svar p\u00e5 ekte saker i folks hverdag.\u00bb<\/p>\n<p class=\"_paragraph_145nj_4 _paragraph_6fko5_10 layout-component text-serif-m layout-normal text-serif-m layout-padded\">Selv har St\u00f8re planlagt \u00e5 dra til USA og se Norges kamper, og nyte Budweiser fremfor Ringnes, attp\u00e5til innenfor normale \u00e5pningstider. <\/p>\n<p class=\"_paragraph_145nj_4 _paragraph_6fko5_10 layout-component text-serif-m layout-normal text-serif-m layout-padded\">Noen (f\u00e5) oppsider har det jo, det \u00e5 v\u00e6re statsminister.<\/p>\n<p><img alt=\"VALGETS KVAL: Er Joachim Trier viktigere enn Erling Braut Haaland?   Foto: Pontus H\u00f6\u00f6k \/ NTB\" class=\"_image_1kupn_65 layout-component layout-normal\" data-fullscreen- data-track-element-type=\"Article image fullscreen\" data-track-name=\"ImageFullscreen\" decoding=\"async\" loading=\"lazy\" height=\"3392\" itemprop=\"image\"  src=\"https:\/\/www.europesays.com\/no\/wp-content\/uploads\/2026\/03\/c95a04a3-30e2-47bb-b532-34511fd9ba61.jpeg\"  style=\"object-position:0% 0%\" width=\"5088\"\/>VALGETS KVAL: Er Joachim Trier viktigere enn Erling Braut Haaland?   Foto: Pontus H\u00f6\u00f6k \/ NTB<\/p>\n<p class=\"_paragraph_145nj_4 _paragraph_6fko5_10 layout-component text-serif-m layout-normal text-serif-m layout-padded\">S\u00e5 var det skolen, da. Der det fortjenstfullt skal bli mindre bruk av skjerm, mindre AI og f\u00e6rre timer ved pultene for de minste elevene. <\/p>\n<p class=\"_paragraph_145nj_4 _paragraph_6fko5_10 layout-component text-serif-m layout-normal text-serif-m layout-padded\">Kanskje, for f\u00f8rst skal Utdanningsdirektoratet si sitt. Planen er med andre ord ikke helt i boks. <\/p>\n<p class=\"_paragraph_145nj_4 _paragraph_6fko5_10 layout-component text-serif-m layout-normal text-serif-m layout-padded\">Omvendt med forsvarsplanen, som statsministeren h\u00e5per \u00e5 f\u00e5 et bredest mulig flertall p\u00e5 Stortinget for. <\/p>\n<p class=\"_paragraph_145nj_4 _paragraph_6fko5_10 layout-component text-serif-m layout-normal text-serif-m layout-padded\">\u00abDet krever norsk politikk p\u00e5 sitt aller beste\u00bb, sa St\u00f8re, som en gang advarte mot for for mange brede forlik.<\/p>\n<p class=\"_paragraph_145nj_4 _paragraph_6fko5_10 layout-component text-serif-m layout-normal text-serif-m layout-padded\">Egon Olsens planer gikk alltid i toilettet, som det heter i Frankrige, landet der statsministeren fikk sine akademiske papirer, helt etter planen. <\/p>\n<p class=\"_paragraph_145nj_4 _paragraph_6fko5_10 layout-component text-serif-m layout-normal text-serif-m layout-padded\">Noen vil nok mene at det ogs\u00e5 er det rette stedet for Regjeringens plan for Norge. <\/p>\n<p>      Dette er en kommentar. Kommentaren gir uttrykk for skribentens holdning. <\/p>\n","protected":false},"excerpt":{"rendered":"MeningerKommentar Politikkens Egon Olsen manglet bare skalken og sigaren da han talte til sine egne. Utdannet historiker. Skriver&hellip;\n","protected":false},"author":2,"featured_media":189099,"comment_status":"","ping_status":"","sticky":false,"template":"","format":"standard","meta":{"footnotes":"","_share_on_mastodon":"0"},"categories":[12],"tags":[20,21,24,25,460,15,201,22,23,13,30,28,29,14,16,13914,26,27,42,43,44,45],"class_list":["post-189098","post","type-post","status-publish","format-standard","has-post-thumbnail","category-verden","tag-breaking-news","tag-breakingnews","tag-featured-news","tag-featurednews","tag-film","tag-headlines","tag-jonas-gahr-store","tag-latest-news","tag-latestnews","tag-news","tag-no","tag-norge","tag-norway","tag-nyheter","tag-overskrifter","tag-plan-for-norge","tag-top-stories","tag-topstories","tag-verden","tag-world","tag-world-news","tag-worldnews"],"share_on_mastodon":{"url":"https:\/\/pubeurope.com\/@no\/116239998000809882","error":""},"_links":{"self":[{"href":"https:\/\/www.europesays.com\/no\/wp-json\/wp\/v2\/posts\/189098","targetHints":{"allow":["GET"]}}],"collection":[{"href":"https:\/\/www.europesays.com\/no\/wp-json\/wp\/v2\/posts"}],"about":[{"href":"https:\/\/www.europesays.com\/no\/wp-json\/wp\/v2\/types\/post"}],"author":[{"embeddable":true,"href":"https:\/\/www.europesays.com\/no\/wp-json\/wp\/v2\/users\/2"}],"replies":[{"embeddable":true,"href":"https:\/\/www.europesays.com\/no\/wp-json\/wp\/v2\/comments?post=189098"}],"version-history":[{"count":0,"href":"https:\/\/www.europesays.com\/no\/wp-json\/wp\/v2\/posts\/189098\/revisions"}],"wp:featuredmedia":[{"embeddable":true,"href":"https:\/\/www.europesays.com\/no\/wp-json\/wp\/v2\/media\/189099"}],"wp:attachment":[{"href":"https:\/\/www.europesays.com\/no\/wp-json\/wp\/v2\/media?parent=189098"}],"wp:term":[{"taxonomy":"category","embeddable":true,"href":"https:\/\/www.europesays.com\/no\/wp-json\/wp\/v2\/categories?post=189098"},{"taxonomy":"post_tag","embeddable":true,"href":"https:\/\/www.europesays.com\/no\/wp-json\/wp\/v2\/tags?post=189098"}],"curies":[{"name":"wp","href":"https:\/\/api.w.org\/{rel}","templated":true}]}}