{"id":18913,"date":"2025-08-26T21:58:07","date_gmt":"2025-08-26T21:58:07","guid":{"rendered":"https:\/\/www.europesays.com\/no\/18913\/"},"modified":"2025-08-26T21:58:07","modified_gmt":"2025-08-26T21:58:07","slug":"glimt-uefa-champions-league-ingenting-a-vente-pa-bare-signer-ny-kontrakt-kjetil","status":"publish","type":"post","link":"https:\/\/www.europesays.com\/no\/18913\/","title":{"rendered":"Glimt, Uefa champions league | Ingenting \u00e5 vente p\u00e5, bare signer ny kontrakt Kjetil!"},"content":{"rendered":"\n<p>26. august 2025 \u2013 en betydelig dato i Glimt-historien. Her er noen snakkiser etter at Glimt gjorde jobben og sikret seg seriespill i Champions League.<\/p>\n<p><b>Kjetil \u2013 hva venter du p\u00e5?<\/b><\/p>\n<p>Kjetil Knutsen tok oss opp, Kjetil Knutsen ga oss fire seriegull og Kjetil Knutsen fikk oss inn i Europas ypperste selskap. Champions League er et faktum og klubben er i praksis i gang med \u00e5 bygge ny stadion p\u00e5 Thalle\u00e5keren. S\u00e5 hva venter du p\u00e5, Kjetil? Det er bare \u00e5 gj\u00f8re euforien i Bod\u00f8 om mulig enda st\u00f8rre og offentliggj\u00f8re at du tar flere \u00e5r i Bod\u00f8. Kontrakten som g\u00e5r ut ved \u00e5rsskiftet m\u00e5 bare forlenges i minst tre \u00e5r. Vi vet at du har dr\u00f8mt om \u00e5 vise fotballverdenen at det g\u00e5r an \u00e5 f\u00e5 en liten klubb fra en liten by til \u00e5 utfordre de aller, aller beste. N\u00e5 har du klart det. Det blir fullstendig feil p\u00e5 s\u00e5 mange plan om nye folk skal inn n\u00e5 for \u00e5 fortsette denne vanvittige reisen.<\/p>\n<p><b>Kunstgress kontra naturgress<\/b><\/p>\n<p>En knusende seier hjemme p\u00e5 kunstgresset og tap mot samme laget p\u00e5 naturgress. Ingen tvil om at de som hevder Glimt er avhengig av kunstgresset p\u00e5 Aspmyra fikk vann p\u00e5 m\u00f8lla. Alle kan se at det g\u00e5r raskere og mer presist med Glimt p\u00e5 v\u00e5tt kunstgress. Samtidig er det lett \u00e5 se at Glimt blir stadig mer gjenkjennelig ogs\u00e5 p\u00e5 naturgress. Strengt tatt var avansementet aldri truet, selv om det ble tap i returoppgj\u00f8ret. Likevel: P\u00e5standene om at Glimt er avhengig av kunstgresset forsvinner nok aldri uansett, og hvem bryr seg egentlig?<\/p>\n<p><b>Mathias og Jens Petter<\/b><\/p>\n<p>Glimts siste danske, Mathias J\u00f8rgensen, fikk sin f\u00f8rste kamp fra start, og vi ser at han begynner \u00e5 bli varm i tr\u00f8ya. Flere gode involveringer, og l\u00f8pet foran scoringen var s\u00e5 Glimt som det kan bli. Hele angrepet som ga Glimt-ledelsen var sterkt \u00e5 se. Jens Petters \u00abno look\u00bb-pasning var herlig arrogant. Da glemmer vi lett at JP ellers ikke presterte p\u00e5 samme niv\u00e5 som i de forrige matchene.<\/p>\n<p><b>Endelig Bassi!<\/b><\/p>\n<p>Daniel Bassi fikk en hel omgang i denne uhyre viktige kampen, og det m\u00e5 vel kalles et skikkelig gjennombrudd og en stor opptur for troms\u00f8gutten. Han rakk \u00e5 vise litt av hva som bor i ham, men det viktigste er at han ikke lenger avspises med noen f\u00e5 minutter p\u00e5 tampen av kampene.<\/p>\n<p><b>Kroppsspr\u00e5ket<\/b><\/p>\n<p>F\u00f8r kampen sa Kjetil Knutsen at han var spent p\u00e5 \u00e5 se p\u00e5 kroppsspr\u00e5ket til spillerne, at de virkelig viste for seg selv, lagkameratene og supportere at de var her for \u00e5 sikre Champions League. Og det vistes virkelig. Glimt-spillerne s\u00e5 superskjerpet ut hele veien. De fremsto som det uhyre rutinerte og steingode laget Glimt n\u00e5 beviselig har blitt \u2013 faktisk ett av de 36 beste lagene i Europa!<\/p>\n","protected":false},"excerpt":{"rendered":"26. august 2025 \u2013 en betydelig dato i Glimt-historien. Her er noen snakkiser etter at Glimt gjorde jobben&hellip;\n","protected":false},"author":2,"featured_media":18914,"comment_status":"","ping_status":"","sticky":false,"template":"","format":"standard","meta":{"footnotes":""},"categories":[59],"tags":[3314,36,3235,799,3309,30,28,29,1533,83,82,3313],"class_list":{"0":"post-18913","1":"post","2":"type-post","3":"status-publish","4":"format-standard","5":"has-post-thumbnail","7":"category-sport","8":"tag-adrenalinkommentar","9":"tag-art","10":"tag-borre-arntzen","11":"tag-glimt","12":"tag-kjetil-knutsen","13":"tag-no","14":"tag-norge","15":"tag-norway","16":"tag-opinion","17":"tag-sport","18":"tag-sports","19":"tag-uefa-champions-league"},"share_on_mastodon":{"url":"","error":""},"_links":{"self":[{"href":"https:\/\/www.europesays.com\/no\/wp-json\/wp\/v2\/posts\/18913","targetHints":{"allow":["GET"]}}],"collection":[{"href":"https:\/\/www.europesays.com\/no\/wp-json\/wp\/v2\/posts"}],"about":[{"href":"https:\/\/www.europesays.com\/no\/wp-json\/wp\/v2\/types\/post"}],"author":[{"embeddable":true,"href":"https:\/\/www.europesays.com\/no\/wp-json\/wp\/v2\/users\/2"}],"replies":[{"embeddable":true,"href":"https:\/\/www.europesays.com\/no\/wp-json\/wp\/v2\/comments?post=18913"}],"version-history":[{"count":0,"href":"https:\/\/www.europesays.com\/no\/wp-json\/wp\/v2\/posts\/18913\/revisions"}],"wp:featuredmedia":[{"embeddable":true,"href":"https:\/\/www.europesays.com\/no\/wp-json\/wp\/v2\/media\/18914"}],"wp:attachment":[{"href":"https:\/\/www.europesays.com\/no\/wp-json\/wp\/v2\/media?parent=18913"}],"wp:term":[{"taxonomy":"category","embeddable":true,"href":"https:\/\/www.europesays.com\/no\/wp-json\/wp\/v2\/categories?post=18913"},{"taxonomy":"post_tag","embeddable":true,"href":"https:\/\/www.europesays.com\/no\/wp-json\/wp\/v2\/tags?post=18913"}],"curies":[{"name":"wp","href":"https:\/\/api.w.org\/{rel}","templated":true}]}}