{"id":19021,"date":"2025-08-27T04:38:16","date_gmt":"2025-08-27T04:38:16","guid":{"rendered":"https:\/\/www.europesays.com\/no\/19021\/"},"modified":"2025-08-27T04:38:16","modified_gmt":"2025-08-27T04:38:16","slug":"fotball-kunstgress-kan-ikke-legges-over-pa-klubber-og-frivilligheten-alene","status":"publish","type":"post","link":"https:\/\/www.europesays.com\/no\/19021\/","title":{"rendered":"Fotball, Kunstgress | \u2013 Kan ikke legges over p\u00e5 klubber og frivilligheten alene"},"content":{"rendered":"\n<p>Om seks \u00e5r trer EU-forbudet mot salg av plastholdig gummigranulat som brukes som ifyll i s\u00e5 \u00e5 si alle kunstgressbaner i kraft.<\/p>\n<p>I v\u00e5rt n\u00e6romr\u00e5de er det en rekke fotballbaner som er modne for rehabilitering og utskifting fremover. Flere baner har for lengst passert grensen for forsvarlig standard. Aurskog-H\u00f8land og Lillestr\u00f8m kommuner er ikke noe unntak.<\/p>\n<p>Vi i NFF st\u00f8tter dette m\u00e5let om \u00e5 stanse utslipp av mikroplast. Men forbudet har en kostnad som vi mener staten m\u00e5 v\u00e6re med \u00e5 betale.<\/p>\n<p>\u2013 Hel\u00e5rstilgang for barn og unge<\/p>\n<p>Kunstgressbaner gir hel\u00e5rstilgang for barn og unge i sitt n\u00e6rmilj\u00f8 og er en felleskapsarena for voksne. Kunstgressbanene er lavterskelarenaer for fysisk aktivitet, sosial tilh\u00f8righet og mental trivsel. Over 410 000 aktive opplever mestring, inkludering og folkehelsegevinst p\u00e5 disse flatene hver eneste uke.<\/p>\n<p>Frivillige foreldre og ildsjeler legger ned utallige dugnadstimer for \u00e5 holde anleggene i stand. Uten denne infrastrukturen forvitrer breddeaktiviteten \u2013 og uten bredden, blir det ingen topp.<\/p>\n<p>      23 baner i kretsen har behov for rehabilitering<\/p>\n<p>Det er utf\u00f8rt en kartlegging av anleggenes levetid i samarbeid med en nasjonal unders\u00f8kelse (Samfunns\u00f8konomisk Analyse AS) i 2024 for \u00e5 belyse omfanget av rehabiliteringsbehovet frem mot 2031.<\/p>\n<p>   <img decoding=\"async\" width=\"4032\" height=\"3024\" fetchpriority=\"low\"  loading=\"lazy\"  src=\"https:\/\/www.europesays.com\/no\/wp-content\/uploads\/2025\/08\/5_25_575760_IMG_1852.jpg\" alt=\"Bj\u00f8rkelangen kunstgress var badet i sol denne onsdagskvelden. Rundt 2.200 tilskuere tok turen for \u00e5 se Bj\u00f8rkelangen\/H\u00f8land-LSK i cupen onsdag. Det er h\u00f8yst sannsynlig publikumsrekord p\u00e5 Sportssenteret. Her kan du m\u00f8te noen av de som var p\u00e5 kampen.\" class=\"brick-c-cFOWSL\" style=\"--brick-image-ratio: 4032 \/ 3024;\"\/><\/p>\n<p>    FLERE BANER M\u00c5 BYTTES: Kunstgresset p\u00e5 Bj\u00f8rkelangen er en av mange baner i fotballkretsen som snart m\u00e5 rehabiliteres.<br \/>\n    Foto: Tine Viktoria Thoreid\n  <\/p>\n<p>Levetidsanalysen viser at 23 baner pr. juni 2025 i NFF Akershus har behov for rehabilitering innen 4 \u00e5r, hvorav fem av disse regnes som kritisk nedslitte, og vil kunne m\u00e5tte stenges av hensyn til spillernes sikkerhet innen 2 \u00e5r. I tillegg vil ytterligere 18 baner m\u00e5tte rehabiliteres innen 4-6 \u00e5r. Med andre ord totalt ca. 30 baner m\u00e5 rehabiliteres i kretsen innen 5 \u00e5r.<\/p>\n<p>Eksempler p\u00e5 dette er bl. a. John Carew Banen i L\u00f8renskog, Skedsmo \u00d8vre kg i Lillestr\u00f8m og Eidsvollhallen kunstgress p\u00e5 Eidsvoll.<\/p>\n<p>\u2013 En varslet krise for breddefotballen<\/p>\n<p>Granulatforbudet er et viktig milj\u00f8tiltak \u2013 og en omstilling vi i idretten st\u00f8tter. Men det er ogs\u00e5 en varslet krise for breddefotballen, dersom ikke staten tar sitt ansvar. Endringen er et myndighetsp\u00e5lagt krav. Da m\u00e5 det ogs\u00e5 f\u00f8lges av myndighetsstyrt finansiering.<\/p>\n<p>Over 60 prosent av banene i hele Norge eies av kommunene, som allerede har stramme budsjetter. Dette kan ikke legges over p\u00e5 klubber og frivilligheten alene. Her trengs det en statlig h\u00e5ndsrekning.<\/p>\n<p>Vi i NFF Akershus ber om at regjeringen lager en nasjonal handlingsplan med reell finansiering ved \u00e5 etablere et \u00abFotballens Milj\u00f8fond\u00bb rettet mot kommuner og klubber som eier banene for \u00e5 dekke merkostnader som kommer med overgangen til ikke-plastfylt ifyll.<\/p>\n<p>\u2013 De er selve fundamentet<\/p>\n<p>For baneeierne, enten det er klubber eller kommuner, er det et enormt \u00f8konomisk l\u00f8ft \u00e5 skulle tilpasse seg EU-forbudet. Omlegging av over 1 500 baner i Norge krever investeringer langt utover det frivillige krefter og kommunebudsjett kan b\u00e6re alene.<\/p>\n<p>Hvorfor er kunstgressbanene s\u00e5 viktige? Fordi det er selve fundamentet for breddefotballen i Norge!<\/p>\n<p>Regjeringen m\u00e5 sikre at ikke hele regningen tas fra spillemidlene, for det vil ramme andre idretter.<\/p>\n<p>\u00d8kte bevilgninger over spillemidlene som kom i juni er et viktig bidrag for fotballen, men det l\u00f8ser dessverre ikke alt.<\/p>\n<p>Fotballens gr\u00f8nne omstilling m\u00e5 v\u00e6re en nasjonal dugnad \u2013 la oss vise at fellesskap ikke bare er et ord, men handling. Politikerne m\u00e5 spille p\u00e5 lag med breddefotballen n\u00e5, for norsk fotball, naturen og samfunnets beste.<\/p>\n","protected":false},"excerpt":{"rendered":"Om seks \u00e5r trer EU-forbudet mot salg av plastholdig gummigranulat som brukes som ifyll i s\u00e5 \u00e5 si&hellip;\n","protected":false},"author":2,"featured_media":19022,"comment_status":"","ping_status":"","sticky":false,"template":"","format":"standard","meta":{"footnotes":""},"categories":[59],"tags":[36,1177,92,3329,1853,729,156,30,28,29,1533,2208,83,82],"class_list":{"0":"post-19021","1":"post","2":"type-post","3":"status-publish","4":"format-standard","5":"has-post-thumbnail","7":"category-sport","8":"tag-art","9":"tag-aurskog-holand","10":"tag-fotball","11":"tag-frivillighet","12":"tag-kunstgress","13":"tag-lillestrom","14":"tag-meninger","15":"tag-no","16":"tag-norge","17":"tag-norway","18":"tag-opinion","19":"tag-oppvekst","20":"tag-sport","21":"tag-sports"},"share_on_mastodon":{"url":"","error":""},"_links":{"self":[{"href":"https:\/\/www.europesays.com\/no\/wp-json\/wp\/v2\/posts\/19021","targetHints":{"allow":["GET"]}}],"collection":[{"href":"https:\/\/www.europesays.com\/no\/wp-json\/wp\/v2\/posts"}],"about":[{"href":"https:\/\/www.europesays.com\/no\/wp-json\/wp\/v2\/types\/post"}],"author":[{"embeddable":true,"href":"https:\/\/www.europesays.com\/no\/wp-json\/wp\/v2\/users\/2"}],"replies":[{"embeddable":true,"href":"https:\/\/www.europesays.com\/no\/wp-json\/wp\/v2\/comments?post=19021"}],"version-history":[{"count":0,"href":"https:\/\/www.europesays.com\/no\/wp-json\/wp\/v2\/posts\/19021\/revisions"}],"wp:featuredmedia":[{"embeddable":true,"href":"https:\/\/www.europesays.com\/no\/wp-json\/wp\/v2\/media\/19022"}],"wp:attachment":[{"href":"https:\/\/www.europesays.com\/no\/wp-json\/wp\/v2\/media?parent=19021"}],"wp:term":[{"taxonomy":"category","embeddable":true,"href":"https:\/\/www.europesays.com\/no\/wp-json\/wp\/v2\/categories?post=19021"},{"taxonomy":"post_tag","embeddable":true,"href":"https:\/\/www.europesays.com\/no\/wp-json\/wp\/v2\/tags?post=19021"}],"curies":[{"name":"wp","href":"https:\/\/api.w.org\/{rel}","templated":true}]}}