{"id":190443,"date":"2026-03-18T05:17:12","date_gmt":"2026-03-18T05:17:12","guid":{"rendered":"https:\/\/www.europesays.com\/no\/190443\/"},"modified":"2026-03-18T05:17:12","modified_gmt":"2026-03-18T05:17:12","slug":"multikulturalisme-er-et-livsfarlig-eksperiment","status":"publish","type":"post","link":"https:\/\/www.europesays.com\/no\/190443\/","title":{"rendered":"\u2013 Multikulturalisme er et livsfarlig eksperiment"},"content":{"rendered":"<p><strong>Leder i partiet Konservativt, Erik Selle, mener Europa st\u00e5r midt i en sivilisasjonskonflikt som mange politikere fortsatt nekter \u00e5 erkjenne. <\/strong><\/p>\n<p>I en podkastsamtale med iNyheters Shurika Hansen hevder han at multikulturalisme og kulturrelativisme truer fundamentet for vestlig frihet og stabilitet.<\/p>\n<p>Samtalen tar utgangspunkt i sp\u00f8rsm\u00e5let om forskjellen mellom kristen konservatisme og det Selle omtaler som \u00abmuslimsk konservatisme\u00bb. For ham er forskjellen grunnleggende.<\/p>\n<p>\u2013 En fundamentalistisk kristen vil ende opp i en frelsesammenheng. En fundamentalistisk muslim vil ende opp i sharia. Det er to helt forskjellige retninger, sier han.<\/p>\n<p>Podkasten slippes torsdag 19. mars kl 18.<\/p>\n<p><strong>En sivilisasjonskonflikt<\/strong><\/p>\n<p>Selle mener dagens politiske konflikter i Europa ikke f\u00f8rst og fremst handler om \u00f8konomi eller partipolitikk, men om dypere kulturelle og sivilisasjonelle forskjeller.<\/p>\n<p>\u2013 Den kristne sivilisasjonen var i krig med nazismen. Den var i krig med kommunismen. Den vil ogs\u00e5 v\u00e6re i konflikt med islamisme, sier han.<\/p>\n<p>Han viser blant annet til den amerikanske statsviteren Samuel Huntington og teorien om \u00absivilisasjonenes sammenst\u00f8t\u00bb.<\/p>\n<p>\u2013 N\u00e5r ideologier kolliderer, oppst\u00e5r det konflikt. Det er ikke noe nytt fenomen i historien.<\/p>\n<p>If\u00f8lge Selle er det nettopp dette Europa opplever i dag.<\/p>\n<p><strong>Kritikk av multikulturalisme<\/strong><\/p>\n<p>Selle mener europeiske politikere har undervurdert konsekvensene av stor innvandring kombinert med multikulturalistisk ideologi.<\/p>\n<p>\u2013 Vi lever i et europeisk eksperiment som kalles multikulturalisme. Fundamentet for den er kulturrelativisme, sier han.<\/p>\n<p>Og kulturrelativisme mener han er en farlig tanke.<\/p>\n<p>\u2013 Kulturrelativisme er ikke bare farlig. Det er direkte stupid.<\/p>\n<p>Poenget hans er at ikke alle kulturelle systemer er like kompatible.<\/p>\n<p>\u2013 Sp\u00f8r deg selv: Ville du at datteren din skulle vokse opp i Mogadishu eller Riyadh \u2013 eller i England eller USA? Det er et ganske enkelt valg, sier han.<\/p>\n<p><strong>Parallelle samfunn i Europa<\/strong><\/p>\n<p>Som eksempel p\u00e5 hva han mener er konsekvensene av multikulturalisme, trekker Selle frem utviklingen i flere europeiske land.<\/p>\n<p>\u2013 I England har man sharia-domstoler som skaper parallelle rettssystemer. Folk i samme by og samme land kan plutselig v\u00e6re underlagt ulike juridiske systemer. Det er en skandale, sier han.<\/p>\n<p>Han mener dette kan f\u00f8re til det han kaller en \u00abbalkanisering\u00bb av Europa \u2013 der samfunnet splittes opp i separate kulturelle og juridiske fellesskap.<\/p>\n<p>\u2013 Hvis ikke hele Europa skal balkaniseres, m\u00e5 ett verdisett gjelde.<\/p>\n<p><strong>Kan religionene sameksistere?<\/strong><\/p>\n<p>Shurika Hansen utfordrer ham p\u00e5 om islam og kristendom kan eksistere side om side i et europeisk samfunn.<\/p>\n<p>Selle svarer at dette i praksis har vist seg vanskelig flere steder i verden.<\/p>\n<p>Han peker blant annet p\u00e5 utviklingen i Midt\u00f8sten.<\/p>\n<p>\u2013 I mange land der det tidligere var store kristne samfunn, er de i dag nesten borte. Kristne flykter fra land som Irak og Syria, sier han.<\/p>\n<p>Han nevner ogs\u00e5 Egypt og Libanon som eksempler p\u00e5 land der kristne minoriteter har blitt stadig mindre.<\/p>\n<p>\u2013 Der islam innf\u00f8rer sharia og blasfemilover, forsvinner kristne minoriteter raskt.<\/p>\n<p><strong>Ikke mot muslimer som individer<\/strong><\/p>\n<p>Samtidig understreker Selle at kritikken hans ikke er rettet mot muslimer som mennesker.<\/p>\n<p>\u2013 Jeg har ikke noe problem med muslimer som enkeltmennesker. Sp\u00f8rsm\u00e5let handler om ideologi, ikke om hudfarge eller mennesker, sier han.<\/p>\n<p>If\u00f8lge ham er problemet politisk islam \u2013 ikke religion i privatlivet.<\/p>\n<p>\u2013 Hvis du vil leve i Norge under de verdiene som har skapt friheten i dette landet, har jeg ikke noe problem med deg. Men hvis du vil endre selve sivilisasjonsgrunnlaget, da har vi et problem.<\/p>\n<p><strong>En varslet konflikt<\/strong><\/p>\n<p>For Selle handler debatten derfor ikke bare om dagens politikk, men om Europas fremtid.<\/p>\n<p>\u2013 Dette truer Europa langt mer enn det vi forst\u00e5r i dag, sier han.<\/p>\n<p>Han mener mange politikere fortsatt undervurderer utfordringen.<\/p>\n<p>\u2013 Hvis vi ikke v\u00e5ger \u00e5 ta den ideologiske debatten n\u00e5, vil problemene bare bli st\u00f8rre.<\/p>\n<p>iNyheter trenger din st\u00f8tte.\u00a0<a style=\"background-color: #ffff00;\" href=\"https:\/\/inyheter.no\/abonnement\/\" rel=\"nofollow noopener\" target=\"_blank\">Tegn abonnement<\/a>\u00a0eller st\u00f8tt oss p\u00e5 Vipps\u00a0<strong>763291<\/strong>\u00a0bank\u00a0<strong>1506.80.92768\u00a0<\/strong>eller\u00a0<a style=\"background-color: #ffff00;\" href=\"https:\/\/www.paypal.com\/donate\/?hosted_button_id=UN7V8VFJ5QA38\" rel=\"nofollow noopener\" target=\"_blank\">PayPal<\/a><\/p>\n","protected":false},"excerpt":{"rendered":"Leder i partiet Konservativt, Erik Selle, mener Europa st\u00e5r midt i en sivilisasjonskonflikt som mange politikere fortsatt nekter&hellip;\n","protected":false},"author":2,"featured_media":190444,"comment_status":"","ping_status":"","sticky":false,"template":"","format":"standard","meta":{"footnotes":"","_share_on_mastodon":"0"},"categories":[12],"tags":[20,21,19017,24,25,15,4232,2198,22,23,19018,13,30,28,29,14,16,8268,26,27,42,43,44,45],"class_list":["post-190443","post","type-post","status-publish","format-standard","has-post-thumbnail","category-verden","tag-breaking-news","tag-breakingnews","tag-erik-selle","tag-featured-news","tag-featurednews","tag-headlines","tag-innvandring","tag-islam","tag-latest-news","tag-latestnews","tag-multikultur","tag-news","tag-no","tag-norge","tag-norway","tag-nyheter","tag-overskrifter","tag-shurika-hansen","tag-top-stories","tag-topstories","tag-verden","tag-world","tag-world-news","tag-worldnews"],"share_on_mastodon":{"url":"https:\/\/pubeurope.com\/@no\/116248487095775847","error":""},"_links":{"self":[{"href":"https:\/\/www.europesays.com\/no\/wp-json\/wp\/v2\/posts\/190443","targetHints":{"allow":["GET"]}}],"collection":[{"href":"https:\/\/www.europesays.com\/no\/wp-json\/wp\/v2\/posts"}],"about":[{"href":"https:\/\/www.europesays.com\/no\/wp-json\/wp\/v2\/types\/post"}],"author":[{"embeddable":true,"href":"https:\/\/www.europesays.com\/no\/wp-json\/wp\/v2\/users\/2"}],"replies":[{"embeddable":true,"href":"https:\/\/www.europesays.com\/no\/wp-json\/wp\/v2\/comments?post=190443"}],"version-history":[{"count":0,"href":"https:\/\/www.europesays.com\/no\/wp-json\/wp\/v2\/posts\/190443\/revisions"}],"wp:featuredmedia":[{"embeddable":true,"href":"https:\/\/www.europesays.com\/no\/wp-json\/wp\/v2\/media\/190444"}],"wp:attachment":[{"href":"https:\/\/www.europesays.com\/no\/wp-json\/wp\/v2\/media?parent=190443"}],"wp:term":[{"taxonomy":"category","embeddable":true,"href":"https:\/\/www.europesays.com\/no\/wp-json\/wp\/v2\/categories?post=190443"},{"taxonomy":"post_tag","embeddable":true,"href":"https:\/\/www.europesays.com\/no\/wp-json\/wp\/v2\/tags?post=190443"}],"curies":[{"name":"wp","href":"https:\/\/api.w.org\/{rel}","templated":true}]}}