{"id":19069,"date":"2025-08-27T06:24:09","date_gmt":"2025-08-27T06:24:09","guid":{"rendered":"https:\/\/www.europesays.com\/no\/19069\/"},"modified":"2025-08-27T06:24:09","modified_gmt":"2025-08-27T06:24:09","slug":"ulrik-5-har-statt-i-ko-i-over-ett-ar-ventetiden-har-skapt-store-problemer","status":"publish","type":"post","link":"https:\/\/www.europesays.com\/no\/19069\/","title":{"rendered":"Ulrik (5) har st\u00e5tt i k\u00f8 i over ett \u00e5r \u2013 ventetiden har skapt store problemer"},"content":{"rendered":"\n<ul class=\"_list_1bvmi_3 _list_1flq1_85 _unordered_1bvmi_99 text-sans-m\">\n<li class=\"_item_1bvmi_30\">Fem\u00e5rige Ulrik i Bergen har slitt med d\u00e5rlig h\u00f8rsel og spr\u00e5kutvikling p\u00e5 grunn av lang ventetid p\u00e5 \u00f8reoperasjoner.<\/li>\n<li class=\"_item_1bvmi_30\">Familien har opplevd 14 m\u00e5neder i sykehusk\u00f8, som p\u00e5virket barnet sterkt.<\/li>\n<li class=\"_item_1bvmi_30\">Erna Solberg bruker saken for \u00e5 fronte private akt\u00f8rer for \u00e5 redusere helsek\u00f8er.<\/li>\n<li class=\"_item_1bvmi_30\">Haukeland sykehus beklager ventetiden og peker p\u00e5 kapasitetsutfordringer.<\/li>\n<li class=\"_item_1bvmi_30\">Helseministeren mener ventetidene m\u00e5 ned, men advarer mot privatisering.<\/li>\n<\/ul>\n<p>Vis mer <\/p>\n<p class=\"_paragraph_1bvmi_4 _paragraph_xtcu6_10 layout-component text-serif-m layout-normal text-serif-m layout-padded\">\u2013 Vi har st\u00e5tt i to lange k\u00f8er i h\u00e5p om at han skal bli frisk. N\u00e5 er det bare \u00e9n k\u00f8 igjen, sier Mariell S\u00e6ternes.<\/p>\n<p class=\"_paragraph_1bvmi_4 _paragraph_xtcu6_10 layout-component text-serif-m layout-normal text-serif-m layout-padded\">Ulrik ventet over ett \u00e5r p\u00e5 en n\u00f8dvendig \u00f8reoperasjon ved Haukeland sykehus. Den lange ventetiden f\u00f8rte til at han fikk sterkt redusert h\u00f8rsel, noe som har p\u00e5virket hans spr\u00e5kutvikling.<\/p>\n<p class=\"_paragraph_1bvmi_4 _paragraph_xtcu6_10 layout-component text-serif-m layout-normal text-serif-m layout-padded\">Lenger nede beklager sykehuset.<\/p>\n<p class=\"_paragraph_1bvmi_4 _paragraph_xtcu6_10 layout-component text-serif-m layout-normal text-serif-m layout-padded\">Vi m\u00f8ter moren, faren og deres 5-\u00e5ring, etter det de har opplevd som \u00abet tre\u00e5rig mareritt\u00bb.<\/p>\n<p class=\"_paragraph_1bvmi_4 _paragraph_xtcu6_10 layout-component text-serif-m layout-normal text-serif-m layout-padded\">Sammen med deres bysbarn, H\u00f8yre-leder Erna Solberg, som synes det er et grelt eksempel \u2013 som hun bruker i sin kamp for private akt\u00f8rer.<\/p>\n<p class=\"_paragraph_1bvmi_4 _paragraph_xtcu6_10 layout-component text-serif-m layout-normal text-serif-m layout-padded\">\u2013 Det er et trist eksempel \u2013 som heldigvis ser ut til \u00e5 ende godt \u2013 som viser at vi m\u00e5 slippe til private akt\u00f8rer for \u00e5 kutte k\u00f8ene, sier Solberg p\u00e5 en lekeplass ut mot Nordnes i Bergen.<\/p>\n<p class=\"_paragraph_1bvmi_4 _paragraph_xtcu6_10 layout-component text-serif-m layout-normal text-serif-m layout-padded\">Mamma Mariell forteller om en lang vei etter at de oppdaget at s\u00f8nnen knapt h\u00f8rte.<\/p>\n<p class=\"_paragraph_1bvmi_4 _paragraph_xtcu6_10 layout-component text-serif-m layout-normal text-serif-m layout-padded\">\u2013 Vi merket at han hadde d\u00e5rlig h\u00f8rsel da spr\u00e5ket ikke utviklet seg. Alarmen gikk da vi oppdaget at han f\u00f8rst reagerte da det ble ropt h\u00f8yt p\u00e5 et barne-TV-program. Da gikk vi til legen, sier Ulriks mamma.<\/p>\n<p><img alt=\"Foto: Helge Mikalsen \/ VG\" class=\"_image_qp4xg_65 layout-component layout-normal\" data-fullscreen- data-track-element-type=\"Article image fullscreen\" data-track-name=\"ImageFullscreen\" decoding=\"async\" loading=\"lazy\" height=\"5129\" itemprop=\"image\"  src=\"https:\/\/www.europesays.com\/no\/wp-content\/uploads\/2025\/08\/3df44b47-bcd2-4592-9aee-5e328459c39f\"  style=\"object-position:0% 0%\" width=\"7215\"\/>Foto: Helge Mikalsen \/ VG<\/p>\n<p class=\"_paragraph_1bvmi_4 _paragraph_xtcu6_10 layout-component text-serif-m layout-normal text-serif-m layout-padded\">Hun sier at de fikk vite at utfordringen var sammensatt.<\/p>\n<p class=\"_paragraph_1bvmi_4 _paragraph_xtcu6_10 layout-component text-serif-m layout-normal text-serif-m layout-padded\">\u2013 Mye v\u00e6ske i \u00f8rene, store mandler og <a href=\"https:\/\/nhi.no\/sykdommer\/barn\/ore-nese-hals\/falske-mandler-adenoider\" class=\"_link_1bvmi_39\" rel=\"nofollow noopener\" target=\"_blank\">falske mandler<\/a>. Mange barn opplever det.<\/p>\n<p class=\"_paragraph_1bvmi_4 _paragraph_xtcu6_10 layout-component text-serif-m layout-normal text-serif-m layout-padded\">Han var rundt to \u00e5r og ble operert relativt raskt.<\/p>\n<p class=\"_paragraph_1bvmi_4 _paragraph_xtcu6_10 layout-component text-serif-m layout-normal text-serif-m layout-padded\">\u2013 Etter operasjonen skjedde det en stor forbedring, men det varte ikke s\u00e5 lenge, blant annet fordi han mistet drendren&raquo;Dren&raquo; er et medisinsk begrep som refererer til et r\u00f8r eller en slange som brukes for \u00e5 lede v\u00e6ske, som blod, puss eller annet sekret, ut av kroppen eller fra et s\u00e5r. Dren kan brukes i ulike situasjoner, for eksempel ved mellom\u00f8rebetennelse hos barn, der et dren settes inn i trommehinnen for \u00e5 drenere v\u00e6ske fra mellom\u00f8ret. Det kan ogs\u00e5 brukes etter operasjoner for \u00e5 fjerne overfl\u00f8dig v\u00e6ske fra operasjonsomr\u00e5det. . Ett \u00e5r etter operasjonen h\u00f8rte han like lite som f\u00f8r operasjonen, sier moren.<\/p>\n<p class=\"_paragraph_1bvmi_4 _paragraph_xtcu6_10 layout-component text-serif-m layout-normal text-serif-m layout-padded\">Da var han tre \u00e5r.<\/p>\n<p class=\"_paragraph_1bvmi_4 _paragraph_xtcu6_10 layout-component text-serif-m layout-normal text-serif-m layout-padded\">\u2013 Siden vi hadde hatt en ok og effektiv opplevelse f\u00f8r den f\u00f8rste operasjonen, begynte vi p\u00e5 den samme runden. Legen sa, ja, her m\u00e5 vi f\u00e5 inn nye dren og operere p\u00e5 nytt ellers blir det verre.<\/p>\n<p class=\"_paragraph_1bvmi_4 _paragraph_xtcu6_10 layout-component text-serif-m layout-normal text-serif-m layout-padded\">\u2013 Der bommet vi, sier hun:<\/p>\n<p class=\"_paragraph_1bvmi_4 _paragraph_xtcu6_10 layout-component text-serif-m layout-normal text-serif-m layout-padded\">\u2013 Denne gangen fikk vi oppleve k\u00f8 p\u00e5 sitt verste.<\/p>\n<p class=\"_paragraph_1bvmi_4 _paragraph_xtcu6_10 layout-component text-serif-m layout-normal text-serif-m layout-padded\">Det var p\u00e5 slutten av 2023.<\/p>\n<p class=\"_paragraph_1bvmi_4 _paragraph_xtcu6_10 layout-component text-serif-m layout-normal text-serif-m layout-padded\">\u2013 Vi fikk brev om behandlingen at skulle v\u00e6re i gang innen mai 2024.<\/p>\n<p class=\"_paragraph_1bvmi_4 _paragraph_xtcu6_10 layout-component text-serif-m layout-normal text-serif-m layout-padded\">\u2013 Det syntes vi var lenge, men vi kunne lite gj\u00f8re, sier hun.<\/p>\n<p class=\"_paragraph_1bvmi_4 _paragraph_xtcu6_10 layout-component text-serif-m layout-normal text-serif-m layout-padded\">Men v\u00e5ren gikk og ikke noe skjedde f\u00f8r ferien.<\/p>\n<p class=\"_paragraph_1bvmi_4 _paragraph_xtcu6_10 layout-component text-serif-m layout-normal text-serif-m layout-padded\">\u2013 Vi var altfor t\u00e5lmodige. I oktober fikk vi en \u00abtelefontime\u00bb\u00abtelefontime\u00bbEn samtale uten oppm\u00f8te, som man tar p\u00e5 telefonen.:<\/p>\n<p class=\"_paragraph_1bvmi_4 _paragraph_xtcu6_10 layout-component text-serif-m layout-normal text-serif-m layout-padded\">\u2013 Da ringte en kvinne og sa at de ringte rundt til alle som st\u00e5r i k\u00f8 for \u00e5 h\u00f8re om vi trenger den timen lenger. Selvf\u00f8lgelig trengte vi den!<\/p>\n<p class=\"_paragraph_1bvmi_4 _paragraph_xtcu6_10 layout-component text-serif-m layout-normal text-serif-m layout-padded\">Hun sukker.<\/p>\n<p class=\"_paragraph_1bvmi_4 _paragraph_xtcu6_10 layout-component text-serif-m layout-normal text-serif-m layout-padded\">\u2013 Da visste vi at vi m\u00e5tte st\u00e5 enda lenger i k\u00f8. Det var veldig frustrerende, fordi vi opplevde jo at Ulrik h\u00f8rte veldig d\u00e5rlig \u2013 og d\u00e5rligere.<\/p>\n<p class=\"_paragraph_1bvmi_4 _paragraph_xtcu6_10 layout-component text-serif-m layout-normal text-serif-m layout-padded\">Hun sier at kvinnen sa at hun h\u00e5pet at de kunne f\u00e5 operasjon innen 31. januar 2025:<\/p>\n<p class=\"_paragraph_1bvmi_4 _paragraph_xtcu6_10 layout-component text-serif-m layout-normal text-serif-m layout-padded\">God jul, ble det.<\/p>\n<p class=\"_paragraph_1bvmi_4 _paragraph_xtcu6_10 layout-component text-serif-m layout-normal text-serif-m layout-padded\">Og godt nytt\u00e5r:<\/p>\n<p class=\"_paragraph_1bvmi_4 _paragraph_xtcu6_10 layout-component text-serif-m layout-normal text-serif-m layout-padded\">17. januar fikk de operasjon, etter 14 m\u00e5neder i k\u00f8.<\/p>\n<p class=\"_paragraph_1bvmi_4 _paragraph_xtcu6_10 layout-component text-serif-m layout-normal text-serif-m layout-padded\">\u2013 Da hadde Ulrik sv\u00e6rt nedsatt h\u00f8rsel og store problemer med interaksjon, sier moren.<\/p>\n<p><img alt=\"Foto: Helge Mikalsen \/ VG\" class=\"_image_qp4xg_65 layout-component layout-normal\" data-fullscreen- data-track-element-type=\"Article image fullscreen\" data-track-name=\"ImageFullscreen\" decoding=\"async\" loading=\"lazy\" height=\"5504\" itemprop=\"image\"  src=\"https:\/\/www.europesays.com\/no\/wp-content\/uploads\/2025\/08\/ed4011eb-da45-4741-937f-c85f74811bda\"  style=\"object-position:0% 0%\" width=\"8256\"\/>Foto: Helge Mikalsen \/ VG<\/p>\n<p class=\"_paragraph_1bvmi_4 _paragraph_xtcu6_10 layout-component text-serif-m layout-normal text-serif-m layout-padded\">Men heldigvis gikk operasjonen bra, slik at h\u00f8rselen ble mye bedre.<\/p>\n<p class=\"_paragraph_1bvmi_4 _paragraph_xtcu6_10 layout-component text-serif-m layout-normal text-serif-m layout-padded\">N\u00e5 st\u00e5r de i en ny k\u00f8, til logopedlogopedLogopeder utreder og jobber med mennesker som har ulike former for kommunikasjonsvansker. Det kan dreie seg om stemmevansker, spr\u00e5k- og talevansker., som kan hjelpe Ulrik med spr\u00e5ket, som blir underutviklet n\u00e5r h\u00f8rselen er svak.<\/p>\n<p class=\"_paragraph_1bvmi_4 _paragraph_xtcu6_10 layout-component text-serif-m layout-normal text-serif-m layout-padded\">\u2013 Vi har st\u00e5tt i logopedk\u00f8en siden 2024. Enn\u00e5 har vi ikke f\u00e5tt help. All ventingen er veldig frustrerende n\u00e5r du s\u00e5 gjerne vil at barnet ditt skal bli bedre, sier hun oppgitt.<\/p>\n<p class=\"_paragraph_1bvmi_4 _paragraph_xtcu6_10 layout-component text-serif-m layout-normal text-serif-m layout-padded\">\u2013 Men, legger hun til:<\/p>\n<p class=\"_paragraph_1bvmi_4 _paragraph_xtcu6_10 layout-component text-serif-m layout-normal text-serif-m layout-padded\">\u2013 K\u00f8 sliter p\u00e5 alle, ogs\u00e5 alle dem som m\u00e5 fortelle oss at vi m\u00e5 vente, og vente. Det er ikke deres feil, de jobber lange dager og pr\u00f8ver \u00e5 hjelpe.<\/p>\n<p>\u2013 Oppgitt<\/p>\n<p class=\"_paragraph_1bvmi_4 _paragraph_xtcu6_10 layout-component text-serif-m layout-normal text-serif-m layout-padded\">De har tro p\u00e5 at s\u00f8nnen som boltrer seg i lekeparken kan f\u00e5 normal h\u00f8rsel og spr\u00e5k.<\/p>\n<p class=\"_paragraph_1bvmi_4 _paragraph_xtcu6_10 layout-component text-serif-m layout-normal text-serif-m layout-padded\">\u2013 Han har ikke samme vokabular som de andre ungene i barnehagen og sliter litt med \u00e5 finne ordene. Barnehagen er veldig dyktige, men er klare p\u00e5 at han trenge logopedhjelp, sier moren:<\/p>\n<p class=\"_paragraph_1bvmi_4 _paragraph_xtcu6_10 layout-component text-serif-m layout-normal text-serif-m layout-padded\">\u2013 Vi har stor tro p\u00e5 at spr\u00e5ket skal komme seg med hjelp. Det vi er oppgitt over er at det har tatt flere \u00e5r av hans unge liv for \u00e5 f\u00e5 hjelp.<\/p>\n<p class=\"_paragraph_1bvmi_4 _paragraph_xtcu6_10 layout-component text-serif-m layout-normal text-serif-m layout-padded\">Erna Solberg har spurt og lyttet.<\/p>\n<p><img alt=\"Fargerik barnepark. Far og s\u00f8nn leker i bakgrunnen.  Foto: Helge Mikalsen \/ VG\" class=\"_image_qp4xg_65 layout-component layout-normal\" data-fullscreen- data-track-element-type=\"Article image fullscreen\" data-track-name=\"ImageFullscreen\" decoding=\"async\" loading=\"lazy\" height=\"5329\" itemprop=\"image\"  src=\"https:\/\/www.europesays.com\/no\/wp-content\/uploads\/2025\/08\/08121b5c-3b27-4622-87dd-21451f50133b\"  style=\"object-position:0% 0%\" width=\"7976\"\/>Fargerik barnepark. Far og s\u00f8nn leker i bakgrunnen.  Foto: Helge Mikalsen \/ VG<\/p>\n<p class=\"_paragraph_1bvmi_4 _paragraph_xtcu6_10 layout-component text-serif-m layout-normal text-serif-m layout-padded\">\u2013 Det Ulrik og familien har opplevd er helt uakseptabelt. De lange ventetidene rammer et barn i en kritisk fase av spr\u00e5kutviklingen, og f\u00e5r dramatiske konsekvenser for ham tidlig i livet:<\/p>\n<p class=\"_paragraph_1bvmi_4 _paragraph_xtcu6_10 layout-component text-serif-m layout-normal text-serif-m layout-padded\">\u2013 Barns utvikling fra de er ett til fem er enormt viktig for spr\u00e5kutvikling og begrepsforst\u00e5else, men ogs\u00e5 for selvbilde, sier Solberg.<\/p>\n<p class=\"_paragraph_1bvmi_4 _paragraph_xtcu6_10 layout-component text-serif-m layout-normal text-serif-m layout-padded\">Hun er ikke veldig overraskende klar p\u00e5 at det finnes et alternativ.<\/p>\n<p class=\"_paragraph_1bvmi_4 _paragraph_xtcu6_10 layout-component text-serif-m layout-normal text-serif-m layout-padded\">\u2013 N\u00e5r k\u00f8ene er s\u00e5 lange, da m\u00e5 det v\u00e6re mulig se at private akt\u00f8rer kan bidra for \u00e5 hindre at denne familien opplever det de har gjort med sitt barn i viktige oppvekst\u00e5r.<\/p>\n<p class=\"_paragraph_1bvmi_4 _paragraph_xtcu6_10 layout-component text-serif-m layout-normal text-serif-m layout-padded\">Hun utdyper her:<\/p>\n<ul class=\"_list_1bvmi_3 _list_xtcu6_9 _list_16v91_9 _unordered_1bvmi_99 layout-component text-serif-m layout-normal text-sans-m layout-padded\">\n<li class=\"_item_1bvmi_30\">H\u00f8yres l\u00f8fte er at vi skal kj\u00f8pe mer ledig behandlingskapasitet fra private som vil v\u00e6re med \u00e5 hjelpe. I tillegg skal de offentlige sykehusene styrkes og sykehusene skal f\u00e5 bedre betalt til flere de behandler.<\/li>\n<li class=\"_item_1bvmi_30\">Det aller viktigste for oss er at de som trenger helsehjelp f\u00e5r den raskere enn i dag. Da m\u00e5 det offentlige samarbeide mer med private og ideelle som har ledig kapasitet. Vi m\u00e5 ta i bruk alle gode krefter og p\u00e5 det offentliges regning.<\/li>\n<\/ul>\n<p>Vis mer<\/p>\n<p class=\"_paragraph_1bvmi_4 _paragraph_xtcu6_10 layout-component text-serif-m layout-normal text-serif-m layout-padded\">\u2013 Finnes det gode private tilbud p\u00e5 dette feltet i Bergen?<\/p>\n<p class=\"_paragraph_1bvmi_4 _paragraph_xtcu6_10 layout-component text-serif-m layout-normal text-serif-m layout-padded\">\u2013 Ja, innenfor \u00f8re, nese og hals finnes det. Men det er alts\u00e5 slik at alle har rett til fritt behandlingsvalgfritt behandlingsvalgFritt behandlingsvalg er en ordning som gir pasienter rett til \u00e5 velge behandlingssted i spesialisthelsetjenesten, b\u00e5de offentlige og private akt\u00f8rer med avtale. Dette betyr at pasienter kan velge hvor de \u00f8nsker \u00e5 bli utredet, behandlet, fulgt opp og rehabilitert, uavhengig av om behandlingsstedet er offentlig eller privat, s\u00e5 lenge det private behandlingsstedet har avtale med et regionalt helseforetak. ; du kan be om behandling et annet sted i landet, hvis det er k\u00f8 i ditt distrikt. Men det er det f\u00e5 som tenker p\u00e5 og blir opplyst om, sier Solberg.<\/p>\n<p><img alt=\"Foto: Helge Mikalsen \/ VG\" class=\"_image_qp4xg_65 layout-component layout-normal\" data-fullscreen- data-track-element-type=\"Article image fullscreen\" data-track-name=\"ImageFullscreen\" decoding=\"async\" loading=\"lazy\" height=\"5417\" itemprop=\"image\"  src=\"https:\/\/www.europesays.com\/no\/wp-content\/uploads\/2025\/08\/5608c6d5-7093-4e07-b32a-f8c88bb1273e\"  style=\"object-position:0% 0%\" width=\"7402\"\/>Foto: Helge Mikalsen \/ VG<\/p>\n<p class=\"_paragraph_1bvmi_4 _paragraph_xtcu6_10 layout-component text-serif-m layout-normal text-serif-m layout-padded\">Mariell sier at de hadde bestemt seg for \u00e5 g\u00e5 til privateg\u00e5 til privateTakk nei fra tilbudet ved Haukeland sykehus hvor de stod lenge i k\u00f8 og i stedet betale for \u00e5 ta operasjonen ved en privat klinikk..<\/p>\n<p class=\"_paragraph_1bvmi_4 _paragraph_xtcu6_10 layout-component text-serif-m layout-normal text-serif-m layout-padded\">\u2013 Hvis vi ikke hadde f\u00e5tt operasjon innen 31. januar, hadde vi bestemt oss for \u00e5 se om vi hadde r\u00e5d til \u00e5 betale.<\/p>\n<p>Skarre p\u00e5 r-en-krise<\/p>\n<p class=\"_paragraph_1bvmi_4 _paragraph_xtcu6_10 layout-component text-serif-m layout-normal text-serif-m layout-padded\">De innr\u00f8mmer at de begge er H\u00f8yre-folk, men at de aldri har hatt verv for partiet.<\/p>\n<p class=\"_paragraph_1bvmi_4 _paragraph_xtcu6_10 layout-component text-serif-m layout-normal text-serif-m layout-padded\">\u2013 Men jeg m\u00e5 jo si at jeg synes det blir veldig feil at vi som eventuelt har muligheten til \u00e5 betale oss ut av en k\u00f8, skal f\u00e5 raskere hjelp. Det skal ikke v\u00e6re slik at inntekten skiller mellom dem som st\u00e5r i k\u00f8 og dem som kan betale seg ut av problemet, sier Mariell.<\/p>\n<p class=\"_paragraph_1bvmi_4 _paragraph_xtcu6_10 layout-component text-serif-m layout-normal text-serif-m layout-padded\">Hun sier at h\u00f8rselen er tilbake etter den andre operasjonen og at det er h\u00e5p om at b\u00e5de h\u00f8rsel og spr\u00e5k etter hvert blir normalt for deres gutt.<\/p>\n<p class=\"_paragraph_1bvmi_4 _paragraph_xtcu6_10 layout-component text-serif-m layout-normal text-serif-m layout-padded\">Hun ler og sier at en fem\u00e5rig bergenser som ikke har f\u00e5tt lytte nok og utvikle spr\u00e5ket har en stor utfordring:<\/p>\n<p class=\"_paragraph_1bvmi_4 _paragraph_xtcu6_10 layout-component text-serif-m layout-normal text-serif-m layout-padded\">\u2013 Det er krise i Bergen at du ikke kan skarre p\u00e5 r-en skikkelig. F\u00e5r Ulrik til det, er rehabiliteringen vellykket!<\/p>\n<p><img alt=\"Foto: Helge Mikalsen \/ VG\" class=\"_image_qp4xg_65 layout-component layout-normal\" data-fullscreen- data-track-element-type=\"Article image fullscreen\" data-track-name=\"ImageFullscreen\" decoding=\"async\" loading=\"lazy\" height=\"5504\" itemprop=\"image\"  src=\"https:\/\/www.europesays.com\/no\/wp-content\/uploads\/2025\/08\/ccbc633e-1f97-43b0-bb3e-9e517b39da58\"  style=\"object-position:0% 0%\" width=\"8256\"\/>Foto: Helge Mikalsen \/ VG\u2013 Sterkt beklagelig<\/p>\n<p class=\"_paragraph_1bvmi_4 _paragraph_xtcu6_10 layout-component text-serif-m layout-normal text-serif-m layout-padded\">Overlege Ingvild Enges\u00e6ter ved \u00d8re-nese-hals avdelingen ved Haukeland universitetssjukehus beklager overfor Ulrik og foreldrene.<\/p>\n<p class=\"_paragraph_1bvmi_4 _paragraph_xtcu6_10 layout-component text-serif-m layout-normal text-serif-m layout-padded\">\u2013 Vi har stor forst\u00e5else for den belastningen familien beskriver og synes situasjonen er sterkt beklagelig. Det er krevende b\u00e5de for barn og foreldre \u00e5 st\u00e5 i s\u00e5 lange k\u00f8er, s\u00e6rlig n\u00e5r det gjelder behandling som kan p\u00e5virke barns utvikling.<\/p>\n<p class=\"_paragraph_1bvmi_4 _paragraph_xtcu6_10 layout-component text-serif-m layout-normal text-serif-m layout-padded\">Hun sier at ventetiden skyldes kombinasjonen av kapasitetsutfordringer, h\u00f8y ettersp\u00f8rsel etter \u00f8re-nese-hals-kirurgi og prioritering av pasienter med akutte behov, for eksempel pasienter som er under utredning for kreft.<\/p>\n<p class=\"_paragraph_1bvmi_4 _paragraph_xtcu6_10 layout-component text-serif-m layout-normal text-serif-m layout-padded\">\u2013 Likevel er en ventetid p\u00e5 14 m\u00e5neder for et barn med nedsatt h\u00f8rsel og p\u00e5virket spr\u00e5kutvikling for lang og ikke i tr\u00e5d med intensjonen om forsvarlig behandlingstid, erkjenner hun.<\/p>\n<p class=\"_paragraph_1bvmi_4 _paragraph_xtcu6_10 layout-component text-serif-m layout-normal text-serif-m layout-padded\">Litt mer:<\/p>\n<p class=\"_paragraph_1bvmi_4 _paragraph_xtcu6_10 _paragraph_16v91_10 layout-component text-serif-m layout-normal text-sans-m layout-padded\">\u2013 Vi jobber kontinuerlig med \u00e5 redusere ventetiden og har en markert positiv utvikling n\u00e5r det gjelder ventetid for operative inngrep etter \u00e5pning av nye operasjonsstuer i v\u00e5rt barne- og ungdomssykehus i <a href=\"https:\/\/www.helse-bergen.no\/steder\/haukeland\/glasblokkene\/\" class=\"_link_1bvmi_39\" rel=\"nofollow noopener\" target=\"_blank\">Glasblokkene<\/a>.<\/p>\n<p>Vis merAdvarer<\/p>\n<p class=\"_paragraph_1bvmi_4 _paragraph_xtcu6_10 layout-component text-serif-m layout-normal text-serif-m layout-padded\">Helse- og omsorgsminister Jan Christian Vestre sier at han er glad for at Ulrik f\u00e5r hjelp.<\/p>\n<p><img alt=\"Foto: Helge Mikalsen \/ VG\" class=\"_image_qp4xg_65 layout-component layout-normal\" data-fullscreen- data-track-element-type=\"Article image fullscreen\" data-track-name=\"ImageFullscreen\" decoding=\"async\" loading=\"lazy\" height=\"5186\" itemprop=\"image\"  src=\"https:\/\/www.europesays.com\/no\/wp-content\/uploads\/2025\/08\/808c8e96-52f2-42c7-a2f4-1e449b54c8d4\"  style=\"object-position:0% 0%\" width=\"7055\"\/>Foto: Helge Mikalsen \/ VG<\/p>\n<p class=\"_paragraph_1bvmi_4 _paragraph_xtcu6_10 layout-component text-serif-m layout-normal text-serif-m layout-padded\">\u2013 Og at det ser ut til \u00e5 g\u00e5 bra n\u00e5. Men familien har helt rett i at ventetiden har v\u00e6rt for lang og at det ikke skal v\u00e6re slik i v\u00e5r felles helsetjeneste. V\u00e5r hovedprioritet er at alle som trenger det skal f\u00e5 raskere helsehjelp:<\/p>\n<p class=\"_paragraph_1bvmi_4 _paragraph_xtcu6_10 layout-component text-serif-m layout-normal text-serif-m layout-padded\">\u2013 Ventetiden har i snitt g\u00e5tt ned med to uker det siste \u00e5ret og er n\u00e5 lavere enn f\u00f8r pandemien, men arbeidet fortsetter for fullt og ventetidene skal helt klart ytterligere ned fremover.<\/p>\n<p class=\"_paragraph_1bvmi_4 _paragraph_xtcu6_10 layout-component text-serif-m layout-normal text-serif-m layout-padded\">Han sier at H\u00f8yres vei \u00abvil gi en egen k\u00f8 for de i jobb, som vil g\u00e5 utover s\u00e5nne som Ulrik\u00bb.<\/p>\n<p class=\"_paragraph_1bvmi_4 _paragraph_xtcu6_10 layout-component text-serif-m layout-normal text-serif-m layout-padded\">\u2013 Jeg vil advare mot H\u00f8yres forslag om \u00e5 innf\u00f8re et system der de mest produktive i samfunnet f\u00e5r hjelp f\u00f8rst, mens alle andre m\u00e5 vente. Det vil ramme barn og unge som Ulrik, eldre og mennesker utenfor arbeidslivet.<\/p>\n<p class=\"_paragraph_1bvmi_4 _paragraph_xtcu6_10 layout-component text-serif-m layout-normal text-serif-m layout-padded\">Han utdyper mer her:<\/p>\n<p class=\"_paragraph_1bvmi_4 _paragraph_xtcu6_10 _paragraph_16v91_10 layout-component text-serif-m layout-normal text-sans-m layout-padded\">\u2013 Arbeiderpartiet vil at alle skal f\u00e5 raskere helsehjelp, og at det er de medisinskfaglige kriteriene alvor, nytte og ressurs som m\u00e5 avgj\u00f8re prioriteringene, ikke hvor produktiv du er for samfunnet.<\/p>\n<p class=\"_paragraph_1bvmi_4 _paragraph_xtcu6_10 _paragraph_16v91_10 layout-component text-serif-m layout-normal text-sans-m layout-padded\">\u2013 Gjennom Ventetidsl\u00f8ftet har vi utvidet \u00e5pningstidene i sykehusene, vi jobber med bedre ansvars- og oppgavedeling, ny teknologi og med \u00e5 ta bort plunder og heft i hverdagen som stjeler tid fra pasientbehandling. Vi samarbeider ogs\u00e5 godt med private akt\u00f8rer, og sykehusene ligger an til \u00e5 kj\u00f8pe kapasitet fra private for godt over 18 milliarder i \u00e5r. Alt dette bidrar til reduserte ventetider, sier han.<\/p>\n<p class=\"_paragraph_1bvmi_4 _paragraph_xtcu6_10 _paragraph_16v91_10 layout-component text-serif-m layout-normal text-sans-m layout-padded\">Vestre er enig med Solberg i at helsetjenesten m\u00e5 bli mye flinkere til \u00e5 informere pasienter og p\u00e5r\u00f8rende om at de har rett til \u00e5 velge behandling mellom offentlige sykehus og private sykehus som har avtale med det offentlige.<\/p>\n<p class=\"_paragraph_1bvmi_4 _paragraph_xtcu6_10 _paragraph_16v91_10 layout-component text-serif-m layout-normal text-sans-m layout-padded\">\u2013 Det gj\u00f8r ofte at en kan f\u00e5 hjelp raskere. Denne retten innf\u00f8rte Arbeiderpartiet for 25 \u00e5r siden og den skal vi selvf\u00f8lgelig videref\u00f8re. Det viktigste er at alle f\u00e5r god hjelp, ikke hvor du f\u00e5r denne hjelpen.<\/p>\n<p>Vis mer    <\/p>\n","protected":false},"excerpt":{"rendered":"Fem\u00e5rige Ulrik i Bergen har slitt med d\u00e5rlig h\u00f8rsel og spr\u00e5kutvikling p\u00e5 grunn av lang ventetid p\u00e5 \u00f8reoperasjoner.&hellip;\n","protected":false},"author":2,"featured_media":19070,"comment_status":"","ping_status":"","sticky":false,"template":"","format":"standard","meta":{"footnotes":""},"categories":[5],"tags":[20,21,24,25,15,19,22,23,17,18,13,30,28,281,29,14,16,199,26,27,205],"class_list":{"0":"post-19069","1":"post","2":"type-post","3":"status-publish","4":"format-standard","5":"has-post-thumbnail","7":"category-overskrifter","8":"tag-breaking-news","9":"tag-breakingnews","10":"tag-featured-news","11":"tag-featurednews","12":"tag-headlines","13":"tag-hovedoppslag","14":"tag-latest-news","15":"tag-latestnews","16":"tag-main-news","17":"tag-mainnews","18":"tag-news","19":"tag-no","20":"tag-norge","21":"tag-norsk-politikk","22":"tag-norway","23":"tag-nyheter","24":"tag-overskrifter","25":"tag-stortingsvalg","26":"tag-top-stories","27":"tag-topstories","28":"tag-vgsamfunn"},"share_on_mastodon":{"url":"","error":""},"_links":{"self":[{"href":"https:\/\/www.europesays.com\/no\/wp-json\/wp\/v2\/posts\/19069","targetHints":{"allow":["GET"]}}],"collection":[{"href":"https:\/\/www.europesays.com\/no\/wp-json\/wp\/v2\/posts"}],"about":[{"href":"https:\/\/www.europesays.com\/no\/wp-json\/wp\/v2\/types\/post"}],"author":[{"embeddable":true,"href":"https:\/\/www.europesays.com\/no\/wp-json\/wp\/v2\/users\/2"}],"replies":[{"embeddable":true,"href":"https:\/\/www.europesays.com\/no\/wp-json\/wp\/v2\/comments?post=19069"}],"version-history":[{"count":0,"href":"https:\/\/www.europesays.com\/no\/wp-json\/wp\/v2\/posts\/19069\/revisions"}],"wp:featuredmedia":[{"embeddable":true,"href":"https:\/\/www.europesays.com\/no\/wp-json\/wp\/v2\/media\/19070"}],"wp:attachment":[{"href":"https:\/\/www.europesays.com\/no\/wp-json\/wp\/v2\/media?parent=19069"}],"wp:term":[{"taxonomy":"category","embeddable":true,"href":"https:\/\/www.europesays.com\/no\/wp-json\/wp\/v2\/categories?post=19069"},{"taxonomy":"post_tag","embeddable":true,"href":"https:\/\/www.europesays.com\/no\/wp-json\/wp\/v2\/tags?post=19069"}],"curies":[{"name":"wp","href":"https:\/\/api.w.org\/{rel}","templated":true}]}}