{"id":190729,"date":"2026-03-18T12:00:22","date_gmt":"2026-03-18T12:00:22","guid":{"rendered":"https:\/\/www.europesays.com\/no\/190729\/"},"modified":"2026-03-18T12:00:22","modified_gmt":"2026-03-18T12:00:22","slug":"kjemiker-frykter-for-heliumleveransene-etter-hormuz-stopp-teknisk-ukeblad","status":"publish","type":"post","link":"https:\/\/www.europesays.com\/no\/190729\/","title":{"rendered":"Kjemiker frykter for heliumleveransene etter Hormuz-stopp &#8211; Teknisk Ukeblad"},"content":{"rendered":"<ol>\n<li><a href=\"https:\/\/news.google.com\/rss\/articles\/CBMilgFBVV95cUxPd05XT2ZfRVVpX3haQ0lsVUMyUzB4RENCNF9jeVlKMkNZeWc5b1VWMnh0WDZzNHRZa0FxSEJIZm43XzZJNkxtQlVSMHF5M0hNeXhjcHhhWEduRnU1Qnp2a1RtY3c5akd0OWZPaVdiaWVfank5cGl0RFgwbFZNRUpXeGczMWdYT281dE9aYWpab2ZBYmhLWmc?oc=5\" target=\"_blank\" rel=\"nofollow noopener\">Kjemiker frykter for heliumleveransene etter Hormuz-stopp<\/a>&nbsp;&nbsp;Teknisk Ukeblad<\/li>\n<li><a href=\"https:\/\/news.google.com\/rss\/articles\/CBMi1AFBVV95cUxNRE0wUHdCckNCY280Q3ZZODVhc1Vsc2lQZW14SkZMTV9yWmdoS01EY1JGdzQycjMwLTJ2NHo0Q1NJcHpuU3NJV3k5NUstTjVxNzB5eDNmUTIzV0Q3cm5PQ0UwTUJieWdiUDR5SG5LNTJ3T1F2XzhsUm5TWXEwS0Z0UHlpdmZoeUtBRFY4SGJtd0lrS3FRcFp1YkhOOWdkcWNjbDhUZFJING1fWjcyUV9BSVB2LWtlR0VMRjlDTHo4QllsYURmb1RvODRJcG5kSlRDTUpKWg?oc=5\" target=\"_blank\" rel=\"nofollow noopener\">N\u00e5 blir energi igjen brukt som maktmiddel i krig. Det avsl\u00f8rer en ubehagelig realitet.<\/a>&nbsp;&nbsp;Aftenposten<\/li>\n<li><a href=\"https:\/\/news.google.com\/rss\/articles\/CBMimAFBVV95cUxPQ19yOXdjdlhOZ1J6QTFwWEE5eG1LRVJlek9ydDktX2c2YUJLbWJOOW1FREU4U0NJNkVBX3F2Y2s3U1pFMjRCaEhyMDFVSkJ5WFFYcDBMbUd1UERWdGp4TUtmSWk3OWJMbEhneGVvem5CeExUSzEzcVdJbWNpekJ2MnE2dzZBd0EwT2NJa0V1dW41WDJfMzl1dg?oc=5\" target=\"_blank\" rel=\"nofollow noopener\">Gj\u00f8dseltr\u00f8bbel i gulfen<\/a>&nbsp;&nbsp;Nationen<\/li>\n<li><a href=\"https:\/\/news.google.com\/rss\/articles\/CBMiZkFVX3lxTE9yTHZPR0R4dmk2TXdXZm5Ka29iMHZ6NGtWQUhhU0dVNGZMdnBUWWYteVR0SDg3TXA1aVFoWmw5OFYwNy1aTElnNUdzc04teDA4RzIzYjhGdFk1X21FSnlzOTNBdEt0dw?oc=5\" target=\"_blank\" rel=\"nofollow noopener\">Utenriksstudio &#8211; FN: 45 millioner flere kan rammes av sult hvis Midt\u00f8sten-krigen fortsetter fram til sommeren<\/a>&nbsp;&nbsp;Stavanger Aftenblad<\/li>\n<li><a href=\"https:\/\/news.google.com\/rss\/articles\/CBMiuAFBVV95cUxQZkFKRmxERjZfd2o1eXNkVS1BYVdnTkt2cG9CYVQyR3pUR1F0cHZRTkE5UHlaaUhrUk9sb005UDFtVENJdjJuX1ZwS2tKRElWUjJDaU5XQjdhMDlmQ0N2enllbGRKd3p5S0ZTbXAxU25IWXpOdkhBQTg5a25lSm5iVzE3Mmc0ZDB0X25hb1dnMllEaEtGdFQ4ajZ3NXRpTVJpMjZGeG1waXAyRXVwUFdhVFB6ZG5Yc2Yx?oc=5\" target=\"_blank\" rel=\"nofollow noopener\">B\u00f8nder i Tr\u00f8ndelag var beredt f\u00f8r krigen i Iran<\/a>&nbsp;&nbsp;adressa.no<\/li>\n<\/ol>\n","protected":false},"excerpt":{"rendered":"Kjemiker frykter for heliumleveransene etter Hormuz-stopp&nbsp;&nbsp;Teknisk Ukeblad N\u00e5 blir energi igjen brukt som maktmiddel i krig. Det avsl\u00f8rer&hellip;\n","protected":false},"author":2,"featured_media":190730,"comment_status":"","ping_status":"","sticky":false,"template":"","format":"standard","meta":{"footnotes":"","_share_on_mastodon":"0"},"categories":[12],"tags":[20,21,24,25,15,537,22,23,180,13,30,28,29,14,16,26,27,42,43,44,45],"class_list":["post-190729","post","type-post","status-publish","format-standard","has-post-thumbnail","category-verden","tag-breaking-news","tag-breakingnews","tag-featured-news","tag-featurednews","tag-headlines","tag-industri","tag-latest-news","tag-latestnews","tag-maritim","tag-news","tag-no","tag-norge","tag-norway","tag-nyheter","tag-overskrifter","tag-top-stories","tag-topstories","tag-verden","tag-world","tag-world-news","tag-worldnews"],"share_on_mastodon":{"url":"https:\/\/pubeurope.com\/@no\/116250072108474308","error":""},"_links":{"self":[{"href":"https:\/\/www.europesays.com\/no\/wp-json\/wp\/v2\/posts\/190729","targetHints":{"allow":["GET"]}}],"collection":[{"href":"https:\/\/www.europesays.com\/no\/wp-json\/wp\/v2\/posts"}],"about":[{"href":"https:\/\/www.europesays.com\/no\/wp-json\/wp\/v2\/types\/post"}],"author":[{"embeddable":true,"href":"https:\/\/www.europesays.com\/no\/wp-json\/wp\/v2\/users\/2"}],"replies":[{"embeddable":true,"href":"https:\/\/www.europesays.com\/no\/wp-json\/wp\/v2\/comments?post=190729"}],"version-history":[{"count":0,"href":"https:\/\/www.europesays.com\/no\/wp-json\/wp\/v2\/posts\/190729\/revisions"}],"wp:featuredmedia":[{"embeddable":true,"href":"https:\/\/www.europesays.com\/no\/wp-json\/wp\/v2\/media\/190730"}],"wp:attachment":[{"href":"https:\/\/www.europesays.com\/no\/wp-json\/wp\/v2\/media?parent=190729"}],"wp:term":[{"taxonomy":"category","embeddable":true,"href":"https:\/\/www.europesays.com\/no\/wp-json\/wp\/v2\/categories?post=190729"},{"taxonomy":"post_tag","embeddable":true,"href":"https:\/\/www.europesays.com\/no\/wp-json\/wp\/v2\/tags?post=190729"}],"curies":[{"name":"wp","href":"https:\/\/api.w.org\/{rel}","templated":true}]}}