{"id":191102,"date":"2026-03-18T21:00:15","date_gmt":"2026-03-18T21:00:15","guid":{"rendered":"https:\/\/www.europesays.com\/no\/191102\/"},"modified":"2026-03-18T21:00:15","modified_gmt":"2026-03-18T21:00:15","slug":"forsvar-trafikk-militaere-kjoretoy-pa-rekke-og-rad","status":"publish","type":"post","link":"https:\/\/www.europesays.com\/no\/191102\/","title":{"rendered":"Forsvar, Trafikk | Milit\u00e6re kj\u00f8ret\u00f8y p\u00e5 rekke og rad"},"content":{"rendered":"\n<p>Mandag 23. mars er sjansene store for at du vil m\u00f8te Forsvaret p\u00e5 vegene i Innlandet.<\/p>\n<p>\u00c5rsaken er at kj\u00f8ret\u00f8yene som har deltatt i \u00f8velsen Cold Respons i Nord-Norge skal tilbake der de kom fra.<\/p>\n<p>Og det skjer tradisjonen tro som milit\u00e6rkolonner langs vegen.<\/p>\n<p>Forsvaret bekrefter overfor \u00d8stlendingen at det i v\u00e5rt omr\u00e5de vil bli kj\u00f8rt milit\u00e6rkolonner p\u00e5 riksveg 25 mellom Hamar og Elverum, og videre p\u00e5 riksveg 3 nordover mot Rena.<\/p>\n<p>  <a href=\"https:\/\/www.ostlendingen.no\/80-69-219510\" class=\"related-teaser has-image article--c-MkAkR\" rel=\"nofollow noopener\" target=\"_blank\"><\/p>\n<p>    <img decoding=\"async\" width=\"155\"  loading=\"lazy\"  src=\"https:\/\/www.europesays.com\/no\/wp-content\/uploads\/2026\/03\/f0ea3a37-f3d3-4b9c-8215-b371e50d3e2d.heic.jpeg\" alt=\"\" class=\"brick-c-cFOWSL\" style=\"\"\/><\/p>\n<p>\n            Les ogs\u00e5<\/p>\n<p>            I tilfelle krig: \u2013 M\u00e5 v\u00e6re tilstrekkelig dimensjonert\n        <\/p>\n<p>  <\/a><\/p>\n<p>Milit\u00e6rkolonnene kommer fra \u00c5ndalsnes.<\/p>\n<p>Kj\u00f8ringen starter opp klokken 08.00 om morgenen.<\/p>\n<p>I den forbindelse oppfordrer Statens vegvesen sivile bilister om \u00e5 forberede seg.<\/p>\n<p>\u2013 Alle som ferdes p\u00e5 E39, E6, riksveg 3 og 25 m\u00e5 planlegge reisen sin godt. Ta h\u00f8yde for noe forsinkelse og v\u00e6r oppmerksomme, opplyser Vegtrafikksentralen i en pressemelding onsdag ettermiddag.<\/p>\n<p>P\u00e5 den m\u00e5ten oppfordrer vegmyndighetene alle til \u00e5 bidra til en trygg og smidig avvikling av trafikken.<\/p>\n<p>Hvordan er det man forholder seg til en milit\u00e6rkolonne?<\/p>\n<p>\u2013 Det er ikke et absolutt forbud mot \u00e5 kj\u00f8re forbi en kolonne, men du bryter trafikkreglene om du hindrer eller forstyrrer kolonnen., understreker Vegtrafikksentralen.<\/p>\n<p>Milit\u00e6rkolonner vil v\u00e6re merket med bl\u00e5tt flagg p\u00e5 det forreste kj\u00f8ret\u00f8yet, og gr\u00f8nt flagg p\u00e5 det bakerste.\u00a0<\/p>\n<p>\u2013 I m\u00f8rket erstattes flaggene av henholdsvis bl\u00e5tt og gr\u00f8nt lys. Milit\u00e6re kolonner skal v\u00e6re merket med \u00abMilit\u00e6r kolonne\u00bb-skilt b\u00e5de fremst og bakerst i kolonnen, opplyser Vegtrafikksentralen.<\/p>\n<p>For \u00e5 hjelpe deg p\u00e5 veg har Statens vegvesen satt opp denne huskelisten:<\/p>\n<ul>\n<li>Ikke kj\u00f8r forbi, det er lov kun p\u00e5 firefelts veg.<\/li>\n<li>Ikke bryt inn i kolonnen.<\/li>\n<li>Hold god avstand.<\/li>\n<li>Vis t\u00e5lmodighet.<\/li>\n<li>F\u00f8lg anvisninger.<\/li>\n<li>V\u00e6r ekstra oppmerksom.<\/li>\n<\/ul>\n","protected":false},"excerpt":{"rendered":"Mandag 23. mars er sjansene store for at du vil m\u00f8te Forsvaret p\u00e5 vegene i Innlandet. \u00c5rsaken er&hellip;\n","protected":false},"author":2,"featured_media":191103,"comment_status":"","ping_status":"","sticky":false,"template":"","format":"standard","meta":{"footnotes":"","_share_on_mastodon":"0"},"categories":[10],"tags":[7554,36,20,21,1070,24,25,226,1552,15,22,23,1272,8136,13,30,28,29,14,16,1510,26,27,224],"class_list":["post-191102","post","type-post","status-publish","format-standard","has-post-thumbnail","category-norge","tag-amot","tag-art","tag-breaking-news","tag-breakingnews","tag-elverum","tag-featured-news","tag-featurednews","tag-forsvar","tag-hamar","tag-headlines","tag-latest-news","tag-latestnews","tag-loten","tag-midt-osterdal","tag-news","tag-no","tag-norge","tag-norway","tag-nyheter","tag-overskrifter","tag-story","tag-top-stories","tag-topstories","tag-trafikk"],"share_on_mastodon":{"url":"https:\/\/pubeurope.com\/@no\/116252195237220759","error":""},"_links":{"self":[{"href":"https:\/\/www.europesays.com\/no\/wp-json\/wp\/v2\/posts\/191102","targetHints":{"allow":["GET"]}}],"collection":[{"href":"https:\/\/www.europesays.com\/no\/wp-json\/wp\/v2\/posts"}],"about":[{"href":"https:\/\/www.europesays.com\/no\/wp-json\/wp\/v2\/types\/post"}],"author":[{"embeddable":true,"href":"https:\/\/www.europesays.com\/no\/wp-json\/wp\/v2\/users\/2"}],"replies":[{"embeddable":true,"href":"https:\/\/www.europesays.com\/no\/wp-json\/wp\/v2\/comments?post=191102"}],"version-history":[{"count":0,"href":"https:\/\/www.europesays.com\/no\/wp-json\/wp\/v2\/posts\/191102\/revisions"}],"wp:featuredmedia":[{"embeddable":true,"href":"https:\/\/www.europesays.com\/no\/wp-json\/wp\/v2\/media\/191103"}],"wp:attachment":[{"href":"https:\/\/www.europesays.com\/no\/wp-json\/wp\/v2\/media?parent=191102"}],"wp:term":[{"taxonomy":"category","embeddable":true,"href":"https:\/\/www.europesays.com\/no\/wp-json\/wp\/v2\/categories?post=191102"},{"taxonomy":"post_tag","embeddable":true,"href":"https:\/\/www.europesays.com\/no\/wp-json\/wp\/v2\/tags?post=191102"}],"curies":[{"name":"wp","href":"https:\/\/api.w.org\/{rel}","templated":true}]}}