{"id":19122,"date":"2025-08-27T07:27:07","date_gmt":"2025-08-27T07:27:07","guid":{"rendered":"https:\/\/www.europesays.com\/no\/19122\/"},"modified":"2025-08-27T07:27:07","modified_gmt":"2025-08-27T07:27:07","slug":"konkurransetilsynet-norgespris-en-god-anledning-til-a-bytte-stromavtale","status":"publish","type":"post","link":"https:\/\/www.europesays.com\/no\/19122\/","title":{"rendered":"Konkurranse\u00adtilsynet; Norgespris en god anledning til \u00e5 bytte str\u00f8mavtale"},"content":{"rendered":"\n<ul class=\"_list_1bvmi_3 _list_1flq1_85 _unordered_1bvmi_99 text-sans-m\">\n<li class=\"_item_1bvmi_30\">Konkurransetilsynet og Forbrukerr\u00e5det oppfordrer folk til \u00e5 sjekke sine str\u00f8mavtaler og vurdere bytte n\u00e5r de likevel m\u00e5 ta stilling til Norgespris.<\/li>\n<li class=\"_item_1bvmi_30\">Norgespris er p\u00e5 40 \u00f8re\/kWh, men med mva, nettleie og alle avgifter blir sluttsummen for en vanlig husholdningskunde trolig om lag 1,40 kroner kilowattimen. <\/li>\n<li class=\"_item_1bvmi_30\">Fornybar Norge advarer om svindelfors\u00f8k i forbindelse med innf\u00f8ringen av Norgespris.<\/li>\n<li class=\"_item_1bvmi_30\">Du m\u00e5 bestille Norgespris p\u00e5 Elhub., men denne er ikke klar enn\u00e5.<\/li>\n<\/ul>\n<p>Vis mer <\/p>\n<p class=\"_paragraph_1bvmi_4 _paragraph_xtcu6_10 layout-component text-serif-m layout-normal text-serif-m layout-padded\">Det samme sier Forbrukerr\u00e5det.<\/p>\n<p class=\"_paragraph_1bvmi_4 _paragraph_xtcu6_10 layout-component text-serif-m layout-normal text-serif-m layout-padded\">Fra 1. oktober vil regjeringen innf\u00f8re Norgespris \u2013 en fastpris p\u00e5 str\u00f8m p\u00e5 40 \u00f8re\/kWh f\u00f8r mva., nettleie, avgifter og p\u00e5slag til str\u00f8mselskapene. <\/p>\n<p class=\"_paragraph_1bvmi_4 _paragraph_xtcu6_10 layout-component text-serif-m layout-normal text-serif-m layout-padded\"><strong class=\"_strong_1bvmi_25\">Totalprisen du m\u00e5 betale blir trolig rundt 1,40 kroner per kilowattime.<\/strong><\/p>\n<p class=\"_paragraph_1bvmi_4 _paragraph_xtcu6_10 layout-component text-serif-m layout-normal text-serif-m layout-padded\"> Mer om det lenger ned.<\/p>\n<p class=\"_paragraph_1bvmi_4 _paragraph_xtcu6_10 layout-component text-serif-m layout-normal text-serif-m layout-padded\">\u2013 En d\u00e5rlig str\u00f8mavtale blir ikke bedre med Norgespris. Det er bare str\u00f8mprisen som blir fryst med denne st\u00f8tteordningen, men str\u00f8msalgselskapene skal fortsatt ha sine p\u00e5slag, sier Thomas Iversen, fagsjef str\u00f8m hos forbrukernes vaktbikkje.<\/p>\n<p><img decoding=\"async\" alt=\"Bilde av Thomas Iversen\" class=\"_image_ygndg_42\" height=\"27\" itemprop=\"image\" loading=\"lazy\"  src=\"https:\/\/www.europesays.com\/no\/wp-content\/uploads\/2025\/08\/4efdb6ce-52b1-445d-b35b-a4689dd565b6\"  width=\"40\"\/><strong class=\"_name_ygndg_51 title-serif-xs\">Thomas Iversen<\/strong><\/p>\n<p class=\"_paragraph_1bvmi_4 _paragraph_xtcu6_10 layout-component text-serif-m layout-normal text-serif-m layout-padded\">\u2013 N\u00e5r du f\u00f8rst er i modus, b\u00f8r du benytte anledningen n\u00e5r du velger Norgespris til \u00e5 sjekke om avtalen du har er god eller d\u00e5rlig. Det gj\u00f8r du hos oss, p\u00e5 <a href=\"https:\/\/www.forbrukerradet.no\/strompris\/\" class=\"_link_1bvmi_39\" rel=\"nofollow noopener\" target=\"_blank\">Str\u00f8mpris.no<\/a>, og det tar bare et par minutter \u00e5 bytte leverand\u00f8r, sier Iversen i Forbrukerr\u00e5det.<\/p>\n<p class=\"_paragraph_1bvmi_4 _paragraph_xtcu6_10 layout-component text-serif-m layout-normal text-serif-m layout-padded\">Han vil ogs\u00e5 minne om at det ikke er fritt fram med Norgespris.<\/p>\n<p class=\"_paragraph_1bvmi_4 _paragraph_xtcu6_10 layout-component text-serif-m layout-normal text-serif-m layout-padded\">\u2013 Energien du bruker er ikke gratis, heller ikke med Norgespris. Det vil alltid v\u00e6re penger \u00e5 spare p\u00e5 \u00e5 knipe inn p\u00e5 forbruket. Med nettleie, avgifter og p\u00e5slag ser vi for oss at str\u00f8mmen vil koste mellom en og 1,5 kroner med Norgespris, litt avhengig av hvilken str\u00f8mavtale og nettleie du har.<\/p>\n<p class=\"_paragraph_1bvmi_4 _paragraph_xtcu6_10 layout-component text-serif-m layout-normal text-serif-m layout-padded\"><a href=\"https:\/\/e24.no\/energi-og-klima\/i\/OoMwVw\/vil-fastsette-norgespris-som-styringsrenten-boer-ikke-vaere-en-stor-overraskelse\" class=\"_link_1bvmi_39\" rel=\"nofollow noopener\" target=\"_blank\">E24 regnet nylig<\/a> ut at Norgespris trolig vil koste en vanlig husholdningskunde om lag 1,40 kroner kilowattimen med rubbel og bit. Se faktaboks.<\/p>\n<p>Hva koster Norgespris<\/p>\n<ul class=\"_list_1bvmi_3 _list_xtcu6_9 _list_16v91_9 _unordered_1bvmi_99 layout-component text-serif-m layout-normal text-sans-m layout-padded\">\n<li class=\"_item_1bvmi_30\">Fastpris p\u00e5 str\u00f8m: 40 \u00f8re kilowattimen<\/li>\n<li class=\"_item_1bvmi_30\">P\u00e5slag til kraftselgeren: ofte 2\u20133 \u00f8re per kilowattime, men varierer med leverand\u00f8r og kan v\u00e6re h\u00f8yere enn dette<\/li>\n<li class=\"_item_1bvmi_30\">Nettleie: 54 \u00f8re kilowattimen (landssnitt for husholdning med 20.000 kWh forbruk per \u00e5r), men nettleien har store lokale variasjoner<\/li>\n<li class=\"_item_1bvmi_30\">Elavgift: 9,79 \u00f8re kilowattimen (jan.-mars), 16,93 \u00f8re kilowattimen (apr.-sep.), 12,53 \u00f8re kilowattimen (okt.-des.)<\/li>\n<li class=\"_item_1bvmi_30\">Enova-avgift: 1 \u00f8re kilowattimen<\/li>\n<li class=\"_item_1bvmi_30\">Merverdiavgift: 25 prosent<\/li>\n<\/ul>\n<p class=\"_paragraph_1bvmi_4 _paragraph_xtcu6_10 _paragraph_16v91_10 layout-component text-serif-m layout-normal text-sans-m layout-padded\">Ut fra disse tallene vil Norgespris fra oktober 2025 trolig koste en vanlig husholdningskunde om lag 1,40 kroner kilowattimen.<\/p>\n<p class=\"_paragraph_1bvmi_4 _paragraph_xtcu6_10 _paragraph_16v91_10 layout-component text-serif-m layout-normal text-sans-m layout-padded\">Kilde: E24<\/p>\n<p>Vis mer\u2013 V\u00e6r en aktiv forbruker<\/p>\n<p class=\"_paragraph_1bvmi_4 _paragraph_xtcu6_10 layout-component text-serif-m layout-normal text-serif-m layout-padded\">De aller fleste str\u00f8msalgselskapene har et p\u00e5slag p\u00e5 str\u00f8mmen. Tar man med m\u00e5nedsavgiften som mange ogs\u00e5 har, kan prisen variere med opp mot 20 \u00f8re per kWh<\/p>\n<p><img decoding=\"async\" alt=\"Bilde av Johannes Hjartlie\" class=\"_image_ygndg_42\" height=\"30\" itemprop=\"image\" loading=\"lazy\"  src=\"https:\/\/www.europesays.com\/no\/wp-content\/uploads\/2025\/08\/99b28335-3c52-4ae9-a6b9-1df0f7b58b7f\"  width=\"40\"\/><strong class=\"_name_ygndg_51 title-serif-xs\">Johannes Hjartlie<\/strong><\/p>\n<p class=\"_paragraph_1bvmi_4 _paragraph_xtcu6_10 layout-component text-serif-m layout-normal text-serif-m layout-padded\">\u2013 V\u00e5rt viktigste budskap er at det l\u00f8nner seg \u00e5 v\u00e6re en aktiv forbruker ogs\u00e5 etter introduksjonen av Norgespris. For mange kunder, spesielt i S\u00f8r-Norge, vil det nok l\u00f8nne seg \u00e5 velge Norgespris, men man m\u00e5 ikke stoppe der, sier Johannes Hjartlie, seniorr\u00e5dgiver i avdeling for bygg, industri og energi hos <a href=\"https:\/\/www.vg.no\/tag\/konkurransetilsynet?utm_source=vg-article&amp;utm_medium=auto-tagger&amp;utm_campaign=AvoPO5\" class=\"_link_1bvmi_39\" rel=\"nofollow noopener\" target=\"_blank\">Konkurransetilsynet<\/a> i Bergen.<\/p>\n<p class=\"_paragraph_1bvmi_4 _paragraph_xtcu6_10 layout-component text-serif-m layout-normal text-serif-m layout-padded\">\u2013 Dette kan v\u00e6re en god anledning til \u00e5 bytte str\u00f8mleverand\u00f8r. Hvis flere bytter selskap oftere, vil det\u00a0kunne bidra til mer konkurranse om kundene og at flere akt\u00f8rer velger \u00e5 sette ned prisene. Da unng\u00e5r man\u00a0ogs\u00e5 som forbruker\u00a0\u00e5 sitte med en avtale man har hatt i alle \u00e5r og kanskje betale for mye for str\u00f8mmen. Det blir fort penger av det hvis det skiller 20 \u00f8re per kilowattime og du bruker mye str\u00f8m, sier Hjartlie.<\/p>\n<p>Store prisforskjeller<\/p>\n<p class=\"_paragraph_1bvmi_4 _paragraph_xtcu6_10 layout-component text-serif-m layout-normal text-serif-m layout-padded\">En sjekk p\u00e5 <a href=\"https:\/\/www.forbrukerradet.no\/strompris\" class=\"_link_1bvmi_39\" rel=\"nofollow noopener\" target=\"_blank\">Forbrukerr\u00e5det oversikt<\/a> over de forskjellige spotprisavtaler l\u00f8rdag, viste at det totale p\u00e5slaget \u2013 inkludert eventuell m\u00e5nedsavgift \u2013 varierte mellom minus 1,7 \u00f8re og 17,33 \u00f8re. En forskjell p\u00e5 19 \u00f8re alts\u00e5! S\u00e5 her er det penger \u00e5 spare.<\/p>\n<p class=\"_paragraph_1bvmi_4 _paragraph_xtcu6_10 layout-component text-serif-m layout-normal text-serif-m layout-padded\">I Midt-Norge er det mer usikkert om det l\u00f8nner seg med Norgespris, mens nordlendingene har sv\u00e6rt lave str\u00f8mpriser og trolig b\u00f8r styre unna.<\/p>\n<p class=\"_paragraph_1bvmi_4 _paragraph_xtcu6_10 layout-component text-serif-m layout-normal text-serif-m layout-padded\">Hjartlie advarer folk mot \u00e5 sitte stille i b\u00e5ten og ikke gj\u00f8re noe.<\/p>\n<p class=\"_paragraph_1bvmi_4 _paragraph_xtcu6_10 layout-component text-serif-m layout-normal text-serif-m layout-padded\">\u2013 Vi anbefaler at du tar et aktivt valg og g\u00e5r for den str\u00f8mst\u00f8tteordningen som er best for deg enten det er Norgespris eller den eksisterende str\u00f8mst\u00f8tteordningen, sier han og legger til:<\/p>\n<p class=\"_paragraph_1bvmi_4 _paragraph_xtcu6_10 layout-component text-serif-m layout-normal text-serif-m layout-padded\">\u2013 Sjekk ogs\u00e5 via prissammenligningstjenester om du har en god avtale eller om du b\u00f8r bytte. Og pass p\u00e5 at selskapene ikke endrer vilk\u00e5rene eller p\u00e5slaget i forbindelse med innf\u00f8ringen av Norgespris.<\/p>\n<p>Advarer mot svindelfors\u00f8k<\/p>\n<p class=\"_paragraph_1bvmi_4 _paragraph_xtcu6_10 layout-component text-serif-m layout-normal text-serif-m layout-padded\">Det tror ikke Fornybar Norge at kommer til \u00e5 skje.<\/p>\n<p class=\"_paragraph_1bvmi_4 _paragraph_xtcu6_10 layout-component text-serif-m layout-normal text-serif-m layout-padded\">\u2013 Vi tror ikke str\u00f8mselskapene vil legge p\u00e5 prisene n\u00e5r Norgespris innf\u00f8res. Det er rundt 70 selskaper som kjemper om kundene, og pris er noe av det viktigste de konkurrerer om. Dersom noen velger \u00e5 \u00f8ke p\u00e5slagene, m\u00e5 de uansett varsle kundene skriftlig 30 dager i forkant, skriver kommunikasjonsdirekt\u00f8r Aslak \u00d8ver\u00e5s i en e-post og legger til at dette vil v\u00e6re synlig p\u00e5 fakturaen.<\/p>\n<p class=\"_paragraph_1bvmi_4 _paragraph_xtcu6_10 layout-component text-serif-m layout-normal text-serif-m layout-padded\">\u2013 Da har du mulighet til \u00e5 bytte leverand\u00f8r, om du ikke er forn\u00f8yd.<\/p>\n<p class=\"_paragraph_1bvmi_4 _paragraph_xtcu6_10 layout-component text-serif-m layout-normal text-serif-m layout-padded\">Fornybar Norge organiserer b\u00e5de nettselskapene og str\u00f8msalgselskapene.<\/p>\n<p class=\"_paragraph_1bvmi_4 _paragraph_xtcu6_10 layout-component text-serif-m layout-normal text-serif-m layout-padded\">\u2013 Se opp for svindelfors\u00f8k! Ingen skal inn i boligen din i forbindelse med Norgespris. Du b\u00f8r heller ikke klikke p\u00e5 lenker i e-poster, advarer \u00d8ver\u00e5s.<\/p>\n<p>Dette er Norgespris<\/p>\n<ul class=\"_list_1bvmi_3 _list_xtcu6_9 _list_16v91_9 _unordered_1bvmi_99 layout-component text-serif-m layout-normal text-sans-m layout-padded\">\n<li class=\"_item_1bvmi_30\">Du betaler Norgespris p\u00e5 50 \u00f8re per kWh inkludert mva. (40 \u00f8re uten mva.).<\/li>\n<li class=\"_item_1bvmi_30\">I tillegg til \u00e5 betale Norgespris m\u00e5 du ogs\u00e5 betale nettleie, avgifter og eventuelt p\u00e5slag fra str\u00f8mleverand\u00f8ren.<\/li>\n<li class=\"_item_1bvmi_30\">Du m\u00e5 fortsatt ha en str\u00f8mavtale med en str\u00f8mleverand\u00f8r.<\/li>\n<li class=\"_item_1bvmi_30\">Du m\u00e5 selv bestille Norgespris dersom du \u00f8nsker \u00e5 ta del i ordningen.<\/li>\n<li class=\"_item_1bvmi_30\">Du kan ikke f\u00e5 b\u00e5de str\u00f8mst\u00f8tte og Norgespris. Dersom du mottar str\u00f8mst\u00f8tte i dag, og ikke velger Norgespris, fortsetter du automatisk med dagens str\u00f8mst\u00f8tte.<\/li>\n<li class=\"_item_1bvmi_30\">N\u00e5r prisen er h\u00f8yere enn 50 \u00f8re, betaler Staten differansen (forskjellen). For eksempel: Er spotprisen p\u00e5 65 \u00f8re, vil Staten betale det som er over 50 \u00f8re = 15 \u00f8re.*<\/li>\n<li class=\"_item_1bvmi_30\">N\u00e5r prisen er lavere enn 50 \u00f8re, betaler du differansen (forskjellen). For eksempel: er spotprisen 30 \u00f8re, m\u00e5 du likevel betale 50 \u00f8re. Da betaler du 20 \u00f8re tilbake til staten.*<\/li>\n<\/ul>\n<p class=\"_paragraph_1bvmi_4 _paragraph_xtcu6_10 _paragraph_16v91_10 layout-component text-serif-m layout-normal text-sans-m layout-padded\">Norgespris\u00a0gjelder opp til en maksgrense\u00a0per m\u00e5ned:<\/p>\n<ul class=\"_list_1bvmi_3 _list_xtcu6_9 _list_16v91_9 _unordered_1bvmi_99 layout-component text-serif-m layout-normal text-sans-m layout-padded\">\n<li class=\"_item_1bvmi_30\">5\u202f000 kWh for husholdninger<\/li>\n<li class=\"_item_1bvmi_30\">1\u202f000 kWh for hytte\/fritidsboliger<\/li>\n<li class=\"_item_1bvmi_30\">3\u202f500 kWh for fjernvarmekunder<\/li>\n<\/ul>\n<p class=\"_paragraph_1bvmi_4 _paragraph_xtcu6_10 _paragraph_16v91_10 layout-component text-serif-m layout-normal text-sans-m layout-padded\">* Merk at innbyggere i deler av NO4 (Nordland, Troms og Finnmark) er fritatt fra \u00e5 betale merverdiavgift p\u00e5 str\u00f8m. Norgesprisen er uten mva. i disse omr\u00e5dene.\u202f\u00a0Kilde: NVE<\/p>\n<p>Vis mer<\/p>\n<p class=\"_paragraph_1bvmi_4 _paragraph_xtcu6_10 layout-component text-serif-m layout-normal text-serif-m layout-padded\">\u2013 Hvordan f\u00e5r vi egentlig tak i Norgespris?<\/p>\n<p class=\"_paragraph_1bvmi_4 _paragraph_xtcu6_10 layout-component text-serif-m layout-normal text-serif-m layout-padded\">\u2013 Du m\u00e5 aktivt <a href=\"https:\/\/elhub.no\/norgespris\/\" class=\"_link_1bvmi_39\" rel=\"nofollow noopener\" target=\"_blank\">g\u00e5 inn via Elhub <\/a>n\u00e5r ordningen er i boks i slutten av september. Logg deg inn p\u00e5 min side og bytt til Norgespris hvis det l\u00f8nner seg for deg, sier Hjartlie i Konkurransetilsynet.<\/p>\n<p class=\"_paragraph_1bvmi_4 _paragraph_xtcu6_10 layout-component text-serif-m layout-normal text-serif-m layout-padded\">Du har to ukers angrefrist fra du bestiller, men n\u00e5r den er ute, er du l\u00e5st til Norgespris-avtalen ut 2026. Hvis du ikke gj\u00f8r noe, fortsetter du automatisk med dagens str\u00f8mst\u00f8tte.<\/p>\n","protected":false},"excerpt":{"rendered":"Konkurransetilsynet og Forbrukerr\u00e5det oppfordrer folk til \u00e5 sjekke sine str\u00f8mavtaler og vurdere bytte n\u00e5r de likevel m\u00e5 ta&hellip;\n","protected":false},"author":2,"featured_media":19123,"comment_status":"","ping_status":"","sticky":false,"template":"","format":"standard","meta":{"footnotes":""},"categories":[5],"tags":[20,21,24,25,3334,15,19,758,22,23,17,18,13,30,28,3333,29,14,16,243,1501,1500,26,27],"class_list":{"0":"post-19122","1":"post","2":"type-post","3":"status-publish","4":"format-standard","5":"has-post-thumbnail","7":"category-overskrifter","8":"tag-breaking-news","9":"tag-breakingnews","10":"tag-featured-news","11":"tag-featurednews","12":"tag-fornybar-norge","13":"tag-headlines","14":"tag-hovedoppslag","15":"tag-konkurransetilsynet","16":"tag-latest-news","17":"tag-latestnews","18":"tag-main-news","19":"tag-mainnews","20":"tag-news","21":"tag-no","22":"tag-norge","23":"tag-norgespris","24":"tag-norway","25":"tag-nyheter","26":"tag-overskrifter","27":"tag-strom","28":"tag-strompriser","29":"tag-stromstotte","30":"tag-top-stories","31":"tag-topstories"},"share_on_mastodon":{"url":"","error":""},"_links":{"self":[{"href":"https:\/\/www.europesays.com\/no\/wp-json\/wp\/v2\/posts\/19122","targetHints":{"allow":["GET"]}}],"collection":[{"href":"https:\/\/www.europesays.com\/no\/wp-json\/wp\/v2\/posts"}],"about":[{"href":"https:\/\/www.europesays.com\/no\/wp-json\/wp\/v2\/types\/post"}],"author":[{"embeddable":true,"href":"https:\/\/www.europesays.com\/no\/wp-json\/wp\/v2\/users\/2"}],"replies":[{"embeddable":true,"href":"https:\/\/www.europesays.com\/no\/wp-json\/wp\/v2\/comments?post=19122"}],"version-history":[{"count":0,"href":"https:\/\/www.europesays.com\/no\/wp-json\/wp\/v2\/posts\/19122\/revisions"}],"wp:featuredmedia":[{"embeddable":true,"href":"https:\/\/www.europesays.com\/no\/wp-json\/wp\/v2\/media\/19123"}],"wp:attachment":[{"href":"https:\/\/www.europesays.com\/no\/wp-json\/wp\/v2\/media?parent=19122"}],"wp:term":[{"taxonomy":"category","embeddable":true,"href":"https:\/\/www.europesays.com\/no\/wp-json\/wp\/v2\/categories?post=19122"},{"taxonomy":"post_tag","embeddable":true,"href":"https:\/\/www.europesays.com\/no\/wp-json\/wp\/v2\/tags?post=19122"}],"curies":[{"name":"wp","href":"https:\/\/api.w.org\/{rel}","templated":true}]}}