{"id":19128,"date":"2025-08-27T07:32:03","date_gmt":"2025-08-27T07:32:03","guid":{"rendered":"https:\/\/www.europesays.com\/no\/19128\/"},"modified":"2025-08-27T07:32:03","modified_gmt":"2025-08-27T07:32:03","slug":"hetebolger-tvinger-frem-tidlig-druehost-i-frankrike","status":"publish","type":"post","link":"https:\/\/www.europesays.com\/no\/19128\/","title":{"rendered":"Heteb\u00f8lger tvinger frem tidlig drueh\u00f8st i Frankrike"},"content":{"rendered":"\n<p class=\"_lead_1bvmi_2 _lead_xtcu6_50 layout-component text-serif-m layout-normal text-serif-l layout-component layout-normal layout-padded layout-padded\">Vindruene modnes i rekordfart. <\/p>\n<p><img alt=\" Foto: Stephane Mahe \/ Reuters\" class=\"_image_qp4xg_65 layout-component layout-wide\" data-fullscreen- data-track-element-type=\"Article image fullscreen\" data-track-name=\"ImageFullscreen\" fetchpriority=\"high\" decoding=\"sync\" loading=\"eager\" height=\"3538\" itemprop=\"image\"  src=\"https:\/\/www.europesays.com\/no\/wp-content\/uploads\/2025\/08\/b41b07f0-9f95-4cce-939c-1ed0b4181843\"  style=\"object-position:0% 0%\" width=\"4350\"\/> Foto: Stephane Mahe \/ Reuters<\/p>\n<ul aria-hidden=\"true\" class=\"_images_1y6fe_106\">\n<li><a class=\"_link_1y6fe_111\" href=\"https:\/\/www.vg.no\/forfatter\/thomas-andreassen-2\" style=\"z-index:1\" title=\"Thomas Andreassen\" rel=\"nofollow noopener\" target=\"_blank\"><img alt=\"Bilde av Thomas Andreassen\" class=\"_image_1y6fe_88\" fetchpriority=\"low\" loading=\"lazy\" decoding=\"async\" itemprop=\"image\"  src=\"https:\/\/www.europesays.com\/no\/wp-content\/uploads\/2025\/08\/1756279923_779_53492b61-0913-4564-9106-006d60b8d9f3\"  width=\"480\"\/><\/a><\/li>\n<\/ul>\n<p> Onsdag 27. august kl. 09:11     <\/p>\n<p class=\"_paragraph_1bvmi_4 _paragraph_xtcu6_10 layout-component text-serif-m layout-normal text-serif-m layout-padded\">Drueh\u00f8sten i <a href=\"https:\/\/www.vg.no\/tag\/frankrike?utm_source=vg-article&amp;utm_medium=auto-tagger&amp;utm_campaign=0VmW56\" class=\"_link_1bvmi_39\" rel=\"nofollow noopener\" target=\"_blank\">Frankrike<\/a> starter n\u00e5 i gjennomsnitt tre uker tidligere enn p\u00e5 1980-tallet, if\u00f8lge det nasjonale instituttet for landbruks-, mat- og milj\u00f8forskning (Inrae), melder <a href=\"https:\/\/www.rfi.fr\/en\/environment\/20250825-heatwaves-prompt-early-harvest-across-france-s-vineyards-climate-change\" class=\"_link_1bvmi_39\" rel=\"nofollow noopener\" target=\"_blank\">RFI<\/a>.<\/p>\n<p><img alt=\"\" class=\"_image_qp4xg_65 layout-component layout-left\" data-fullscreen- data-track-element-type=\"Article image fullscreen\" data-track-name=\"ImageFullscreen\" decoding=\"async\" loading=\"lazy\" height=\"3928\" itemprop=\"image\"  src=\"https:\/\/www.europesays.com\/no\/wp-content\/uploads\/2025\/08\/03cbc373-208e-4565-b5e4-39f569f6248b\"  style=\"object-position:0% 0%\" width=\"5893\"\/><img alt=\"Alle foto: Stephane Mahe \/ Reuters\" class=\"_image_qp4xg_65 layout-component layout-right\" data-fullscreen- data-track-element-type=\"Article image fullscreen\" data-track-name=\"ImageFullscreen\" decoding=\"async\" loading=\"lazy\" height=\"3265\" itemprop=\"image\"  src=\"https:\/\/www.europesays.com\/no\/wp-content\/uploads\/2025\/08\/9e43eee1-c6d0-42fe-b699-767793380d48\"  style=\"object-position:0% 0%\" width=\"4898\"\/>Alle foto: Stephane Mahe \/ Reuters<\/p>\n<p class=\"_paragraph_1bvmi_4 _paragraph_xtcu6_10 layout-component text-serif-m layout-normal text-serif-m layout-padded\">Stigende temperaturer akselererer veksten til vinrankene, og druene modnes tidligere.<\/p>\n<p class=\"_paragraph_1bvmi_4 _paragraph_xtcu6_10 layout-component text-serif-m layout-normal text-serif-m layout-padded\">I Alsace i \u00d8st-Frankrike har h\u00f8sten aldri startet s\u00e5 tidlig. H\u00f8sten av druer som brukes til den musserende hvitvin cr\u00e9mant begynte offisielt tirsdag \u2013 ti dager tidligere enn i 2024.<\/p>\n<p><img alt=\"\" class=\"_image_qp4xg_65 layout-component layout-left\" data-fullscreen- data-track-element-type=\"Article image fullscreen\" data-track-name=\"ImageFullscreen\" decoding=\"async\" loading=\"lazy\" height=\"2897\" itemprop=\"image\"  src=\"https:\/\/www.europesays.com\/no\/wp-content\/uploads\/2025\/08\/7a58f629-ea92-4e40-b800-b9918be7223a\"  style=\"object-position:0% 0%\" width=\"4345\"\/><img alt=\"\" class=\"_image_qp4xg_65 layout-component layout-right\" data-fullscreen- data-track-element-type=\"Article image fullscreen\" data-track-name=\"ImageFullscreen\" decoding=\"async\" loading=\"lazy\" height=\"3627\" itemprop=\"image\"  src=\"https:\/\/www.europesays.com\/no\/wp-content\/uploads\/2025\/08\/089c6c6e-9768-4c6e-aa2e-876910c95f01\"  style=\"object-position:0% 0%\" width=\"3225\"\/><\/p>\n<p class=\"_paragraph_1bvmi_4 _paragraph_xtcu6_10 layout-component text-serif-m layout-normal text-serif-m layout-padded\">I Champagne-regionen startet drueh\u00f8sten forrige onsdag. David Chatillon, medpresident i Champagne-komiteen, sa at selv om h\u00f8sten var tidlig p\u00e5 grunn av intense heteb\u00f8lger, forventet han \u00aben meget god \u00e5rgang\u00bb i \u00e5r.<\/p>\n<p><img alt=\"\" class=\"_image_qp4xg_65 layout-component layout-left\" data-fullscreen- data-track-element-type=\"Article image fullscreen\" data-track-name=\"ImageFullscreen\" decoding=\"async\" loading=\"lazy\" height=\"3184\" itemprop=\"image\"  src=\"https:\/\/www.europesays.com\/no\/wp-content\/uploads\/2025\/08\/09908c68-ec08-4c28-a419-e52bf903e539\"  style=\"object-position:0% 0%\" width=\"4051\"\/><img alt=\"\" class=\"_image_qp4xg_65 layout-component layout-right\" data-fullscreen- data-track-element-type=\"Article image fullscreen\" data-track-name=\"ImageFullscreen\" decoding=\"async\" loading=\"lazy\" height=\"3298\" itemprop=\"image\"  src=\"https:\/\/www.europesays.com\/no\/wp-content\/uploads\/2025\/08\/93f43cb7-f870-477d-9b9a-02b3a7a6eaf4\"  style=\"object-position:0% 0%\" width=\"3949\"\/><\/p>\n<p class=\"_paragraph_1bvmi_4 _paragraph_xtcu6_10 layout-component text-serif-m layout-normal text-serif-m layout-padded\">Bordeaux s\u00e5 de f\u00f8rste beskj\u00e6ringene mandag i omr\u00e5der dedikert til cr\u00e9mant. H\u00f8sten forventes rundt 10. september for andre hvit- og r\u00f8dviner.<\/p>\n<p class=\"_paragraph_1bvmi_4 _paragraph_xtcu6_10 layout-component text-serif-m layout-normal text-serif-m layout-padded\">I Saint-Emilion n\u00e6r Bordeaux har h\u00f8sten begynt rundt 15. september siden 2010, i stedet for 26. september som var vanlig det meste av 1900-tallet.<\/p>\n<p><img alt=\"\" class=\"_image_qp4xg_65 layout-component layout-fullscreen\" data-fullscreen- data-track-element-type=\"Article image fullscreen\" data-track-name=\"ImageFullscreen\" decoding=\"async\" loading=\"lazy\" height=\"3106\" itemprop=\"image\"  src=\"https:\/\/www.europesays.com\/no\/wp-content\/uploads\/2025\/08\/bde7a813-e314-4c32-8e6f-7445c8eb6666\"  style=\"object-position:26.620171673819744% 48.66387636831938%\" width=\"4660\"\/><\/p>\n<p class=\"_paragraph_1bvmi_4 _paragraph_xtcu6_10 layout-component text-serif-m layout-normal text-serif-m layout-padded\">Maksimale dagtemperaturer under druesesongen har \u00f8kt med rundt tre grader siden 1980, if\u00f8lge en Inrae-studie publisert i mai.<\/p>\n<p class=\"_paragraph_1bvmi_4 _paragraph_xtcu6_10 layout-component text-serif-m layout-normal text-serif-m layout-padded\">Klimaendringene f\u00f8rer ogs\u00e5 til tap av avlinger. Produksjonen kan falle drastisk \u2013 opptil 50 prosent i departementene H\u00e9rault og Gard i S\u00f8r-Frankrike i 2019, da druene ble brent av heteb\u00f8lger.<\/p>\n<p>Les ogs\u00e5<\/p>\n","protected":false},"excerpt":{"rendered":"Vindruene modnes i rekordfart. Foto: Stephane Mahe \/ Reuters Onsdag 27. august kl. 09:11 Drueh\u00f8sten i Frankrike starter&hellip;\n","protected":false},"author":2,"featured_media":19129,"comment_status":"","ping_status":"","sticky":false,"template":"","format":"standard","meta":{"footnotes":""},"categories":[12],"tags":[290,20,21,24,25,1244,15,1310,3335,22,23,13,30,28,29,14,16,385,26,27,42,46,43,44,45],"class_list":{"0":"post-19128","1":"post","2":"type-post","3":"status-publish","4":"format-standard","5":"has-post-thumbnail","7":"category-verden","8":"tag-bildefortellingen","9":"tag-breaking-news","10":"tag-breakingnews","11":"tag-featured-news","12":"tag-featurednews","13":"tag-frankrike","14":"tag-headlines","15":"tag-hetebolge","16":"tag-hvitvin","17":"tag-latest-news","18":"tag-latestnews","19":"tag-news","20":"tag-no","21":"tag-norge","22":"tag-norway","23":"tag-nyheter","24":"tag-overskrifter","25":"tag-temperatur","26":"tag-top-stories","27":"tag-topstories","28":"tag-verden","29":"tag-vgai","30":"tag-world","31":"tag-world-news","32":"tag-worldnews"},"share_on_mastodon":{"url":"","error":""},"_links":{"self":[{"href":"https:\/\/www.europesays.com\/no\/wp-json\/wp\/v2\/posts\/19128","targetHints":{"allow":["GET"]}}],"collection":[{"href":"https:\/\/www.europesays.com\/no\/wp-json\/wp\/v2\/posts"}],"about":[{"href":"https:\/\/www.europesays.com\/no\/wp-json\/wp\/v2\/types\/post"}],"author":[{"embeddable":true,"href":"https:\/\/www.europesays.com\/no\/wp-json\/wp\/v2\/users\/2"}],"replies":[{"embeddable":true,"href":"https:\/\/www.europesays.com\/no\/wp-json\/wp\/v2\/comments?post=19128"}],"version-history":[{"count":0,"href":"https:\/\/www.europesays.com\/no\/wp-json\/wp\/v2\/posts\/19128\/revisions"}],"wp:featuredmedia":[{"embeddable":true,"href":"https:\/\/www.europesays.com\/no\/wp-json\/wp\/v2\/media\/19129"}],"wp:attachment":[{"href":"https:\/\/www.europesays.com\/no\/wp-json\/wp\/v2\/media?parent=19128"}],"wp:term":[{"taxonomy":"category","embeddable":true,"href":"https:\/\/www.europesays.com\/no\/wp-json\/wp\/v2\/categories?post=19128"},{"taxonomy":"post_tag","embeddable":true,"href":"https:\/\/www.europesays.com\/no\/wp-json\/wp\/v2\/tags?post=19128"}],"curies":[{"name":"wp","href":"https:\/\/api.w.org\/{rel}","templated":true}]}}