{"id":19138,"date":"2025-08-27T07:40:14","date_gmt":"2025-08-27T07:40:14","guid":{"rendered":"https:\/\/www.europesays.com\/no\/19138\/"},"modified":"2025-08-27T07:40:14","modified_gmt":"2025-08-27T07:40:14","slug":"nesoya-trafikk-hanne-41-om-nesoya-koen-noe-ma-skje-for-folk-gar-fra-vettet","status":"publish","type":"post","link":"https:\/\/www.europesays.com\/no\/19138\/","title":{"rendered":"Nes\u00f8ya, Trafikk | Hanne (41) om Nes\u00f8ya-k\u00f8en: \u2013 Noe m\u00e5 skje f\u00f8r folk g\u00e5r fra vettet"},"content":{"rendered":"\n<p>\u2013 Jeg sa opp stillingen min som overlege p\u00e5 Radiumhospitalet fordi jeg rett og slett ikke rakk frem til jobb i tide.<\/p>\n<p>Det sier en oppgitt Hanne Skaar (41). Skaar bor med ektemann og to barn p\u00e5 Nes\u00f8ya. I dag er hun overlege ved radiologisk avdeling p\u00e5 B\u00e6rum sykehus.<\/p>\n<p>Selv etter jobbskiftet sliter hun med \u00e5 komme seg til jobb p\u00e5 sykehuset. Det skyldes massiv trafikk ut fra Nes\u00f8ya.<\/p>\n<p>\u2013 Mandag, tirsdag og onsdag er de verste dagene. Da kan man bruke en time bare p\u00e5 \u00e5 komme seg ut, forteller Skaar.<\/p>\n<p>   <img decoding=\"async\" width=\"4032\" height=\"3024\" fetchpriority=\"low\"  loading=\"lazy\"  src=\"https:\/\/www.europesays.com\/no\/wp-content\/uploads\/2025\/08\/IMG_8259.JPG\" alt=\"K\u00f8er p\u00e5 Nes\u00f8ya, 8. april 2025.\" class=\"brick-c-cFOWSL\" style=\"--brick-image-ratio: 4032 \/ 3024;\"\/><\/p>\n<p>    K\u00f8er p\u00e5 Nes\u00f8ya, 8. april 2025.<br \/>\n    Foto: Anders Christian Norum\n  <\/p>\n<p>\u2013 I sektorer som helsevesenet kan ikke alle droppe trafikken og ta hjemmekontor. Vi skal m\u00f8te pasienter, og unders\u00f8kelser og operasjoner som skal gjennomf\u00f8res. Det kan man ikke alltid gj\u00f8re hjemmefra, understreker overlegen.<\/p>\n<p>\u2013 Asker, ikke K\u00f8benhavn<\/p>\n<p>Trafikken ut fra Nes\u00f8ya er kilde til forsinkelse og frustrasjon i hverdagen, forteller Skaar.<\/p>\n<p>\u2013 Mannen min er kirurg p\u00e5 Rikshospitalet, s\u00e5 det er jo krevende \u00e5 f\u00e5 timeplanen i hverdagen til \u00e5 g\u00e5 opp. Det er jo ikke bare-bare \u00e5 la bilen st\u00e5 n\u00e5r man har to sm\u00e5 barn som skal leveres og hentes i barnehagen f\u00f8r og etter jobb, forteller hun.<\/p>\n<p>Skaar er frustrert over mangelen p\u00e5 tiltak som gj\u00f8res for \u00e5 lette p\u00e5 trafikken ut av Nes\u00f8ya. Hun reagerer s\u00e6rlig p\u00e5 argumenter om at man like gjerne kan bruke sykkel som bil n\u00e5r trafikken st\u00e5r.<\/p>\n<p>   <img decoding=\"async\" width=\"4032\" height=\"3024\" fetchpriority=\"low\"  loading=\"lazy\"  src=\"https:\/\/www.europesays.com\/no\/wp-content\/uploads\/2025\/08\/IMG_8248.JPG\" alt=\"\" class=\"brick-c-cFOWSL\" style=\"--brick-image-ratio: 4032 \/ 3024;\"\/><\/p>\n<p>    Ogs\u00e5 bussene blir st\u00e5ende og stampe i k\u00f8en p\u00e5 Nes\u00f8ya.<br \/>\n    Foto: ANDERS CHRISTIAN NORUM\n  <\/p>\n<p>\u2013 Mange mener at man burde la bilen st\u00e5 og bruke sykkelen. Men man m\u00e5 huske p\u00e5 at vi bor i Asker, ikke i K\u00f8benhavn. Om vinteren kommer det sn\u00f8 og is. Her str\u00f8s det jo ikke heller, og mange synes det er b\u00e5de skummelt og ubehagelig \u00e5 sykle p\u00e5 glatta. Det er heller ikke alle eldre ansatte i helsevesenet som bare kan hoppe p\u00e5 sykkelen, sier Skaar.<\/p>\n<p>  <a href=\"https:\/\/www.budstikka.no\/5-55-1957062\" class=\"related-teaser has-image default-story-teaser article--c-eRUmMG article--c-eRUmMG-jKCPdD-design-default\" rel=\"nofollow noopener\" target=\"_blank\"><\/p>\n<p>    <img decoding=\"async\" loading=\"lazy\"  src=\"https:\/\/www.europesays.com\/no\/wp-content\/uploads\/2025\/08\/IMG_8218_1.JPG\" alt=\"\" class=\"brick-c-cFOWSL\" style=\"\"\/><\/p>\n<p>\n            Les ogs\u00e5<\/p>\n<p>              \u00c9n time p\u00e5 to kilometer: \u2013 Ikke bra for folk\n        <\/p>\n<p>  <\/a><\/p>\n<p>Skaar og familien flyttet til Nes\u00f8ya i juni i fjor. Huset kj\u00f8pte de f\u00f8r det ble kjent at kollektivfeltet skulle stenges for el-biltrafikken.<\/p>\n<p>Morgen etter morgen kriget Skaar med bilk\u00f8en frem til motorveien. Til slutt kastet hun inn h\u00e5ndkleet og sa opp jobben p\u00e5 Radiumhospitalet.<\/p>\n<p><b>Det ble rett og slett for krevende \u00e5 komme seg til jobb.<\/b><\/p>\n<p>    Vil du se neste video?<\/p>\n<p>    <a href=\"https:\/\/www.budstikka.no\/mener-at-fukt-i-bil-kan-ha-bidratt-til-dodsulykke\/v\/5-55-2060114\" class=\"recommend-poster\" data-adp-clicklabel=\"video-recommend\" data-adp-clickvalue=\"poster\" rel=\"nofollow noopener\" target=\"_blank\"><br \/>\n      <img decoding=\"async\" width=\"200\" height=\"200\" loading=\"lazy\" src=\"https:\/\/www.europesays.com\/no\/wp-content\/uploads\/2025\/08\/IMG_5927.jpg\" alt=\"\" class=\"brick-c-cFOWSL\" style=\"--brick-image-ratio: 200 \/ 200;\"\/><\/p>\n<p>\u00d8stfold: Slik unders\u00f8kes ulykkesbilen 0:41<\/p>\n<p>    <\/a><\/p>\n<p>Etter en periode i privat sektor fikk Skaar tilbud om jobb ved B\u00e6rum sykehus.<\/p>\n<p>Men selv ikke jobb i B\u00e6rum har l\u00f8st trafikkproblemene for overlegen.<\/p>\n<p>\u2013 K\u00f8problemet gjelder jo ikke bare leger, men sykepleiere og annet personell ogs\u00e5. Konsekvensen av sakteg\u00e5ende k\u00f8 p\u00e5 E18 kan ramme pasienter i b\u00e5de Asker og B\u00e6rum. Alle ansatte som har barn og er avhengige av bil kommer senere p\u00e5 jobb og drar tidligere hjem fra kontoret, for \u00e5 rekke \u00e5 hente barna f\u00f8r trafikkorken kommer, sier hun, og legger til:<\/p>\n<p>\u2013 Jeg er bekymret for at dette kan f\u00f8re til forsinkede svar p\u00e5 diagnostiske pr\u00f8ver, at polikliniske timer blir forsinket og at operasjoner kan bli utsatt.<\/p>\n<p>Flere reagerer<\/p>\n<p>Hanne Skaar <a href=\"https:\/\/www.budstikka.no\/kommer-ikke-frem-i-koen-dette-er-ikke-greit-for-a-si-det-rett-ut\/s\/5-55-1975942\" rel=\"Follow nofollow noopener\" target=\"_blank\">f\u00e5r st\u00f8tte av hjemmehjelpen i Asker. <\/a><\/p>\n<p>\u2013 Det hender at vi ikke rekker frem til pasientene f\u00f8r bussen plukker dem opp. Da risikerer vi \u00e5 ikke f\u00e5 gitt dem den medisinen de skal ha, uttalte Anne Ellen Staib i hjemmesykepleien i Asker i mai.<\/p>\n<p>  <a href=\"https:\/\/www.budstikka.no\/5-55-1975942\" class=\"related-teaser has-image default-story-teaser article--c-eRUmMG article--c-eRUmMG-jKCPdD-design-default\" rel=\"nofollow noopener\" target=\"_blank\"><\/p>\n<p>    <img decoding=\"async\" loading=\"lazy\"  src=\"https:\/\/www.europesays.com\/no\/wp-content\/uploads\/2025\/08\/IMG_8971.jpg\" alt=\"\" class=\"brick-c-cFOWSL\" style=\"\"\/><\/p>\n<p>\n            Les ogs\u00e5<\/p>\n<p>              Sykepleiere kommer ikke frem i k\u00f8en: \u2013 Dette er ikke greit, for \u00e5 si det rett ut\n        <\/p>\n<p>  <\/a><\/p>\n<p>Andre Nes\u00f8ya-beboere har ogs\u00e5 uttrykt frustrasjon.<\/p>\n<p>\u2013 N\u00e5r jeg har levert i barnehagen her inne p\u00e5 \u00f8ya, kommer jeg meg ikke tilbake p\u00e5 lang tid. Jeg m\u00e5 ta morgenm\u00f8tene p\u00e5 parkeringsplassen i barnehagen, forklarte Cathrine Hadley (39),<a href=\"https:\/\/www.budstikka.no\/ida-41-blant-frustrerte-pa-nesoya-det-er-kaos-og-vanskelig-a-komme-pa-jobb\/s\/5-55-1994895\" rel=\"Follow nofollow noopener\" target=\"_blank\"> da Budstikka satte s\u00f8kelys p\u00e5 saken i mai. <\/a><\/p>\n<p>  <a href=\"https:\/\/www.budstikka.no\/5-55-1994895\" class=\"related-teaser has-image default-story-teaser article--c-eRUmMG article--c-eRUmMG-jKCPdD-design-default\" rel=\"nofollow noopener\" target=\"_blank\"><\/p>\n<p>    <img decoding=\"async\" loading=\"lazy\"  src=\"https:\/\/www.europesays.com\/no\/wp-content\/uploads\/2025\/08\/Folkem%C3%B8te+E18+Nes%C3%B8ya-1019.jpg\" alt=\"\" class=\"brick-c-cFOWSL\" style=\"\"\/><\/p>\n<p>\n            Les ogs\u00e5<\/p>\n<p>              Ida (41) blant frustrerte p\u00e5 Nes\u00f8ya: \u2013 Det er kaos og vanskelig \u00e5 komme p\u00e5 jobb\n        <\/p>\n<p>  <\/a><br \/>\n  Etterlyser tiltak<\/p>\n<p>I sommer vedtok Statens vegvesen \u00e5 \u00e5pne kollektivfeltet mellom Holmen og Sandvika for el-biler med tre personer eller mer.<\/p>\n<p>Det har ikke lettet p\u00e5 k\u00f8en ut fra Nes\u00f8ya eller inn mot Oslo, forteller Skaar.<\/p>\n<p>\u2013 Det har ikke hjulpet i det hele tatt. Selv etter en delvis \u00e5pning for el-biler med flere passasjerer har det ikke skjedd noe endring. Jeg opplever at kollektivfeltene st\u00e5r tomme, sier hun.<\/p>\n<p>   <img decoding=\"async\" width=\"5145\" height=\"3423\" fetchpriority=\"low\"  loading=\"lazy\"  src=\"https:\/\/www.europesays.com\/no\/wp-content\/uploads\/2025\/08\/Nye+skilt+E18-1002.jpg\" alt=\"\" class=\"brick-c-cFOWSL\" style=\"--brick-image-ratio: 5145 \/ 3423;\"\/><\/p>\n<p>    Ny skilting dukket opp p\u00e5 E18 mellom Asker og Sandvika i sommer. N\u00e5 er det lov til \u00e5 kj\u00f8re i kollektivfeltet mellom Holmen og Sandvika med to passasjerer i bilen.<br \/>\n    Foto: JOAKIM S. ENGER\n  <\/p>\n<p>Skaar forteller at hun bare ser \u00e9n l\u00f8sning p\u00e5 dette problemet.<\/p>\n<p>\u2013 Man m\u00e5 \u00e5pne kollektivfeltet for el-bilene igjen. Det er lov \u00e5 pr\u00f8ve og se, i alle fall! Slik det er n\u00e5 blir jo alle forsinket, ogs\u00e5 bussene, som dette tiltaket jo var ment \u00e5 hjelpe frem i trafikken. Noe m\u00e5 skje f\u00f8r folk g\u00e5r fra vettet her!<\/p>\n","protected":false},"excerpt":{"rendered":"\u2013 Jeg sa opp stillingen min som overlege p\u00e5 Radiumhospitalet fordi jeg rett og slett ikke rakk frem&hellip;\n","protected":false},"author":2,"featured_media":19139,"comment_status":"","ping_status":"","sticky":false,"template":"","format":"standard","meta":{"footnotes":""},"categories":[10],"tags":[36,20,21,940,24,25,15,3336,22,23,3246,13,30,28,29,14,16,1510,26,27,224],"class_list":{"0":"post-19138","1":"post","2":"type-post","3":"status-publish","4":"format-standard","5":"has-post-thumbnail","7":"category-norge","8":"tag-art","9":"tag-breaking-news","10":"tag-breakingnews","11":"tag-e18","12":"tag-featured-news","13":"tag-featurednews","14":"tag-headlines","15":"tag-kollektivfelt","16":"tag-latest-news","17":"tag-latestnews","18":"tag-nesoya","19":"tag-news","20":"tag-no","21":"tag-norge","22":"tag-norway","23":"tag-nyheter","24":"tag-overskrifter","25":"tag-story","26":"tag-top-stories","27":"tag-topstories","28":"tag-trafikk"},"share_on_mastodon":{"url":"","error":""},"_links":{"self":[{"href":"https:\/\/www.europesays.com\/no\/wp-json\/wp\/v2\/posts\/19138","targetHints":{"allow":["GET"]}}],"collection":[{"href":"https:\/\/www.europesays.com\/no\/wp-json\/wp\/v2\/posts"}],"about":[{"href":"https:\/\/www.europesays.com\/no\/wp-json\/wp\/v2\/types\/post"}],"author":[{"embeddable":true,"href":"https:\/\/www.europesays.com\/no\/wp-json\/wp\/v2\/users\/2"}],"replies":[{"embeddable":true,"href":"https:\/\/www.europesays.com\/no\/wp-json\/wp\/v2\/comments?post=19138"}],"version-history":[{"count":0,"href":"https:\/\/www.europesays.com\/no\/wp-json\/wp\/v2\/posts\/19138\/revisions"}],"wp:featuredmedia":[{"embeddable":true,"href":"https:\/\/www.europesays.com\/no\/wp-json\/wp\/v2\/media\/19139"}],"wp:attachment":[{"href":"https:\/\/www.europesays.com\/no\/wp-json\/wp\/v2\/media?parent=19138"}],"wp:term":[{"taxonomy":"category","embeddable":true,"href":"https:\/\/www.europesays.com\/no\/wp-json\/wp\/v2\/categories?post=19138"},{"taxonomy":"post_tag","embeddable":true,"href":"https:\/\/www.europesays.com\/no\/wp-json\/wp\/v2\/tags?post=19138"}],"curies":[{"name":"wp","href":"https:\/\/api.w.org\/{rel}","templated":true}]}}