{"id":19172,"date":"2025-08-27T08:41:08","date_gmt":"2025-08-27T08:41:08","guid":{"rendered":"https:\/\/www.europesays.com\/no\/19172\/"},"modified":"2025-08-27T08:41:08","modified_gmt":"2025-08-27T08:41:08","slug":"den-svenske-svommestjernen-sarah-sjostrom-dramatiske-ambulanse-fodsel-fikk-en-sonn","status":"publish","type":"post","link":"https:\/\/www.europesays.com\/no\/19172\/","title":{"rendered":"Den svenske sv\u00f8mmestjernen Sarah Sj\u00f6str\u00f6m dramatiske ambulanse-f\u00f8dsel: Fikk en s\u00f8nn"},"content":{"rendered":"\n<p class=\"_lead_1bvmi_2 _lead_xtcu6_50 layout-component text-serif-m layout-normal text-serif-l layout-component layout-wide layout-padded _wide_17hqh_1 layout-padded\">Det ble dramatisk da Sarah Sj\u00f6str\u00f6m (32) f\u00f8dte sitt f\u00f8rste barn tirsdag, for det var fullt p\u00e5 sykehuset.<\/p>\n<p><img alt=\"MAMMA: Sarah Sj\u00f6str\u00f6m ble mamma til en gutt denne uken. Her fotografert i juli.  Foto: Magnus Lejhall\/TT \/ TT Nyhetsbyr\u00e5n \/ NTB\" class=\"_image_qp4xg_65 layout-component layout-wide\" data-fullscreen- data-track-element-type=\"Article image fullscreen\" data-track-name=\"ImageFullscreen\" fetchpriority=\"high\" decoding=\"sync\" loading=\"eager\" height=\"5614\" itemprop=\"image\"  src=\"https:\/\/www.europesays.com\/no\/wp-content\/uploads\/2025\/08\/f9f8d7e2-b4d6-47ef-b5f9-76c2bdf7709d\"  style=\"object-position:0% 0%\" width=\"5424\"\/>MAMMA: Sarah Sj\u00f6str\u00f6m ble mamma til en gutt denne uken. Her fotografert i juli.  Foto: Magnus Lejhall\/TT \/ TT Nyhetsbyr\u00e5n \/ NTB<\/p>\n<ul aria-hidden=\"true\" class=\"_images_1y6fe_106\">\n<li><a class=\"_link_1y6fe_111\" href=\"https:\/\/www.vg.no\/forfatter\/camilla-vesteng\" style=\"z-index:1\" title=\"Camilla Vesteng\" rel=\"nofollow noopener\" target=\"_blank\"><img alt=\"Bilde av Camilla Vesteng\" class=\"_image_1y6fe_88\" fetchpriority=\"low\" loading=\"lazy\" decoding=\"async\" itemprop=\"image\"  src=\"https:\/\/www.europesays.com\/no\/wp-content\/uploads\/2025\/08\/ab49df32-fc16-44e1-a56a-ce5ad5bd90d2\"  width=\"480\"\/><\/a><\/li>\n<\/ul>\n<p> Oppdatert onsdag 27. august kl. 10:27    <\/p>\n<ul class=\"_list_1bvmi_3 _list_1flq1_85 _unordered_1bvmi_99 text-sans-m\">\n<li class=\"_item_1bvmi_30\">Sarah Sj\u00f6str\u00f6m f\u00f8dte en gutt i ambulansen utenfor sykehuset.<\/li>\n<li class=\"_item_1bvmi_30\">F\u00f8dselen ble dramatisk da det var fullt p\u00e5 det f\u00f8rste sykehuset den svenske stjernen kom til.<\/li>\n<li class=\"_item_1bvmi_30\">Hun kaller opplevelsen \u00abtraumatisk og magisk\u00bb, og trenger tid til \u00e5 lege kropp og sjel.<\/li>\n<li class=\"_item_1bvmi_30\">Den svenske sv\u00f8mmestjernen sikter mot OL i 2028, n\u00e5r 50 meter butterfly debuterer.<\/li>\n<\/ul>\n<p>Vis mer <\/p>\n<p class=\"_paragraph_1bvmi_4 _paragraph_xtcu6_10 layout-component text-serif-m layout-normal text-serif-m layout-padded\">For den svenske sv\u00f8mmestjernen f\u00f8dte en gutt i ambulansen utenfor sykehuset, melder<a href=\"https:\/\/www.aftonbladet.se\/sportbladet\/a\/pPz9GX\/sarah-sjostrom-har-blivit-mamma\" class=\"_link_1bvmi_39\" rel=\"nofollow noopener\" target=\"_blank\"> Aftonbladet<\/a>.<\/p>\n<p class=\"_paragraph_1bvmi_4 _paragraph_xtcu6_10 layout-component text-serif-m layout-normal text-serif-m layout-padded\">F\u00f8dselen startet i badekaret hjemme. Den svenske OL-vinneren hadde rier i 24 timer. Sj\u00f6str\u00f6m skriver p\u00e5 Instagram at hun brukte tiden i et varmt bad og pustet godt. <\/p>\n<p class=\"_paragraph_1bvmi_4 _paragraph_xtcu6_10 layout-component text-serif-m layout-normal text-serif-m layout-padded\"><strong class=\"_strong_1bvmi_25\">Fem timer f\u00f8r f\u00f8dselen dro hun og partneren Johan de Jong Skierus til sykehuset for kontroll, men ble sendt hjem igjen.<\/strong><\/p>\n<p class=\"_paragraph_1bvmi_4 _paragraph_xtcu6_10 layout-component text-serif-m layout-normal text-serif-m layout-padded\">\u2013 Jeg var i et veldig tidlig stadium, skriver hun p\u00e5 sosiale medier.<\/p>\n<p class=\"_paragraph_1bvmi_4 _paragraph_xtcu6_10 layout-component text-serif-m layout-normal text-serif-m layout-padded\"><strong class=\"_strong_1bvmi_25\">Alt endret seg p\u00e5 f\u00e5 \u00f8yeblikk. Smertene ble overveldende og Sj\u00f6str\u00f6m begynte \u00e5 bl\u00f8. De ringte f\u00f8dselsavdelingen, som insisterte p\u00e5 at de skulle tilkalle ambulanse.<\/strong><\/p>\n<p class=\"_paragraph_1bvmi_4 _paragraph_xtcu6_10 layout-component text-serif-m layout-normal text-serif-m layout-padded\">For sykehuset hun skulle f\u00f8de p\u00e5, var fullt. Turen til et annet sykehus skal ha f\u00f8ltes uendelig, selv om ambulansen kj\u00f8rte i full fart med bl\u00e5lys.<\/p>\n<p class=\"_paragraph_1bvmi_4 _paragraph_xtcu6_10 layout-component text-serif-m layout-normal text-serif-m layout-padded\">\u2013 Smerten var ubeskrivelig og altfor sent for smertestillende som jeg hadde planlagt \u00e5 ta. Jeg trodde ikke jeg skulle overleve, skriver Sj\u00f6str\u00f6m.<\/p>\n<p class=\"_paragraph_1bvmi_4 _paragraph_xtcu6_10 layout-component text-serif-m layout-normal text-serif-m layout-padded\">For da ambulansen kom frem til sykehuset, var babyen allerede p\u00e5 vei ut.<\/p>\n<p class=\"_paragraph_1bvmi_4 _paragraph_xtcu6_10 layout-component text-serif-m layout-normal text-serif-m layout-padded\">\u2013 Han ble f\u00f8dt akkurat der, i kaoset utenfor sykehusinngangen i ambulansen, forteller Sj\u00f6str\u00f6m.<\/p>\n<p class=\"_paragraph_1bvmi_4 _paragraph_xtcu6_10 layout-component text-serif-m layout-normal text-serif-m layout-padded\"><strong class=\"_strong_1bvmi_25\">\u2013 Det var traumatisk og magisk p\u00e5 samme tid. Han er en frisk og glad liten gutt, skriver hun og legger til: <\/strong><\/p>\n<p class=\"_paragraph_1bvmi_4 _paragraph_xtcu6_10 layout-component text-serif-m layout-normal text-serif-m layout-padded\">\u2013 Min kropp og sjel trenger tid p\u00e5 \u00e5 lege seg.<\/p>\n<p class=\"_paragraph_1bvmi_4 _paragraph_xtcu6_10 layout-component text-serif-m layout-normal text-serif-m layout-padded\">S\u00f8nnen har f\u00e5tt navnet Adrian, og kom to uker over termin. Mor, far og barn endte p\u00e5 S\u00f6dersjukhuset i Stockholm.<\/p>\n<p class=\"_paragraph_1bvmi_4 _paragraph_xtcu6_10 layout-component text-serif-m layout-normal text-serif-m layout-padded\">Sj\u00f6str\u00f6m slet med<a href=\"https:\/\/www.vg.no\/sport\/i\/73GzBV\/sarah-sjostrom-om-graviditeten-klar-med-spyboetten-hele-tiden\" data-track-element-type=\"Link\" data-track-id=\"link:73GzBV\" class=\"_link_1bvmi_39\" rel=\"nofollow noopener\" target=\"_blank\"> ekstrem kvalme under svangerskapet<\/a>. <\/p>\n<p class=\"_paragraph_1bvmi_4 _paragraph_xtcu6_10 layout-component text-serif-m layout-normal text-serif-m layout-padded\">\u2013 Jeg har v\u00e6rt klar med spyb\u00f8tten hele tiden. Det har v\u00e6rt slitsomt, sier Sj\u00f6str\u00f6m til den SVT tildligere i \u00e5r. <\/p>\n<p><img alt=\"OL-VINNER: Sarah Sj\u00f6str\u00f6m er en stor stjerne i Sverige.   Foto: Fredrik Sandberg\/TT \/ TT Nyhetsbyr\u00e5n \/ NTB\" class=\"_image_qp4xg_65 layout-component layout-normal\" data-fullscreen- data-track-element-type=\"Article image fullscreen\" data-track-name=\"ImageFullscreen\" decoding=\"async\" loading=\"lazy\" height=\"5504\" itemprop=\"image\"  src=\"https:\/\/www.europesays.com\/no\/wp-content\/uploads\/2025\/08\/39a2998b-bad5-41b7-b370-0a5fe453c07c\"  style=\"object-position:0% 0%\" width=\"8256\"\/>OL-VINNER: Sarah Sj\u00f6str\u00f6m er en stor stjerne i Sverige.   Foto: Fredrik Sandberg\/TT \/ TT Nyhetsbyr\u00e5n \/ NTB<\/p>\n<p class=\"_paragraph_1bvmi_4 _paragraph_xtcu6_10 layout-component text-serif-m layout-normal text-serif-m layout-padded\"><strong class=\"_strong_1bvmi_25\">Den svenske stjernen sikter mot OL i 2028. Da er favorittdistansen hennes, 50 meter butterfly, med p\u00e5 programmet for f\u00f8rste gang.<\/strong><\/p>\n<p class=\"_paragraph_1bvmi_4 _paragraph_xtcu6_10 layout-component text-serif-m layout-normal text-serif-m layout-padded\">Hun er OL-mester p\u00e5 100 meter butterfly (2016) og b\u00e5de 50 og 100 meter fri (2024).<\/p>\n<p class=\"_paragraph_1bvmi_4 _paragraph_xtcu6_10 layout-component text-serif-m layout-normal text-serif-m layout-padded\">Med OL i Los Angeles i 2028 har hun deltatt i seks OL, som sv\u00f8mmelegendene Lars Fr\u00f6lander og Therese Alshammar. <\/p>\n","protected":false},"excerpt":{"rendered":"Det ble dramatisk da Sarah Sj\u00f6str\u00f6m (32) f\u00f8dte sitt f\u00f8rste barn tirsdag, for det var fullt p\u00e5 sykehuset.&hellip;\n","protected":false},"author":2,"featured_media":19173,"comment_status":"","ping_status":"","sticky":false,"template":"","format":"standard","meta":{"footnotes":""},"categories":[59],"tags":[1882,3066,30,28,29,83,82,238],"class_list":{"0":"post-19172","1":"post","2":"type-post","3":"status-publish","4":"format-standard","5":"has-post-thumbnail","7":"category-sport","8":"tag-ai","9":"tag-fodsel","10":"tag-no","11":"tag-norge","12":"tag-norway","13":"tag-sport","14":"tag-sports","15":"tag-svomming"},"share_on_mastodon":{"url":"","error":""},"_links":{"self":[{"href":"https:\/\/www.europesays.com\/no\/wp-json\/wp\/v2\/posts\/19172","targetHints":{"allow":["GET"]}}],"collection":[{"href":"https:\/\/www.europesays.com\/no\/wp-json\/wp\/v2\/posts"}],"about":[{"href":"https:\/\/www.europesays.com\/no\/wp-json\/wp\/v2\/types\/post"}],"author":[{"embeddable":true,"href":"https:\/\/www.europesays.com\/no\/wp-json\/wp\/v2\/users\/2"}],"replies":[{"embeddable":true,"href":"https:\/\/www.europesays.com\/no\/wp-json\/wp\/v2\/comments?post=19172"}],"version-history":[{"count":0,"href":"https:\/\/www.europesays.com\/no\/wp-json\/wp\/v2\/posts\/19172\/revisions"}],"wp:featuredmedia":[{"embeddable":true,"href":"https:\/\/www.europesays.com\/no\/wp-json\/wp\/v2\/media\/19173"}],"wp:attachment":[{"href":"https:\/\/www.europesays.com\/no\/wp-json\/wp\/v2\/media?parent=19172"}],"wp:term":[{"taxonomy":"category","embeddable":true,"href":"https:\/\/www.europesays.com\/no\/wp-json\/wp\/v2\/categories?post=19172"},{"taxonomy":"post_tag","embeddable":true,"href":"https:\/\/www.europesays.com\/no\/wp-json\/wp\/v2\/tags?post=19172"}],"curies":[{"name":"wp","href":"https:\/\/api.w.org\/{rel}","templated":true}]}}