{"id":19176,"date":"2025-08-27T08:46:11","date_gmt":"2025-08-27T08:46:11","guid":{"rendered":"https:\/\/www.europesays.com\/no\/19176\/"},"modified":"2025-08-27T08:46:11","modified_gmt":"2025-08-27T08:46:11","slug":"familien-bekrefter-steffen-dode-av-drukning","status":"publish","type":"post","link":"https:\/\/www.europesays.com\/no\/19176\/","title":{"rendered":"Familien bekrefter: Steffen d\u00f8de av drukning"},"content":{"rendered":"\n<p class=\"_lead_1bvmi_2 _lead_xtcu6_50 layout-component text-serif-m layout-normal text-serif-l layout-component layout-wide layout-padded _wide_17hqh_1 layout-padded\">Steffen Skj\u00f8ttelvik ble funnet omkommet p\u00e5 elvebredden i Canada s\u00f8ndag.<\/p>\n<p><img alt=\" Foto: Privat \/ Privat\" class=\"_image_qp4xg_65 layout-component layout-wide\" data-fullscreen- data-track-element-type=\"Article image fullscreen\" data-track-name=\"ImageFullscreen\" fetchpriority=\"high\" decoding=\"sync\" loading=\"eager\" height=\"1498\" itemprop=\"image\"  src=\"https:\/\/www.europesays.com\/no\/wp-content\/uploads\/2025\/08\/9621b914-cee8-48bc-9aa2-cd3788fb19e1\"  style=\"object-position:0% 0%\" width=\"1170\"\/> Foto: Privat \/ Privat<\/p>\n<ul aria-hidden=\"true\" class=\"_images_1y6fe_106\">\n<li><a class=\"_link_1y6fe_111\" href=\"https:\/\/www.vg.no\/forfatter\/oscar-stroem-korsnes\" style=\"z-index:2\" title=\"Oscar Str\u00f8m Korsnes\" rel=\"nofollow noopener\" target=\"_blank\"><img alt=\"Bilde av Oscar Str\u00f8m Korsnes\" class=\"_image_1y6fe_88\" fetchpriority=\"low\" loading=\"lazy\" decoding=\"async\" itemprop=\"image\"  src=\"https:\/\/www.europesays.com\/no\/wp-content\/uploads\/2025\/08\/1756284369_971_42bf26cf-ad4c-4de0-a71e-34ecdab4bb12\"  width=\"480\"\/><\/a><\/li>\n<li><a class=\"_link_1y6fe_111\" href=\"https:\/\/www.vg.no\/forfatter\/stella-bugge\" style=\"z-index:1\" title=\"Stella Bugge\" rel=\"nofollow noopener\" target=\"_blank\"><img alt=\"Bilde av Stella Bugge\" class=\"_image_1y6fe_88\" fetchpriority=\"low\" loading=\"lazy\" decoding=\"async\" itemprop=\"image\"  src=\"https:\/\/www.europesays.com\/no\/wp-content\/uploads\/2025\/08\/1756284369_50_c673ac82-f3e7-47d3-aa1d-79bb6eca457a\"  width=\"480\"\/><\/a><\/li>\n<\/ul>\n<p> Oppdatert onsdag 27. august kl. 10:31     <\/p>\n<p class=\"_paragraph_1bvmi_4 _paragraph_xtcu6_10 layout-component text-serif-m layout-normal text-serif-m layout-padded\">\u2013 D\u00f8ds\u00e5rsaken er klar, og den er kommunisert til familien. Steffen d\u00f8de av drukning i kaldt vann, forteller talsmann Christian Dyresen til VG.<\/p>\n<p class=\"_paragraph_1bvmi_4 _paragraph_xtcu6_10 layout-component text-serif-m layout-normal text-serif-m layout-padded\">Han forteller at familien trenger ro, men at de er klar over at d\u00f8ds\u00e5rsaken blir delt med media.<\/p>\n<p class=\"_paragraph_1bvmi_4 _paragraph_xtcu6_10 layout-component text-serif-m layout-normal text-serif-m layout-padded\">Kanadisk politi har tidligere uttalt at Skj\u00f8ttelvik kan ha fors\u00f8kt \u00e5 krysse Hayes River. Skj\u00f8ttelvik ble funnet <a href=\"https:\/\/www.vg.no\/nyheter\/i\/yEW5wE\/steffen-skjoettelvik-29-er-funnet-omkommet\" data-track-element-type=\"Link\" data-track-id=\"link:yEW5wE\" class=\"_link_1bvmi_39\" rel=\"nofollow noopener\" target=\"_blank\">s\u00f8ndag kveld norsk tid<\/a>.<\/p>\n<ul class=\"_list_1bvmi_3 _list_xtcu6_9 _list_16v91_9 _unordered_1bvmi_99 layout-component text-serif-m layout-normal text-sans-m layout-padded\">\n<li class=\"_item_1bvmi_30\">2. juli i \u00e5r forlot Steffen lokalsamfunnet Peawanuck i Ontario med de to hundene sine, Bay og Togo.<\/li>\n<li class=\"_item_1bvmi_30\">Over en m\u00e5ned senere, 14. august, meldte han fra at han skulle g\u00e5 den siste etappen p\u00e5 20 kilometer \u2013 fra Nanuk-leiren til York Factory ved Hudson Bay.<\/li>\n<li class=\"_item_1bvmi_30\">Han dukket imidlertid aldri opp til ansl\u00e5tt tid.<\/li>\n<\/ul>\n<p>Vis mer<\/p>\n<p class=\"_paragraph_1bvmi_4 _paragraph_xtcu6_10 layout-component text-serif-m layout-normal text-serif-m layout-padded\">Den to kilometer brede elven er kjent for \u00e5 ha sv\u00e6rt stri str\u00f8m, spesielt etter mye nedb\u00f8r.<\/p>\n<p><img alt=\"Foto: Privat \/ Privat\" class=\"_image_qp4xg_65 layout-component layout-normal\" data-fullscreen- data-track-element-type=\"Article image fullscreen\" data-track-name=\"ImageFullscreen\" decoding=\"async\" loading=\"lazy\" height=\"1590\" itemprop=\"image\"  src=\"https:\/\/www.europesays.com\/no\/wp-content\/uploads\/2025\/08\/5ba1fc86-002b-44ef-b725-7ca2e48a3675\"  style=\"object-position:0% 0%\" width=\"1125\"\/>Foto: Privat \/ Privat<\/p>\n<p class=\"_paragraph_1bvmi_4 _paragraph_xtcu6_10 layout-component text-serif-m layout-normal text-serif-m layout-padded\">Dyresen forteller at familien skal reise til Canada fredag. Der skal de opps\u00f8ke flere steder Steffen var innom p\u00e5 reisen sin.<\/p>\n<p class=\"_paragraph_1bvmi_4 _paragraph_xtcu6_10 layout-component text-serif-m layout-normal text-serif-m layout-padded\">Mandag delte eventyrer Lars Monsen en hyllest av Steffen.<\/p>\n<p class=\"_paragraph_1bvmi_4 _paragraph_xtcu6_10 layout-component text-serif-m layout-normal text-serif-m layout-padded\">\u2013 I l\u00f8pet av de 29 \u00e5rene han fikk denne gangen, var han mer levende enn de aller fleste er i l\u00f8pet av det dobbelte eller tredobbelte antall \u00e5r. Han levde med naturen hele sitt liv. Han dr\u00f8mte om store, lange ekspedisjoner gjennom de mest \u00f8de villmarksomr\u00e5dene p\u00e5 kloden, skrev Monsen p\u00e5 Facebook.<\/p>\n<p class=\"_paragraph_1bvmi_4 _paragraph_xtcu6_10 layout-component text-serif-m layout-normal text-serif-m layout-padded\">Den norske friluftsmannen har bodd to \u00e5r i\u00a0Canada\u00a0\u2013 og jobbet med \u00e5 realisere dr\u00f8mmen om \u00e5 krysse landet til fots.<\/p>\n<p><img decoding=\"async\" alt=\"Bilde av Lars Monsen\" class=\"_image_ygndg_42\" height=\"26\" itemprop=\"image\" loading=\"lazy\"  src=\"https:\/\/www.europesays.com\/no\/wp-content\/uploads\/2025\/08\/89202cd7-c681-49a7-969b-da2f77bb4a91\"  width=\"40\"\/><strong class=\"_name_ygndg_51 title-serif-xs\">Lars Monsen<\/strong><\/p>\n<p class=\"_paragraph_1bvmi_4 _paragraph_xtcu6_10 layout-component text-serif-m layout-normal text-serif-m layout-padded\">Monsen beskrev Steffen som en uredd oppdager.<\/p>\n<p class=\"_paragraph_1bvmi_4 _paragraph_xtcu6_10 layout-component text-serif-m layout-normal text-serif-m layout-padded\">\u2013 Personer som <a href=\"https:\/\/www.vg.no\/tag\/steffen-skjoettelvik?utm_source=vg-article&amp;utm_medium=auto-tagger&amp;utm_campaign=zAn9VO\" class=\"_link_1bvmi_39\" rel=\"nofollow noopener\" target=\"_blank\">Steffen Skj\u00f8ttelvik<\/a> finnes det altfor f\u00e5 av. Han sto for ekte verdier. Respekt for naturen og dets folk. Han var en oppdager, full av mot og livsglede. <\/p>\n<p class=\"_paragraph_1bvmi_4 _paragraph_xtcu6_10 layout-component text-serif-m layout-normal text-serif-m layout-padded\"><strong class=\"_strong_1bvmi_25\">Dyresen forteller at familien er b\u00e5de r\u00f8rt og beveget av posten. <\/strong><\/p>\n<p class=\"_paragraph_1bvmi_4 _paragraph_xtcu6_10 layout-component text-serif-m layout-normal text-serif-m layout-padded\">Siste livstegn fra eventyreren Steffen Skj\u00f8ttelvik var torsdag 14. august og det ble organisert en stor leteaksjon for \u00e5 finne ham.<\/p>\n<p>    <img decoding=\"async\" alt=\"Tips oss illustrasjon\" width=\"62px\" height=\"auto\" src=\"https:\/\/www.europesays.com\/no\/wp-content\/uploads\/2025\/08\/1754784428_95_W9avJzE.png\"\/>    <\/p>\n<p class=\"title-serif-s\">Har du tips til oss?<\/p>\n<p class=\"text-sans-m\">Send oss informasjon, bilder eller video<\/p>\n<p>  <a href=\"https:\/\/www.vg.no\/tips-oss\" rel=\"nofollow noopener\" target=\"_blank\"> Tips oss <\/a>      <\/p>\n","protected":false},"excerpt":{"rendered":"Steffen Skj\u00f8ttelvik ble funnet omkommet p\u00e5 elvebredden i Canada s\u00f8ndag. Foto: Privat \/ Privat Oppdatert onsdag 27. august&hellip;\n","protected":false},"author":2,"featured_media":19177,"comment_status":"","ping_status":"","sticky":false,"template":"","format":"standard","meta":{"footnotes":""},"categories":[10],"tags":[31,20,21,1456,24,25,15,22,23,13,30,28,29,14,16,3170,26,27],"class_list":{"0":"post-19176","1":"post","2":"type-post","3":"status-publish","4":"format-standard","5":"has-post-thumbnail","7":"category-norge","8":"tag-breaking","9":"tag-breaking-news","10":"tag-breakingnews","11":"tag-canada","12":"tag-featured-news","13":"tag-featurednews","14":"tag-headlines","15":"tag-latest-news","16":"tag-latestnews","17":"tag-news","18":"tag-no","19":"tag-norge","20":"tag-norway","21":"tag-nyheter","22":"tag-overskrifter","23":"tag-steffen-skjottelvik","24":"tag-top-stories","25":"tag-topstories"},"share_on_mastodon":{"url":"","error":""},"_links":{"self":[{"href":"https:\/\/www.europesays.com\/no\/wp-json\/wp\/v2\/posts\/19176","targetHints":{"allow":["GET"]}}],"collection":[{"href":"https:\/\/www.europesays.com\/no\/wp-json\/wp\/v2\/posts"}],"about":[{"href":"https:\/\/www.europesays.com\/no\/wp-json\/wp\/v2\/types\/post"}],"author":[{"embeddable":true,"href":"https:\/\/www.europesays.com\/no\/wp-json\/wp\/v2\/users\/2"}],"replies":[{"embeddable":true,"href":"https:\/\/www.europesays.com\/no\/wp-json\/wp\/v2\/comments?post=19176"}],"version-history":[{"count":0,"href":"https:\/\/www.europesays.com\/no\/wp-json\/wp\/v2\/posts\/19176\/revisions"}],"wp:featuredmedia":[{"embeddable":true,"href":"https:\/\/www.europesays.com\/no\/wp-json\/wp\/v2\/media\/19177"}],"wp:attachment":[{"href":"https:\/\/www.europesays.com\/no\/wp-json\/wp\/v2\/media?parent=19176"}],"wp:term":[{"taxonomy":"category","embeddable":true,"href":"https:\/\/www.europesays.com\/no\/wp-json\/wp\/v2\/categories?post=19176"},{"taxonomy":"post_tag","embeddable":true,"href":"https:\/\/www.europesays.com\/no\/wp-json\/wp\/v2\/tags?post=19176"}],"curies":[{"name":"wp","href":"https:\/\/api.w.org\/{rel}","templated":true}]}}