{"id":19189,"date":"2025-08-27T08:55:11","date_gmt":"2025-08-27T08:55:11","guid":{"rendered":"https:\/\/www.europesays.com\/no\/19189\/"},"modified":"2025-08-27T08:55:11","modified_gmt":"2025-08-27T08:55:11","slug":"fotball-bodo-tv-seere-raser-mot-tv-2-etter-glimt-kampen","status":"publish","type":"post","link":"https:\/\/www.europesays.com\/no\/19189\/","title":{"rendered":"Fotball, Bod\u00f8 | TV-seere raser mot TV 2 etter Glimt-kampen"},"content":{"rendered":"\n<p>(<a href=\"https:\/\/www.nettavisen.no\/sport\/tv-seere-raser-mot-tv-2-under-glimt-kampen\/s\/5-95-2586769\" rel=\"Follow nofollow noopener\" target=\"_blank\">Nettavisen<\/a>): Mange norske fotballentusiaster benket seg foran TV-en tirsdag kveld, uvitende om at Bod\u00f8\/Glimts siste playoffkamp f\u00f8r Champions League bare vises p\u00e5 TV Play.<\/p>\n<p>Det skaper sterke reaksjoner blant seere, som mener oppgj\u00f8ret mellom Sturm Graz og Bod\u00f8\/Glimt burde blitt vist p\u00e5 \u00e5pen kanal, slik det f\u00f8rste oppgj\u00f8ret ble.<\/p>\n<p>Sinte reaksjoner<\/p>\n<p>\u00abFor en latterlig greie at Sturm Graz-Glimt kun g\u00e5r p\u00e5 TV2 Play. Er det rart folk er drittlei betal-TV\u00bb, skriver en irritert X-bruker.<\/p>\n<p>\u00abDet vil bety veldig mye for norsk fotball \u00e5 f\u00e5 <a href=\"https:\/\/x.com\/Glimt\" rel=\"nofollow\">@Glimt<\/a> inn i Champions League, sier ekspertene hos TV2. Derfor den ikke sendes p\u00e5 TV2, men p\u00e5 TV2Play sikkert\u00bb, skriver en annen.<\/p>\n<p>\u00abAt en historisk begivenhet som dette er, for norsk fotball og norsk idrett, ikke g\u00e5r p\u00e5 \u00e5pen kanal, er h\u00e5pl\u00f8st\u00bb, heter det i en annen frustrert melding.<\/p>\n<p>\u00abG\u00e5r virkelig glimt i CL-playoff p\u00e5 tv2 play?? Ikke TV 2 direkte. Skandale! Heldigvis har jeg play, men tenker p\u00e5 andre\u00bb, melder en annen bruker.<\/p>\n<p>\u00abHva er poenget med \u00e5 betale i dyre dommer for Sport Premium fra TV 2 Sport s\u00e5 legger de CL kampen til Glimt p\u00e5 TV2Play for \u00e5 tyne ut den siste krona. Ikke bra\u00bb, meldes det fra ytterligere en bruker.<\/p>\n<p>      Innloggingstr\u00f8bbel<\/p>\n<p>TV 2s pressesjef Jan-Petter Dahl sier de fleste Champions League-kampene ogs\u00e5 i fremtiden kun vil g\u00e5 p\u00e5 TV 2 Play.<\/p>\n<p>\u2013 Vi valgte \u00e5 vise forrige ukes kamp i Bod\u00f8 line\u00e6rt p\u00e5 hovedkanalen v\u00e5r \u2013 akkurat som vi gjorde i fjor under playoff-kampene. Men de aller fleste Champions League-kampene vil alltid kun g\u00e5 p\u00e5 TV 2 Play, sier Dahl til Nettavisen.<\/p>\n<p>I tillegg opplevde flere brukere problemer med innloggingen p\u00e5 str\u00f8mmetjenesten f\u00f8r kampen.<\/p>\n<p>\u2013 Problemene vi opplevde med innlogging p\u00e5 TV 2 Play ser ut til \u00e5 v\u00e6re l\u00f8st. Hva som var \u00e5rsaken til utfordringene m\u00e5 vi komme tilbake til, skriver Dahl i en sms mot slutten av f\u00f8rste omgang.<\/p>\n<p>Bod\u00f8\/Glimt tapte kampen 2-1, men er videre til seriespillet i Champions League med 6-2-seier sammenlagt.<\/p>\n<p>Les mer om: artikkelemnene<\/p>\n","protected":false},"excerpt":{"rendered":"(Nettavisen): Mange norske fotballentusiaster benket seg foran TV-en tirsdag kveld, uvitende om at Bod\u00f8\/Glimts siste playoffkamp f\u00f8r Champions&hellip;\n","protected":false},"author":2,"featured_media":19190,"comment_status":"","ping_status":"","sticky":false,"template":"","format":"standard","meta":{"footnotes":""},"categories":[59],"tags":[36,1525,92,799,30,28,29,83,82,1510],"class_list":{"0":"post-19189","1":"post","2":"type-post","3":"status-publish","4":"format-standard","5":"has-post-thumbnail","7":"category-sport","8":"tag-art","9":"tag-bodo","10":"tag-fotball","11":"tag-glimt","12":"tag-no","13":"tag-norge","14":"tag-norway","15":"tag-sport","16":"tag-sports","17":"tag-story"},"share_on_mastodon":{"url":"","error":""},"_links":{"self":[{"href":"https:\/\/www.europesays.com\/no\/wp-json\/wp\/v2\/posts\/19189","targetHints":{"allow":["GET"]}}],"collection":[{"href":"https:\/\/www.europesays.com\/no\/wp-json\/wp\/v2\/posts"}],"about":[{"href":"https:\/\/www.europesays.com\/no\/wp-json\/wp\/v2\/types\/post"}],"author":[{"embeddable":true,"href":"https:\/\/www.europesays.com\/no\/wp-json\/wp\/v2\/users\/2"}],"replies":[{"embeddable":true,"href":"https:\/\/www.europesays.com\/no\/wp-json\/wp\/v2\/comments?post=19189"}],"version-history":[{"count":0,"href":"https:\/\/www.europesays.com\/no\/wp-json\/wp\/v2\/posts\/19189\/revisions"}],"wp:featuredmedia":[{"embeddable":true,"href":"https:\/\/www.europesays.com\/no\/wp-json\/wp\/v2\/media\/19190"}],"wp:attachment":[{"href":"https:\/\/www.europesays.com\/no\/wp-json\/wp\/v2\/media?parent=19189"}],"wp:term":[{"taxonomy":"category","embeddable":true,"href":"https:\/\/www.europesays.com\/no\/wp-json\/wp\/v2\/categories?post=19189"},{"taxonomy":"post_tag","embeddable":true,"href":"https:\/\/www.europesays.com\/no\/wp-json\/wp\/v2\/tags?post=19189"}],"curies":[{"name":"wp","href":"https:\/\/api.w.org\/{rel}","templated":true}]}}