{"id":192101,"date":"2026-03-19T22:19:24","date_gmt":"2026-03-19T22:19:24","guid":{"rendered":"https:\/\/www.europesays.com\/no\/192101\/"},"modified":"2026-03-19T22:19:24","modified_gmt":"2026-03-19T22:19:24","slug":"vidar-villa-selger-beromt-konsertferje-for-59-millioner-kroner","status":"publish","type":"post","link":"https:\/\/www.europesays.com\/no\/192101\/","title":{"rendered":"Vidar Villa selger ber\u00f8mt konsertferje for 5,9 millioner kroner"},"content":{"rendered":"<p class=\"kicker \" style=\"\">Vidar Villa:\u00a0<\/p>\n<p>    Festen til sj\u00f8s er over, og artisten er klar for \u00e5 komme seg p\u00e5 land. N\u00e5 selger han sin ber\u00f8mte b\u00e5t.\u00a0<\/p>\n<p>\n    SELGER: Vidar Villa kj\u00f8pte ferja MS Bj\u00f8rvika under pandemien. Om bord har han over flere \u00e5r har hatt sommerturneer. Foto: Thomas Andersen \/ TV 2\n  <\/p>\n<p>Under pandemien bestemte Vidar Andr\u00e9 Gr\u00f8dset Mohaugen (36), best kjent under artistnavnet Vidar Villa, seg for \u00e5 kj\u00f8pe ferja MS Bj\u00f8rvika sammen med to kollegaer.\u00a0<\/p>\n<p>        <img loading=\"lazy\" decoding=\"async\" src=\"https:\/\/www.europesays.com\/no\/wp-content\/uploads\/2026\/03\/84394070.webp.webp\" width=\"667\" height=\"661\" title=\"LYKKE: Vidar kan glede seg over en god pris p\u00e5 b\u00e5ten. Her med forloveden Malin Christine Gregersen. Foto: Andreas Fadum\/Se og H\u00f8r\" alt=\"\" class=\"\" style=\"--aspect-ratio-image: 1.01; \"\/><\/p>\n<p>\n        LYKKE: Vidar kan glede seg over en god pris p\u00e5 b\u00e5ten. Her med forloveden Malin Christine Gregersen. Foto: Andreas Fadum\/Se og H\u00f8r\n    <\/p>\n<p>Trioen m\u00e5tte punge ut med to millioner kroner.\u00a0Deretter fulgte en n\u00f8dvendig oppussing, med m\u00e5l om \u00e5 gj\u00f8re b\u00e5ten til en sentral del av artistens sommerturn\u00e9.\u00a0<\/p>\n<p>    <a itemprop=\"url\" href=\"https:\/\/www.seher.no\/kjendis\/endelig-solgt-etter-millionkutt\/84362619\" rel=\"nofollow noopener\" target=\"_blank\"><\/p>\n<p>        <img loading=\"lazy\" decoding=\"async\" src=\"https:\/\/www.europesays.com\/no\/wp-content\/uploads\/2026\/03\/1773958761_735_84362587.webp.webp\" width=\"147\" height=\"98\" title=\"Har solgt luksusen\" alt=\"\" class=\"lazyload\" style=\"--aspect-ratio-image: 1.50; \"\/><\/p>\n<p>        Har solgt luksusen<\/p>\n<p>    <\/a><\/p>\n<p>Mange vil ogs\u00e5 kjenne igjen ferja fra Viaplay-serien \u00abOppdrag MS Bj\u00f8rvika\u00bb.<\/p>\n<p>Med ny scene, takoverbygg, backstageomr\u00e5de og fullverdig lyd- og lysrigg ble den tidligere ferja forvandlet til en flytende konsertscene &#8211; med plass til opptil 250 publikummere.<\/p>\n<p>        MOREN DIN: Mia Gundersen gjorde en overraskende gjesteopptreden i Vidar Villas musikkvideo til l\u00e5ta \u00abMoren Din\u203a. Video: Vidar Villa via Youtube \/ R\u00f8d L\u00f8per.<\/p>\n<p>N\u00e5 er imidlertid eventyret p\u00e5 sj\u00f8en over &#8211; i alle fall for denne gang. Mohaugen r\u00f8per at den ber\u00f8mte b\u00e5ten skal selges. Men hvis den skal bli din, m\u00e5 du v\u00e6re villig til \u00e5 punge ut.\u00a0<\/p>\n<p class=\"font-weight-bold m-font-weight-bold\" data-lab-font_weight=\"font-weight-bold\"> Prisantydningen ligger p\u00e5 5,9 millioner kroner, if\u00f8lge Finn-annonsen.\u00a0<\/p>\n<p>        <img loading=\"lazy\" decoding=\"async\" src=\"https:\/\/www.europesays.com\/no\/wp-content\/uploads\/2026\/03\/84388230.webp.webp\" width=\"686\" height=\"433\" title=\"Vidar Villa har fartet rundt i MS Bj\u00f8rvika med sine \u00e5rlige sommerturneer. Foto: Villa Music\" alt=\"\" class=\"\" style=\"--aspect-ratio-image: 1.58; \"\/><\/p>\n<p>\n        Vidar Villa har fartet rundt i MS Bj\u00f8rvika med sine \u00e5rlige sommerturneer. Foto: Villa Music\n    <\/p>\n<p data-lab-font_weight=\"\">&#8211; Etter fem \u00e5r til sj\u00f8s er det p\u00e5 tide \u00e5 komme seg p\u00e5 land igjen, p\u00e5 litt st\u00f8rre scener. For 2026 har vi booket v\u00e5r st\u00f8rste festivalsommer hittil, og det skal bli g\u00f8y \u00e5 oppskalere showet litt, fra den intim-scenen om bord,\u00a0forteller han til Se og H\u00f8r.<\/p>\n<p>    <a itemprop=\"url\" href=\"https:\/\/www.seher.no\/kjendis\/nytt-steg-med-kjaeresten\/84189479\" rel=\"nofollow noopener\" target=\"_blank\"><\/p>\n<p>        <img loading=\"lazy\" decoding=\"async\" src=\"https:\/\/www.europesays.com\/no\/wp-content\/uploads\/2026\/03\/84189740.webp.webp\" width=\"147\" height=\"100\" title=\"Nytt steg med kj\u00e6resten\" alt=\"\" class=\"lazyload\" style=\"--aspect-ratio-image: 1.47; \"\/><\/p>\n<p>        Nytt steg med kj\u00e6resten<\/p>\n<p>    <\/a><\/p>\n<p>Mohaugen innr\u00f8mmer at det f\u00f8les vemodig \u00e5 selge b\u00e5ten.\u00a0<\/p>\n<p class=\"font-weight-bold m-font-weight-bold\" data-lab-font_weight=\"font-weight-bold\">&#8211; Selv om jeg gleder meg til nye opplevelser p\u00e5 st\u00f8rre festivalscener, er det litt trist \u00e5 forlate den koselige lille scenen vi har bygget, og ikke minst alle folkene som har gjort turn\u00e9en mulig fra \u00e5r til \u00e5r.<\/p>\n<p>        <img loading=\"lazy\" decoding=\"async\" src=\"https:\/\/www.europesays.com\/no\/wp-content\/uploads\/2026\/03\/84388238.webp.webp\" width=\"667\" height=\"441\" title=\"KONSERTER: Artisten har totalt spilt 140 konserter p\u00e5 b\u00e5ten for over 30 000 gjester. Foto: Villa Music\" alt=\"\" class=\"\" style=\"--aspect-ratio-image: 1.51; \"\/><\/p>\n<p>\n        KONSERTER: Artisten har totalt spilt 140 konserter p\u00e5 b\u00e5ten for over 30 000 gjester. Foto: Villa Music\n    <\/p>\n<p>Manager Chris Collings kan fortelle at prosjektet har v\u00e6rt en \u00f8konomisk suksess.\u00a0<\/p>\n<p>Fra 2022 har sommerturn\u00e9en generert et samlet overskudd p\u00e5 omlag \u00e5tte millioner kroner, fordelt p\u00e5 selskapene MS Bj\u00f8rvika AS og Villa Music AS, som har arrangert turn\u00e9en sammen.<\/p>\n<p>        BOBLA: Nygifte Else K\u00e5ss Furuseth tok med seg en liter akevitt da hun ble invitert til fest hos Vidar Villa. <\/p>\n<p>&#8211; Dette har v\u00e6rt et utrolig givende prosjekt for oss. Vi har v\u00e6rt et fast crew p\u00e5 20-25 personer som har reist rundt hver sommer og opplevd ufattelig mye sammen. Vi har skapt noe helt unikt her, som vi kommer til \u00e5 ta med oss videre,\u00a0sier han.<\/p>\n","protected":false},"excerpt":{"rendered":"Vidar Villa:\u00a0 Festen til sj\u00f8s er over, og artisten er klar for \u00e5 komme seg p\u00e5 land. N\u00e5&hellip;\n","protected":false},"author":2,"featured_media":192102,"comment_status":"","ping_status":"","sticky":false,"template":"","format":"standard","meta":{"footnotes":"","_share_on_mastodon":"0"},"categories":[58],"tags":[71,479,2543,30,28,29,19105,72,19104],"class_list":["post-192101","post","type-post","status-publish","format-standard","has-post-thumbnail","category-underholdning","tag-entertainment","tag-kjendis","tag-kjendisdesken","tag-no","tag-norge","tag-norway","tag-selger","tag-underholdning","tag-vidar-villa"],"share_on_mastodon":{"url":"https:\/\/pubeurope.com\/@no\/116258168266584470","error":""},"_links":{"self":[{"href":"https:\/\/www.europesays.com\/no\/wp-json\/wp\/v2\/posts\/192101","targetHints":{"allow":["GET"]}}],"collection":[{"href":"https:\/\/www.europesays.com\/no\/wp-json\/wp\/v2\/posts"}],"about":[{"href":"https:\/\/www.europesays.com\/no\/wp-json\/wp\/v2\/types\/post"}],"author":[{"embeddable":true,"href":"https:\/\/www.europesays.com\/no\/wp-json\/wp\/v2\/users\/2"}],"replies":[{"embeddable":true,"href":"https:\/\/www.europesays.com\/no\/wp-json\/wp\/v2\/comments?post=192101"}],"version-history":[{"count":0,"href":"https:\/\/www.europesays.com\/no\/wp-json\/wp\/v2\/posts\/192101\/revisions"}],"wp:featuredmedia":[{"embeddable":true,"href":"https:\/\/www.europesays.com\/no\/wp-json\/wp\/v2\/media\/192102"}],"wp:attachment":[{"href":"https:\/\/www.europesays.com\/no\/wp-json\/wp\/v2\/media?parent=192101"}],"wp:term":[{"taxonomy":"category","embeddable":true,"href":"https:\/\/www.europesays.com\/no\/wp-json\/wp\/v2\/categories?post=192101"},{"taxonomy":"post_tag","embeddable":true,"href":"https:\/\/www.europesays.com\/no\/wp-json\/wp\/v2\/tags?post=192101"}],"curies":[{"name":"wp","href":"https:\/\/api.w.org\/{rel}","templated":true}]}}