{"id":192133,"date":"2026-03-19T23:01:14","date_gmt":"2026-03-19T23:01:14","guid":{"rendered":"https:\/\/www.europesays.com\/no\/192133\/"},"modified":"2026-03-19T23:01:14","modified_gmt":"2026-03-19T23:01:14","slug":"ny-batterifabrikk-satser-pa-gigabatterier-til-skip","status":"publish","type":"post","link":"https:\/\/www.europesays.com\/no\/192133\/","title":{"rendered":"Ny batterifabrikk \u2013 satser p\u00e5 gigabatterier til skip"},"content":{"rendered":"<p>I siste del av produksjonslinjen holder de fortsatt p\u00e5 \u00e5 sette sammen st\u00f8peformene som er p\u00e5 st\u00f8rrelse med en skipulk. Formene legger et resinlag\u00a0rundt batterimodulene for \u00e5 gj\u00f8re dem tette.\u00a0<\/p>\n<p>Mens resten av produksjonen er relativt standard for batterifabrikker, er det siste steget det som skal skille Zen fra andre. Resinbelegget gj\u00f8r at batteriene kan pakkes tett sammen i en container som fylles med vann.\u00a0Det skal igjen gi h\u00f8y energitetthet og brannsikring.<\/p>\n<p>Fabrikken \u00e5pnet p\u00e5 slutten av fjor\u00e5ret. N\u00e5r TU er p\u00e5 bes\u00f8k produserer den automatiserte linjen batteripakker til et Salten Shipping-skip som skal seile innerst i Oslofjorden.\u00a0<\/p>\n","protected":false},"excerpt":{"rendered":"I siste del av produksjonslinjen holder de fortsatt p\u00e5 \u00e5 sette sammen st\u00f8peformene som er p\u00e5 st\u00f8rrelse med&hellip;\n","protected":false},"author":2,"featured_media":192134,"comment_status":"","ping_status":"","sticky":false,"template":"","format":"standard","meta":{"footnotes":"","_share_on_mastodon":"0"},"categories":[10],"tags":[20,21,382,24,25,15,537,1514,22,23,180,13,30,28,29,14,16,26,27],"class_list":["post-192133","post","type-post","status-publish","format-standard","has-post-thumbnail","category-norge","tag-breaking-news","tag-breakingnews","tag-energi","tag-featured-news","tag-featurednews","tag-headlines","tag-industri","tag-klima","tag-latest-news","tag-latestnews","tag-maritim","tag-news","tag-no","tag-norge","tag-norway","tag-nyheter","tag-overskrifter","tag-top-stories","tag-topstories"],"share_on_mastodon":{"url":"https:\/\/pubeurope.com\/@no\/116258333398052670","error":""},"_links":{"self":[{"href":"https:\/\/www.europesays.com\/no\/wp-json\/wp\/v2\/posts\/192133","targetHints":{"allow":["GET"]}}],"collection":[{"href":"https:\/\/www.europesays.com\/no\/wp-json\/wp\/v2\/posts"}],"about":[{"href":"https:\/\/www.europesays.com\/no\/wp-json\/wp\/v2\/types\/post"}],"author":[{"embeddable":true,"href":"https:\/\/www.europesays.com\/no\/wp-json\/wp\/v2\/users\/2"}],"replies":[{"embeddable":true,"href":"https:\/\/www.europesays.com\/no\/wp-json\/wp\/v2\/comments?post=192133"}],"version-history":[{"count":0,"href":"https:\/\/www.europesays.com\/no\/wp-json\/wp\/v2\/posts\/192133\/revisions"}],"wp:featuredmedia":[{"embeddable":true,"href":"https:\/\/www.europesays.com\/no\/wp-json\/wp\/v2\/media\/192134"}],"wp:attachment":[{"href":"https:\/\/www.europesays.com\/no\/wp-json\/wp\/v2\/media?parent=192133"}],"wp:term":[{"taxonomy":"category","embeddable":true,"href":"https:\/\/www.europesays.com\/no\/wp-json\/wp\/v2\/categories?post=192133"},{"taxonomy":"post_tag","embeddable":true,"href":"https:\/\/www.europesays.com\/no\/wp-json\/wp\/v2\/tags?post=192133"}],"curies":[{"name":"wp","href":"https:\/\/api.w.org\/{rel}","templated":true}]}}