{"id":19215,"date":"2025-08-27T09:23:20","date_gmt":"2025-08-27T09:23:20","guid":{"rendered":"https:\/\/www.europesays.com\/no\/19215\/"},"modified":"2025-08-27T09:23:20","modified_gmt":"2025-08-27T09:23:20","slug":"vestvagoy-leknes-jeg-har-trent-jevnt-i-flere-ar-for-a-begrense-forfallet","status":"publish","type":"post","link":"https:\/\/www.europesays.com\/no\/19215\/","title":{"rendered":"Vestv\u00e5g\u00f8y, Leknes | \u2013 Jeg har trent jevnt i flere \u00e5r for \u00e5 begrense forfallet"},"content":{"rendered":"\n<p>\u2013 Det var artig, mye folk. Det kunne v\u00e6rt bedre v\u00e6r.<\/p>\n<p>Det sier Martin Eliassen etter \u00e5 ha deltatt under helgens l\u00f8pefest p\u00e5 andre siden av Vestfjorden.<\/p>\n<p>Til tross for at han har hatt en sommer fylt med en del skader, kom Lofotv\u00e6ringen inn p\u00e5 en fjerdeplass halvmaraton med tiden 1 time og 11 minutter og 59 sekunder. Kun to minutter etter en annen deltaker fra Vestv\u00e5g\u00f8y, H\u00e5vard Moholt Berge, som kom inn p\u00e5 tiden 1 time, 10 minutter og 11 sekunder.<\/p>\n<p>Eliassen er s\u00e5nn middels forn\u00f8yd med tiden han klarte under de 21 kilometerne i Bod\u00f8s gater, men er likevel enig i at plasseringen ikke er s\u00e5 halvgal, etter \u00e5 ha l\u00f8pt sammen med over 1200 mennesker denne helga.<\/p>\n<p>H\u00e5vard Moholt Berge er derimot storforn\u00f8yd med \u00e5 v\u00e6re f\u00f8rste mann i m\u00e5l.<\/p>\n<p>\u2013 Jeg kom inn og l\u00f8p store deler av l\u00f8pet sammen med han som kom inn p\u00e5 andreplass. At vi kunne samarbeidet om l\u00f8pingen gjorde at det gikk en del bedre enn forventet.<\/p>\n<p>      Andre gang<\/p>\n<p>L\u00f8pefestivalen i Bod\u00f8 er andre gang Eliassen l\u00f8per halvmaraton. F\u00f8rste gang han pr\u00f8vde seg p\u00e5 l\u00f8pegrenen var under fjor\u00e5rets Leknesl\u00f8pet, hvor han ble nummer to.<\/p>\n<p>Hvorfor han trives med l\u00f8pingen og begynte med halvmaraton har han ingen forklaring p\u00e5. Annet enn at han syns det er viktig \u00e5 holde seg i form for sin egen del.<\/p>\n<p>\u2013 Jeg har trent jevnt i flere \u00e5r for \u00e5 begrense forfallet, for jeg blir bare eldre.<\/p>\n<p>Til vanlig jobber han som forskalingssnekker p\u00e5 Andenes, men har base p\u00e5 Leknes hvor den st\u00f8rste heiagjengen holder til. Barna Selma og Martine Hardy p\u00e5 3 og 6 \u00e5r.<\/p>\n<p>\u2013 De er heiagjeng og fungerer som st\u00f8tteapparat. Martine blander ofte sportsdrikken n\u00e5r faren skal p\u00e5 trening. De var litt skuffet over fjerdeplass, men vi ble enig om og pr\u00f8ve igjen til neste \u00e5r.<\/p>\n<p>  <a href=\"https:\/\/www.lofot-tidende.no\/5-28-524398\" class=\"related-teaser has-image default-gallery-teaser article--c-eRUmMG article--c-eRUmMG-jKCPdD-design-default\" rel=\"nofollow noopener\" target=\"_blank\"><\/p>\n<p>    <img decoding=\"async\" loading=\"lazy\"  src=\"https:\/\/www.europesays.com\/no\/wp-content\/uploads\/2025\/08\/IMG_1414.jpg\" alt=\"\" class=\"brick-c-cFOWSL\" style=\"\"\/><\/p>\n<p>\n            Bildeserie<\/p>\n<p>              Startet l\u00f8psfest mellom regnbyger og stormkast\n        <\/p>\n<p>  <\/a><br \/>\n  Foretrekker asfalt<\/p>\n<p>\u00c5 trene til maraton sier han er for \u00e5 holde seg aktiv. At det er blitt mer i vinden blant unge \u00e5 delta og gjennomf\u00f8re maraton, halvmaraton og ultral\u00f8p tenker han er positivt.<\/p>\n<p>\u2013 Jeg syns det er kjempebra for at folk holder seg i aktivitet, ingenting er bedre enn det. Tror folk blir mer skadet av \u00e5 sitte hjemme. Ogs\u00e5 syns jeg det er greit \u00e5 holde seg i form.<\/p>\n<p>\u2013 Hvis det er flere her p\u00e5 Leknes som har lyst til \u00e5 trene til halvmaraton eller maraton, har du en rute \u00e5 anbefale?<\/p>\n<p>\u2013 Det er vanskelig \u00e5 skulle velge bare en runde. Det er mange fine plasser \u00e5 l\u00f8pe. Selv foretrekker jeg \u00e5 l\u00f8pe p\u00e5 asfalt.<\/p>\n<p>\u2013 Blir der flere maraton etter det her da?<\/p>\n<p>\u2013 Ikke med det f\u00f8rste. Kanskje blir det et nytt halvmaraton til neste \u00e5r. Men n\u00e5 f\u00f8rst blir det noen rolige uker og fri. S\u00e5 blir det \u00e5 etter hvert kle p\u00e5 seg skoene og ta seg en tur ut.<\/p>\n<p>Det neste m\u00e5let sier han blir \u00e5 l\u00f8pe under 1 time og 10 minutter.<\/p>\n<p>For halvmaratonvinner H\u00e5vard Moholt Berge er planene klare. Det neste blir halvmaraton i Tyskland.<\/p>\n<p>\u2013 N\u00e5 skal jeg ned og l\u00f8pe Berlinmaraton som det neste. Jeg blir \u00e5 lade opp til det ved \u00e5 trene litt mindre og samle overskudd.<\/p>\n<p>  <a href=\"https:\/\/www.lofot-tidende.no\/5-28-592765\" class=\"related-teaser has-image default-story-teaser article--c-eRUmMG article--c-eRUmMG-jKCPdD-design-default\" rel=\"nofollow noopener\" target=\"_blank\"><\/p>\n<p>    <img decoding=\"async\" loading=\"lazy\"  src=\"https:\/\/www.europesays.com\/no\/wp-content\/uploads\/2025\/08\/Isaac.png\" alt=\"\" class=\"brick-c-cFOWSL\" style=\"\"\/><\/p>\n<p>\n            Les ogs\u00e5<\/p>\n<p>              182 hull p\u00e5 32 timer ga Isaac non-stop-verdensrekorden p\u00e5 Lofoten Links\n        <\/p>\n<p>  <\/a><\/p>\n","protected":false},"excerpt":{"rendered":"\u2013 Det var artig, mye folk. Det kunne v\u00e6rt bedre v\u00e6r. Det sier Martin Eliassen etter \u00e5 ha&hellip;\n","protected":false},"author":2,"featured_media":19216,"comment_status":"","ping_status":"","sticky":false,"template":"","format":"standard","meta":{"footnotes":""},"categories":[59],"tags":[36,3339,1458,726,30,28,29,83,82,1510,1460],"class_list":{"0":"post-19215","1":"post","2":"type-post","3":"status-publish","4":"format-standard","5":"has-post-thumbnail","7":"category-sport","8":"tag-art","9":"tag-bostad","10":"tag-leknes","11":"tag-maraton","12":"tag-no","13":"tag-norge","14":"tag-norway","15":"tag-sport","16":"tag-sports","17":"tag-story","18":"tag-vestvagoy"},"share_on_mastodon":{"url":"","error":""},"_links":{"self":[{"href":"https:\/\/www.europesays.com\/no\/wp-json\/wp\/v2\/posts\/19215","targetHints":{"allow":["GET"]}}],"collection":[{"href":"https:\/\/www.europesays.com\/no\/wp-json\/wp\/v2\/posts"}],"about":[{"href":"https:\/\/www.europesays.com\/no\/wp-json\/wp\/v2\/types\/post"}],"author":[{"embeddable":true,"href":"https:\/\/www.europesays.com\/no\/wp-json\/wp\/v2\/users\/2"}],"replies":[{"embeddable":true,"href":"https:\/\/www.europesays.com\/no\/wp-json\/wp\/v2\/comments?post=19215"}],"version-history":[{"count":0,"href":"https:\/\/www.europesays.com\/no\/wp-json\/wp\/v2\/posts\/19215\/revisions"}],"wp:featuredmedia":[{"embeddable":true,"href":"https:\/\/www.europesays.com\/no\/wp-json\/wp\/v2\/media\/19216"}],"wp:attachment":[{"href":"https:\/\/www.europesays.com\/no\/wp-json\/wp\/v2\/media?parent=19215"}],"wp:term":[{"taxonomy":"category","embeddable":true,"href":"https:\/\/www.europesays.com\/no\/wp-json\/wp\/v2\/categories?post=19215"},{"taxonomy":"post_tag","embeddable":true,"href":"https:\/\/www.europesays.com\/no\/wp-json\/wp\/v2\/tags?post=19215"}],"curies":[{"name":"wp","href":"https:\/\/api.w.org\/{rel}","templated":true}]}}