{"id":192261,"date":"2026-03-20T04:03:13","date_gmt":"2026-03-20T04:03:13","guid":{"rendered":"https:\/\/www.europesays.com\/no\/192261\/"},"modified":"2026-03-20T04:03:13","modified_gmt":"2026-03-20T04:03:13","slug":"ricki-lake-innrommer-a-ha-fikset-pa-ansiktet","status":"publish","type":"post","link":"https:\/\/www.europesays.com\/no\/192261\/","title":{"rendered":"Ricki Lake innr\u00f8mmer \u00e5 ha fikset p\u00e5 ansiktet"},"content":{"rendered":"\n<p class=\"_lead_145nj_2 _lead_6fko5_53 layout-component text-serif-m layout-normal text-serif-l layout-component layout-wide layout-padded _wide_17hqh_1 layout-padded\">Den tidligere talkshow-verten (57) bestilte ansiktsl\u00f8ft n\u00e6rmest p\u00e5 impuls.<\/p>\n<p><img alt=\"Ricki Lake p\u00e5 en premiere i New York i fjor. Foto: Evan Agostini \/ AP \/ NTB\" class=\"_image_jw3bv_65 layout-component layout-wide\" data-fullscreen- data-track-element-type=\"Article image fullscreen\" data-track-name=\"ImageFullscreen\" fetchpriority=\"high\" decoding=\"sync\" loading=\"eager\" height=\"2940\" itemprop=\"image\"  src=\"https:\/\/www.europesays.com\/no\/wp-content\/uploads\/2026\/03\/50c3d22c-027c-473e-93d5-7ce5fa2a0d9a.jpeg\"  style=\"object-position:0% 0%\" width=\"3001\"\/>Ricki Lake p\u00e5 en premiere i New York i fjor. Foto: Evan Agostini \/ AP \/ NTB<\/p>\n<ul aria-hidden=\"true\" class=\"_images_ntbth_112\">\n<li><a class=\"_link_ntbth_117\" href=\"https:\/\/www.vg.no\/forfatter\/catherine-gonsholt-ighanian\" style=\"z-index:1\" title=\"Catherine Gonsholt Ighanian\" rel=\"nofollow noopener\" target=\"_blank\"><img alt=\"Bilde av Catherine Gonsholt Ighanian\" class=\"_image_ntbth_93\" fetchpriority=\"low\" loading=\"lazy\" decoding=\"async\" itemprop=\"image\"  src=\"https:\/\/www.europesays.com\/no\/wp-content\/uploads\/2026\/03\/1773979391_23_72dca32d-ee6f-474c-a50e-72a9bb49f38a.jpeg\"  width=\"480\"\/><\/a><\/li>\n<\/ul>\n<p> Oppdatert fredag 20. mars kl. 02:38    <\/p>\n<ul class=\"_list_145nj_3 _list_64s2r_85 _unordered_145nj_106 text-sans-m\">\n<li class=\"_item_145nj_30\">Ricki Lake fikk utf\u00f8rt ansiktsl\u00f8ft etter vekttap.<\/li>\n<li class=\"_item_145nj_30\">Hun bestemte seg etter \u00e5 ha sett en venninne som hadde gjort det samme.<\/li>\n<li class=\"_item_145nj_30\">Lake har tidligere slitt med vekten, men holder seg n\u00e5 stabil, og hun har derfor fjernet overfl\u00f8dig hud, forkalrer hun.<\/li>\n<\/ul>\n<p>Vis mer <\/p>\n<p class=\"_paragraph_145nj_4 _paragraph_6fko5_10 layout-component text-serif-m layout-normal text-serif-m layout-padded\"><a href=\"https:\/\/www.vg.no\/tag\/ricki-lake?utm_source=vg-article&amp;utm_medium=auto-tagger&amp;utm_campaign=6q3Gko\" class=\"_link_145nj_39\" rel=\"nofollow noopener\" target=\"_blank\">Ricki Lake<\/a> \u00e5pner opp om sin beslutning om \u00e5 g\u00e5 under kniven. <\/p>\n<p class=\"_paragraph_145nj_4 _paragraph_6fko5_10 layout-component text-serif-m layout-normal text-serif-m layout-padded\">\u2013 Jeg gjorde ingen research da jeg veldig impulsivt bestemte meg, sier Lake i podkasten <a href=\"https:\/\/www.youtube.com\/watch?v=OVOJvq04lvw\" class=\"_link_145nj_39\" rel=\"nofollow noopener\" target=\"_blank\">\u00abInside Edit\u00bb<\/a>, if\u00f8lge <a href=\"https:\/\/www.foxnews.com\/entertainment\/ricki-lake-admits-she-impulsively-got-facelift-without-research-40-pound-weight-loss\" class=\"_link_145nj_39\" rel=\"nofollow noopener\" target=\"_blank\">Fox News<\/a>.<\/p>\n<p class=\"_paragraph_145nj_4 _paragraph_6fko5_10 layout-component text-serif-m layout-normal text-serif-m layout-padded\">Den amerikanske talkshow-veteranen, som ogs\u00e5 er skuespiller, har hele livet strevd med vekten, og har innviet offentligheten i det. Hun har ofte g\u00e5tt ned, for s\u00e5 \u00e5 g\u00e5 opp igjen.<\/p>\n<p>Ned 18 kilo<\/p>\n<p class=\"_paragraph_145nj_4 _paragraph_6fko5_10 layout-component text-serif-m layout-normal text-serif-m layout-padded\">Men de siste par \u00e5rene har vekten v\u00e6rt stabil, og Lake mener <a href=\"https:\/\/www.vg.no\/rampelys\/i\/MnRoJ0\/ricki-lake-ble-sur-paa-legen-fikk-motivasjon-til-aa-gaa-ned-i-vekt\" data-track-element-type=\"Link\" data-track-id=\"link:MnRoJ0\" class=\"_link_145nj_39\" rel=\"nofollow noopener\" target=\"_blank\">hun har knekket koden<\/a>.<\/p>\n<p class=\"_paragraph_145nj_4 _paragraph_6fko5_10 layout-component text-serif-m layout-normal text-serif-m layout-padded\">Kilotapet hadde imidlertid sin pris i form av overfl\u00f8dig hud.<\/p>\n<p class=\"_paragraph_145nj_4 _paragraph_6fko5_10 layout-component text-serif-m layout-normal text-serif-m layout-padded\">\u2013 Jeg hadde nettopp g\u00e5tt ned 18 kilo, og jeg hadde dette hengende, sier hun og peker p\u00e5 omr\u00e5det under haken.<\/p>\n<p><img alt=\"Ricki Lake i Hollywood i 2023.  Foto: VALERIE MACON \/ AFP \/ NTB\" class=\"_image_jw3bv_65 layout-component layout-normal\" data-fullscreen- data-track-element-type=\"Article image fullscreen\" data-track-name=\"ImageFullscreen\" decoding=\"async\" loading=\"lazy\" height=\"3136\" itemprop=\"image\"  src=\"https:\/\/www.europesays.com\/no\/wp-content\/uploads\/2026\/03\/cb0f76e2-737d-43f3-b46b-7ff5b0f7ad11.jpeg\"  style=\"object-position:0% 0%\" width=\"4758\"\/>Ricki Lake i Hollywood i 2023.  Foto: VALERIE MACON \/ AFP \/ NTB<\/p>\n<p class=\"_paragraph_145nj_4 _paragraph_6fko5_10 layout-component text-serif-m layout-normal text-serif-m layout-padded\">57-\u00e5ringen forklarer at hun bestilte f\u00f8rste ledige time hos plastikkirurgen, etter f\u00f8rst \u00e5 ha v\u00e6rt til konsultasjon.<\/p>\n<p class=\"_paragraph_145nj_4 _paragraph_6fko5_10 layout-component text-serif-m layout-normal text-serif-m layout-padded\">Hvilket \u00e5r det fant sted, r\u00f8per hun ikke, annet enn \u00e5 si at det var p\u00e5 sommeren.<\/p>\n<p>Ikke for \u00e5 se ung ut<\/p>\n<p class=\"_paragraph_145nj_4 _paragraph_6fko5_10 layout-component text-serif-m layout-normal text-serif-m layout-padded\">Til tross for at inngrepet ikke var veldig veloverveid, angrer hun ikke.<\/p>\n<p class=\"_paragraph_145nj_4 _paragraph_6fko5_10 layout-component text-serif-m layout-normal text-serif-m layout-padded\">Lake presiserer at det ikke var jakt p\u00e5 evig ungdom som motiverte henne.<\/p>\n<p class=\"_paragraph_145nj_4 _paragraph_6fko5_10 layout-component text-serif-m layout-normal text-serif-m layout-padded\">\u2013 Det var ikke s\u00e5nn at jeg ikke likte det jeg s\u00e5 eller ville se yngre ut. Jeg har gr\u00e5tt h\u00e5r, s\u00e5 det handler ikke om det. Men jeg hadde dette henget som ikke kom til \u00e5 stramme seg opp igjen.<\/p>\n<p class=\"_paragraph_145nj_4 _paragraph_6fko5_10 layout-component text-serif-m layout-normal text-serif-m layout-padded\">Det var etter \u00e5 ha sett en venninne f\u00e5 fjernet overfl\u00f8dig hud i ansiktet at Lake selv raskt tok aff\u00e6re.<\/p>\n<p class=\"_paragraph_145nj_4 _paragraph_6fko5_10 layout-component text-serif-m layout-normal text-serif-m layout-padded\">\u2013 Jeg s\u00e5 henne \u00e5tte dager etter at hun var blitt operert. Ikke bare s\u00e5 hun fantastisk ut, hun var lykkelig ogs\u00e5. Hun var som et annet menneske. Jeg tenkte: \u00abJeg vil ha det hun har\u00bb, sier Lake i podkasten.<\/p>\n<p><img alt=\"Ricki Lake p\u00e5 en premiere i London i 2019.  Foto: Ian West \/ Pa Photos \/ NTB\" class=\"_image_jw3bv_65 layout-component layout-normal\" data-fullscreen- data-track-element-type=\"Article image fullscreen\" data-track-name=\"ImageFullscreen\" decoding=\"async\" loading=\"lazy\" height=\"2429\" itemprop=\"image\"  src=\"https:\/\/www.europesays.com\/no\/wp-content\/uploads\/2026\/03\/8f7d3627-9f7d-4adc-a753-268accf3bca9.jpeg\"  style=\"object-position:0% 0%\" width=\"3712\"\/>Ricki Lake p\u00e5 en premiere i London i 2019.  Foto: Ian West \/ Pa Photos \/ NTB<\/p>\n<p class=\"_paragraph_145nj_4 _paragraph_6fko5_10 layout-component text-serif-m layout-normal text-serif-m layout-padded\">I 2024 forklarte Lake at et legebes\u00f8k i forbindelse med overgangsplagerovergangsplagerOvergangsplager er fysiske og psykiske symptomer kvinner opplever i perioden f\u00f8r, under og etter menopausen (siste menstruasjon), vanligvis i 45\u201355 \u00e5rsalderen. Plagene skyldes fallende \u00f8strogenniv\u00e5er og inkluderer typisk hetetokter, nattesvette, s\u00f8vnproblemer, t\u00f8rre slimhinner og hum\u00f8rsvingninger, var det som fikk fart i sakene. Hun ble sint p\u00e5 legen som skal ha foresl\u00e5tt slankemidler.<\/p>\n<p class=\"_paragraph_145nj_4 _paragraph_6fko5_10 layout-component text-serif-m layout-normal text-serif-m layout-padded\">Dermed satte hun i gang <a href=\"https:\/\/www.vg.no\/rampelys\/i\/MnRoJ0\/ricki-lake-ble-sur-paa-legen-fikk-motivasjon-til-aa-gaa-ned-i-vekt\" data-track-element-type=\"Link\" data-track-id=\"link:MnRoJ0\" class=\"_link_145nj_39\" rel=\"nofollow noopener\" target=\"_blank\">en livsstilsendring<\/a>. Hun fikk ektemann nummer tre, Ross Burningham, med p\u00e5 prosjektet. De to giftet seg i 2022.<\/p>\n<p class=\"_paragraph_145nj_4 _paragraph_6fko5_10 layout-component text-serif-m layout-normal text-serif-m layout-padded\">\u2013 Min perfekte mann, vi er s\u00e5 lykkelige sammen. Hvis jeg skal peke p\u00e5 \u00e9n ting som ikke fungerte i livene v\u00e5re, s\u00e5 var det at vi bar p\u00e5 denne ekstra vekten, <a href=\"https:\/\/www.vg.no\/rampelys\/i\/MnRoJ0\/ricki-lake-ble-sur-paa-legen-fikk-motivasjon-til-aa-gaa-ned-i-vekt\" data-track-element-type=\"Link\" data-track-id=\"link:MnRoJ0\" class=\"_link_145nj_39\" rel=\"nofollow noopener\" target=\"_blank\">uttalte hun<\/a> for to \u00e5r siden.<\/p>\n<p><img decoding=\"async\" alt=\"Bilde av Ricki Lake i 2008.\" class=\"_image_148z4_25\" height=\"48\" itemprop=\"image\" loading=\"lazy\"  src=\"https:\/\/www.europesays.com\/no\/wp-content\/uploads\/2026\/03\/e8495e48-9170-420e-9906-f19525e52588.jpeg\"  width=\"40\"\/><strong class=\"_name_148z4_34 title-serif-xs\">Ricki Lake i 2008.<\/strong><\/p>\n<p class=\"_paragraph_145nj_4 _paragraph_6fko5_10 layout-component text-serif-m layout-normal text-serif-m layout-padded\">Ricki Lake startet talkshow-karrieren med \u00abRicki Lake Show\u00bb i 1993, og det popul\u00e6re programmet varte til 2004. Siden har hun figurert i en rekke serier og filmer.<\/p>\n<p class=\"_paragraph_145nj_4 _paragraph_6fko5_10 layout-component text-serif-m layout-normal text-serif-m layout-padded\">TV-stjernen ble enke i 2017, da <a href=\"https:\/\/www.vg.no\/rampelys\/tv\/i\/02lEB\/ricki-lake-soerger-over-tapet-av-eksmannen-endelig-har-han-faatt-fred\" data-track-element-type=\"Link\" data-track-id=\"link:02lEB\" class=\"_link_145nj_39\" rel=\"nofollow noopener\" target=\"_blank\">ektemann nummer to, Christian Evans,<\/a> tok sitt eget liv.<\/p>\n<p>Les ogs\u00e5<\/p>\n<p class=\"_paragraph_145nj_4 _paragraph_6fko5_10 layout-component text-serif-m layout-normal text-serif-m layout-padded\">Vil du lese mer nyheter om TV? Hver uke kommer TV-avisen ut, med anbefalinger og siste nytt om TV, i tillegg til hele ukens TV-program. Avisen kan kj\u00f8pes i dagligvarebutikker eller i <a href=\"https:\/\/butikk.vg.no\/products\/tv-avisen-19-mars\" class=\"_link_145nj_39\" rel=\"nofollow noopener\" target=\"_blank\">v\u00e5r nettbutikk (gratis frakt!)<\/a><\/p>\n<p><img alt=\"Foto:\" class=\"_image_jw3bv_65 layout-component layout-normal\" data-fullscreen- data-track-element-type=\"Article image fullscreen\" data-track-name=\"ImageFullscreen\" decoding=\"async\" loading=\"lazy\" height=\"4311\" itemprop=\"image\"  src=\"https:\/\/www.europesays.com\/no\/wp-content\/uploads\/2026\/03\/3718646a-9c3e-4aae-94a8-6b27fc5a1c7a.jpeg\"  style=\"object-position:0% 0%\" width=\"3071\"\/>Foto:    <\/p>\n","protected":false},"excerpt":{"rendered":"Den tidligere talkshow-verten (57) bestilte ansiktsl\u00f8ft n\u00e6rmest p\u00e5 impuls. Ricki Lake p\u00e5 en premiere i New York i&hellip;\n","protected":false},"author":2,"featured_media":192262,"comment_status":"","ping_status":"","sticky":false,"template":"","format":"standard","meta":{"footnotes":"","_share_on_mastodon":"0"},"categories":[58],"tags":[71,30,28,29,19112,6241,72,46],"class_list":["post-192261","post","type-post","status-publish","format-standard","has-post-thumbnail","category-underholdning","tag-entertainment","tag-no","tag-norge","tag-norway","tag-ricki-lake","tag-slanking","tag-underholdning","tag-vgai"],"share_on_mastodon":{"url":"https:\/\/pubeurope.com\/@no\/116259520797532226","error":""},"_links":{"self":[{"href":"https:\/\/www.europesays.com\/no\/wp-json\/wp\/v2\/posts\/192261","targetHints":{"allow":["GET"]}}],"collection":[{"href":"https:\/\/www.europesays.com\/no\/wp-json\/wp\/v2\/posts"}],"about":[{"href":"https:\/\/www.europesays.com\/no\/wp-json\/wp\/v2\/types\/post"}],"author":[{"embeddable":true,"href":"https:\/\/www.europesays.com\/no\/wp-json\/wp\/v2\/users\/2"}],"replies":[{"embeddable":true,"href":"https:\/\/www.europesays.com\/no\/wp-json\/wp\/v2\/comments?post=192261"}],"version-history":[{"count":0,"href":"https:\/\/www.europesays.com\/no\/wp-json\/wp\/v2\/posts\/192261\/revisions"}],"wp:featuredmedia":[{"embeddable":true,"href":"https:\/\/www.europesays.com\/no\/wp-json\/wp\/v2\/media\/192262"}],"wp:attachment":[{"href":"https:\/\/www.europesays.com\/no\/wp-json\/wp\/v2\/media?parent=192261"}],"wp:term":[{"taxonomy":"category","embeddable":true,"href":"https:\/\/www.europesays.com\/no\/wp-json\/wp\/v2\/categories?post=192261"},{"taxonomy":"post_tag","embeddable":true,"href":"https:\/\/www.europesays.com\/no\/wp-json\/wp\/v2\/tags?post=192261"}],"curies":[{"name":"wp","href":"https:\/\/api.w.org\/{rel}","templated":true}]}}