{"id":192309,"date":"2026-03-20T06:16:10","date_gmt":"2026-03-20T06:16:10","guid":{"rendered":"https:\/\/www.europesays.com\/no\/192309\/"},"modified":"2026-03-20T06:16:10","modified_gmt":"2026-03-20T06:16:10","slug":"ac-dc-gitarist-innlagt-pa-sykehus-for-buenos-aires-konserter","status":"publish","type":"post","link":"https:\/\/www.europesays.com\/no\/192309\/","title":{"rendered":"AC\/DC-gitarist innlagt p\u00e5 sykehus f\u00f8r Buenos Aires-konserter"},"content":{"rendered":"\n<p class=\"_lead_145nj_2 _lead_6fko5_53 layout-component text-serif-m layout-normal text-serif-l layout-component layout-wide layout-padded _wide_17hqh_1 layout-padded\">Stevie Young (69) ble innlagt som en forholdsregel.<\/p>\n<ul aria-hidden=\"true\" class=\"_images_ntbth_112\">\n<li><a class=\"_link_ntbth_117\" href=\"https:\/\/www.vg.no\/forfatter\/kari-aarstad-aase\" style=\"z-index:1\" title=\"Kari Aarstad Aase\" rel=\"nofollow noopener\" target=\"_blank\"><img alt=\"Bilde av Kari Aarstad Aase\" class=\"_image_ntbth_93\" fetchpriority=\"low\" loading=\"lazy\" decoding=\"async\" itemprop=\"image\"  src=\"https:\/\/www.europesays.com\/no\/wp-content\/uploads\/2026\/03\/1773987370_550_0dbde33e-6d8e-4680-8e4f-e2a64281e2b8.jpeg\"  width=\"480\"\/><\/a><\/li>\n<\/ul>\n<p> Oppdatert fredag 20. mars kl. 02:37     <\/p>\n<p class=\"_paragraph_145nj_4 _paragraph_6fko5_10 layout-component text-serif-m layout-normal text-serif-m layout-padded\">Stevie Young, gitarist i det legendariske australske rockebandet <a href=\"https:\/\/www.vg.no\/tag\/ac-dc?utm_source=vg-article&amp;utm_medium=auto-tagger&amp;utm_campaign=k0w569\" class=\"_link_145nj_39\" rel=\"nofollow noopener\" target=\"_blank\">AC\/DC<\/a>, ble innlagt p\u00e5 sykehus i Buenos Aires bare dager f\u00f8r han skulle opptre i byen som del av bandets \u00abPower Up\u00bb-verdensturn\u00e9.<\/p>\n<p class=\"_paragraph_145nj_4 _paragraph_6fko5_10 layout-component text-serif-m layout-normal text-serif-m layout-padded\">Young, som er nev\u00f8en til bandets avd\u00f8de grunnlegger Malcolm Young, \u00abf\u00f8lte seg ikke bra. Som en forholdsregel ble han innlagt p\u00e5 et lokalt sykehus, hvor han gjennomg\u00e5r en full serie med tester\u00bb, if\u00f8lge en uttalelse som ble sluppet torsdag av arrang\u00f8ren, melder <a href=\"https:\/\/apnews.com\/article\/acdc-stevie-young-hospital-buenos-aires-argentina-power-up-tour-eac77597a8e4ba12ad35474e6df32b60\" class=\"_link_145nj_39\" rel=\"nofollow noopener\" target=\"_blank\">AP News<\/a>.<\/p>\n<p class=\"_paragraph_145nj_4 _paragraph_6fko5_10 layout-component text-serif-m layout-normal text-serif-m layout-padded\">\u00c5rsakene til den 69 \u00e5r gamle Youngs tilstand ble ikke spesifisert.<\/p>\n<p class=\"_paragraph_145nj_4 _paragraph_6fko5_10 layout-component text-serif-m layout-normal text-serif-m layout-padded\">\u2013 Stevie har det bra og er i godt hum\u00f8r, sa en talsperson.<\/p>\n<p class=\"_paragraph_145nj_4 _paragraph_6fko5_10 layout-component text-serif-m layout-normal text-serif-m layout-padded\">\u2013 Han ser frem til \u00e5 komme p\u00e5 scenen p\u00e5 mandag.<\/p>\n<p class=\"_paragraph_145nj_4 _paragraph_6fko5_10 layout-component text-serif-m layout-normal text-serif-m layout-padded\">AC\/DC skal holde tre utsolgte konserter p\u00e5 Buenos Aires&#8217; Monumental Stadium, som har plass til opptil 85.000 personer, 23., 27. og 31. mars. Den f\u00f8rste datoen ble raskt utsolgt, noe som fikk bandet til \u00e5 legge til to ekstra show.<\/p>\n<p class=\"_paragraph_145nj_4 _paragraph_6fko5_10 layout-component text-serif-m layout-normal text-serif-m layout-padded\">Sist gang bandet opptr\u00e5dte i Argentina var i 2009, da nesten 200.000 fans deltok p\u00e5 konsertene deres.<\/p>\n<p class=\"_paragraph_145nj_4 _paragraph_6fko5_10 layout-component text-serif-m layout-normal text-serif-m layout-padded\">Stevie Young har v\u00e6rt bandets gitarist siden 2014, da onkelen hans trakk seg tilbake p\u00e5 grunn av helseproblemer. Turn\u00e9en er oppkalt etter AC\/DCs siste album \u00abPower Up\u00bb, utgitt i 2020 som en hyllest til Malcolm Young, som d\u00f8de i 2017 etter \u00e5 ha lidd av demens.<\/p>\n","protected":false},"excerpt":{"rendered":"Stevie Young (69) ble innlagt som en forholdsregel. Oppdatert fredag 20. mars kl. 02:37 Stevie Young, gitarist i&hellip;\n","protected":false},"author":2,"featured_media":192310,"comment_status":"","ping_status":"","sticky":false,"template":"","format":"standard","meta":{"footnotes":"","_share_on_mastodon":"0"},"categories":[58],"tags":[195,71,30,28,29,72,46],"class_list":["post-192309","post","type-post","status-publish","format-standard","has-post-thumbnail","category-underholdning","tag-ac-dc","tag-entertainment","tag-no","tag-norge","tag-norway","tag-underholdning","tag-vgai"],"share_on_mastodon":{"url":"https:\/\/pubeurope.com\/@no\/116260043984763737","error":""},"_links":{"self":[{"href":"https:\/\/www.europesays.com\/no\/wp-json\/wp\/v2\/posts\/192309","targetHints":{"allow":["GET"]}}],"collection":[{"href":"https:\/\/www.europesays.com\/no\/wp-json\/wp\/v2\/posts"}],"about":[{"href":"https:\/\/www.europesays.com\/no\/wp-json\/wp\/v2\/types\/post"}],"author":[{"embeddable":true,"href":"https:\/\/www.europesays.com\/no\/wp-json\/wp\/v2\/users\/2"}],"replies":[{"embeddable":true,"href":"https:\/\/www.europesays.com\/no\/wp-json\/wp\/v2\/comments?post=192309"}],"version-history":[{"count":0,"href":"https:\/\/www.europesays.com\/no\/wp-json\/wp\/v2\/posts\/192309\/revisions"}],"wp:featuredmedia":[{"embeddable":true,"href":"https:\/\/www.europesays.com\/no\/wp-json\/wp\/v2\/media\/192310"}],"wp:attachment":[{"href":"https:\/\/www.europesays.com\/no\/wp-json\/wp\/v2\/media?parent=192309"}],"wp:term":[{"taxonomy":"category","embeddable":true,"href":"https:\/\/www.europesays.com\/no\/wp-json\/wp\/v2\/categories?post=192309"},{"taxonomy":"post_tag","embeddable":true,"href":"https:\/\/www.europesays.com\/no\/wp-json\/wp\/v2\/tags?post=192309"}],"curies":[{"name":"wp","href":"https:\/\/api.w.org\/{rel}","templated":true}]}}