{"id":192661,"date":"2026-03-20T14:55:11","date_gmt":"2026-03-20T14:55:11","guid":{"rendered":"https:\/\/www.europesays.com\/no\/192661\/"},"modified":"2026-03-20T14:55:11","modified_gmt":"2026-03-20T14:55:11","slug":"brann-semifinaleklar-etter-snuoperasjon","status":"publish","type":"post","link":"https:\/\/www.europesays.com\/no\/192661\/","title":{"rendered":"Brann semifinaleklar etter snuoperasjon"},"content":{"rendered":"<p class=\"kicker \" style=\"\">Skiskyting i Holmenkollen<\/p>\n<p>    Sturla Holm L\u00e6greid (29) er i storform etter en turbulent sesong. Selv mener han at han har funnet ny styrke etter alt oppstyret.<\/p>\n<p>\n    I SITT LIVS FORM?: Sturla Holm L\u00e6greid (29) har imponert noe voldsomt den siste tida. Foto: Lise \u00c5serud \/ NTB\n  <\/p>\n<ul>\n<li class=\"lab-bodytext-line font-weight-bold m-font-weight-bold\" data-lab-font_weight=\"font-weight-bold\">Skiskyting sprint (klokka 16.15)<\/li>\n<\/ul>\n<p>HOLMENKOLLEN (Dagbladet): Sturla Holm L\u00e6greid har vist kanonform den siste tida, b\u00e5de i OL og i de siste verdenscuphelgene. Etter at det stormet under OL, da han avsl\u00f8rte utroskap direkte p\u00e5 NRK, har L\u00e6greid funnet vinneroppskriften.<\/p>\n<p class=\"font-weight-bold m-font-weight-bold\" data-lab-font_weight=\"font-weight-bold\">&#8211; Jeg har p\u00e5 en m\u00e5te funnet krefter og et fokus jeg ikke har klart f\u00f8r, sier han til Dagbladet f\u00f8r helgas verdenscupavslutning.<\/p>\n<p class=\"italic m-italic\" data-lab-italic=\"italic\">&#8211; Hvordan?<\/p>\n<p>&#8211; Nei&#8230; Det var jo mye som skjedde under OL, s\u00e5 da jeg fikk slappe av etterp\u00e5, s\u00e5 fikk jeg en skikkelig boost. Jeg hadde god form i OL ogs\u00e5, men jeg tror jeg er enda bedre n\u00e5, mener han.<\/p>\n<p>L\u00e6greid p\u00e5peker at han nesten hvert \u00e5r blir bedre og bedre utover sesongen, og legger til at de litt l\u00f8se, v\u00e5te forholdene kombinert med vind og tunge l\u00f8yper ogs\u00e5 har hjulpet.<\/p>\n<p>&#8211; Jeg har virkelig kunne skinne, sier han.<\/p>\n<p>Med b\u00e5de medieoppstyr, OL-medaljer og d\u00f8dsfall i skiskyttermilj\u00f8et, har det v\u00e6rt en innholdsrik sesong for skiskytteren.<\/p>\n<p class=\"font-weight-bold m-font-weight-bold\" data-lab-font_weight=\"font-weight-bold\">&#8211; Det har v\u00e6rt mye, som sagt, men jeg f\u00f8ler jo at n\u00e5r jeg st\u00e5r her og har levert som jeg har gjort, s\u00e5 har jeg p\u00e5 en m\u00e5te funnet styrke ved meg selv, mener han.<\/p>\n<p>        <img loading=\"lazy\" decoding=\"async\" src=\"https:\/\/www.europesays.com\/no\/wp-content\/uploads\/2026\/03\/84399217.webp.webp\" width=\"980\" height=\"559\" title=\"GJENGEN: Vetle Sj\u00e5stad Christiansen, Johannes Dale-Skjevdal, Sturla Holm L\u00e6greid og Gaute Kv\u00e5le under pressetreffet i Holmenkollen. Foto: Lise \u00c5serud \/ NTB\" alt=\"\" class=\"\" style=\"--aspect-ratio-image: 1.75; \"\/><\/p>\n<p>\n        GJENGEN: Vetle Sj\u00e5stad Christiansen, Johannes Dale-Skjevdal, Sturla Holm L\u00e6greid og Gaute Kv\u00e5le under pressetreffet i Holmenkollen. Foto: Lise \u00c5serud \/ NTB\n    <\/p>\n<p>L\u00e6greid omtaler formen som \u00abrelativt bra\u00bb, og vil ikke n\u00f8dvendigvis si at han er bedre enn noen gang, men:<\/p>\n<p class=\"font-weight-bold m-font-weight-bold\" data-lab-font_weight=\"font-weight-bold\">&#8211; Jeg har i hvert fall ikke g\u00e5tt s\u00e5 mange gode skirenn p\u00e5 rad. Det har jeg aldri gjort, sier han.<\/p>\n<p>P\u00e5 plass i Holmenkollen er ogs\u00e5 Ola Lunde &#8211; for aller siste gang. L\u00e6greid var blant dem som slo av en prat med legenden under pressetreffet.<\/p>\n<p>&#8211; Ola er en legende. Det blir store sko \u00e5 fylle for den som skal ta over der.<\/p>\n<p>        <img loading=\"lazy\" decoding=\"async\" src=\"https:\/\/www.europesays.com\/no\/wp-content\/uploads\/2026\/03\/84399206.webp.webp\" width=\"980\" height=\"559\" title=\"HYLLER LUNDE: L\u00e6greid har bare gode ord \u00e5 si om Ola Lunde som gir seg etter helga i Holmenkollen. Foto: Lise \u00c5serud \/ NTB\" alt=\"\" class=\"\" style=\"--aspect-ratio-image: 1.75; \"\/><\/p>\n<p>\n        HYLLER LUNDE: L\u00e6greid har bare gode ord \u00e5 si om Ola Lunde som gir seg etter helga i Holmenkollen. Foto: Lise \u00c5serud \/ NTB\n    <\/p>\n<p>29-\u00e5ringen ser fram til Kollen-helga, men gleder seg ogs\u00e5 til mandagen kommer og han kan slappe av. Da blir det etter hvert p\u00e5skeferie med familien, og en aldri s\u00e5 liten test av sitt siste innkj\u00f8p.<\/p>\n<p>&#8211; Det har heldigvis blitt litt premiepenger, s\u00e5 jeg har endelig kj\u00f8pt meg splitboard. Det skal testes, avslutter han.<\/p>\n","protected":false},"excerpt":{"rendered":"Skiskyting i Holmenkollen Sturla Holm L\u00e6greid (29) er i storform etter en turbulent sesong. Selv mener han at&hellip;\n","protected":false},"author":2,"featured_media":192662,"comment_status":"","ping_status":"","sticky":false,"template":"","format":"standard","meta":{"footnotes":"","_share_on_mastodon":"0"},"categories":[59],"tags":[367,1599,30,28,29,83,82],"class_list":["post-192661","post","type-post","status-publish","format-standard","has-post-thumbnail","category-sport","tag-brann","tag-cupen","tag-no","tag-norge","tag-norway","tag-sport","tag-sports"],"share_on_mastodon":{"url":"https:\/\/pubeurope.com\/@no\/116262084673130159","error":""},"_links":{"self":[{"href":"https:\/\/www.europesays.com\/no\/wp-json\/wp\/v2\/posts\/192661","targetHints":{"allow":["GET"]}}],"collection":[{"href":"https:\/\/www.europesays.com\/no\/wp-json\/wp\/v2\/posts"}],"about":[{"href":"https:\/\/www.europesays.com\/no\/wp-json\/wp\/v2\/types\/post"}],"author":[{"embeddable":true,"href":"https:\/\/www.europesays.com\/no\/wp-json\/wp\/v2\/users\/2"}],"replies":[{"embeddable":true,"href":"https:\/\/www.europesays.com\/no\/wp-json\/wp\/v2\/comments?post=192661"}],"version-history":[{"count":0,"href":"https:\/\/www.europesays.com\/no\/wp-json\/wp\/v2\/posts\/192661\/revisions"}],"wp:featuredmedia":[{"embeddable":true,"href":"https:\/\/www.europesays.com\/no\/wp-json\/wp\/v2\/media\/192662"}],"wp:attachment":[{"href":"https:\/\/www.europesays.com\/no\/wp-json\/wp\/v2\/media?parent=192661"}],"wp:term":[{"taxonomy":"category","embeddable":true,"href":"https:\/\/www.europesays.com\/no\/wp-json\/wp\/v2\/categories?post=192661"},{"taxonomy":"post_tag","embeddable":true,"href":"https:\/\/www.europesays.com\/no\/wp-json\/wp\/v2\/tags?post=192661"}],"curies":[{"name":"wp","href":"https:\/\/api.w.org\/{rel}","templated":true}]}}