{"id":19275,"date":"2025-08-27T10:32:12","date_gmt":"2025-08-27T10:32:12","guid":{"rendered":"https:\/\/www.europesays.com\/no\/19275\/"},"modified":"2025-08-27T10:32:12","modified_gmt":"2025-08-27T10:32:12","slug":"tone-camilla-37-mistet-sonnen-adrian-16-i-mc-ulykke-og-vil-at-aldersgrensen-skal-heves","status":"publish","type":"post","link":"https:\/\/www.europesays.com\/no\/19275\/","title":{"rendered":"Tone-Camilla (37) mistet s\u00f8nnen Adrian (16) i MC-ulykke og vil at aldersgrensen skal heves"},"content":{"rendered":"\n<ul class=\"_list_1bvmi_3 _list_1flq1_85 _unordered_1bvmi_99 text-sans-m\">\n<li class=\"_item_1bvmi_30\">16-\u00e5rige Adrian d\u00f8de i en trafikkulykke p\u00e5 lettmotorsykkel. Moren hans ber politikerne heve aldersgrensen for lett-MC til minst 18 \u00e5r.<\/li>\n<li class=\"_item_1bvmi_30\">Trygg Trafikk advarer om skyh\u00f8y risiko for ungdom p\u00e5 lett-MC og mulig \u00f8kning i drepte i 2025.<\/li>\n<li class=\"_item_1bvmi_30\">Nasjonalt traumeregister ser flere alvorlige MC-skader, s\u00e6rlig blant 15\u201319-\u00e5ringer. <\/li>\n<li class=\"_item_1bvmi_30\">Norsk Motorcykkel Union etterlyser konkrete tiltak.<\/li>\n<\/ul>\n<p>Vis mer <\/p>\n<p class=\"_paragraph_1bvmi_4 _paragraph_xtcu6_10 layout-component text-serif-m layout-normal text-serif-m layout-padded\">\u2013 En 16-\u00e5ring er ikke klar for \u00e5 komme seg ut p\u00e5 veien i s\u00e5 stor hastighet, sier hun. <\/p>\n<p class=\"_paragraph_1bvmi_4 _paragraph_xtcu6_10 layout-component text-serif-m layout-normal text-serif-m layout-padded\">Selv \u00f8nsket ikke Tone-Camilla at Adrian (16) skulle f\u00e5 lappen til lett\u00admotorsykkel, men forteller at hun ble \u00abden store stygge ulven\u00bb. <\/p>\n<p class=\"_paragraph_1bvmi_4 _paragraph_xtcu6_10 layout-component text-serif-m layout-normal text-serif-m layout-padded\">P\u00e5 Revetal i <a href=\"https:\/\/www.vg.no\/tag\/toensberg?utm_source=vg-article&amp;utm_medium=auto-tagger&amp;utm_campaign=jQqG6z\" class=\"_link_1bvmi_39\" rel=\"nofollow noopener\" target=\"_blank\">T\u00f8nsberg<\/a> er det mange 16-\u00e5ringer med lett-MC, og da Adrian fikk konfirmasjonspenger til \u00e5 ta lappen og kj\u00f8pe sykkelen, ble det vanskelig \u00e5 si nei. <\/p>\n<p><img alt=\"Adrian (16) med mammaen og pappaen sin.   Foto: Privat\" class=\"_image_qp4xg_65 layout-component layout-normal\" data-fullscreen- data-track-element-type=\"Article image fullscreen\" data-track-name=\"ImageFullscreen\" decoding=\"async\" loading=\"lazy\" height=\"3024\" itemprop=\"image\"  src=\"https:\/\/www.europesays.com\/no\/wp-content\/uploads\/2025\/08\/58458873-0daf-4783-9b52-e176464405c4\"  style=\"object-position:0% 0%\" width=\"4032\"\/>Adrian (16) med mammaen og pappaen sin.   Foto: Privat<\/p>\n<p class=\"_paragraph_1bvmi_4 _paragraph_xtcu6_10 layout-component text-serif-m layout-normal text-serif-m layout-padded\">\u2013 Han sa at han skulle kj\u00f8re forsiktig, og det gjorde han jo.<\/p>\n<p class=\"_paragraph_1bvmi_4 _paragraph_xtcu6_10 layout-component text-serif-m layout-normal text-serif-m layout-padded\">Men da vennegjengen til Adrian ventet p\u00e5 ham midt p\u00e5 lyse sommerdagen p\u00e5 Revetal i \u00e5r, dukket ikke Adrian opp med lett-motorsykkelen sin. <\/p>\n<p class=\"_paragraph_1bvmi_4 _paragraph_xtcu6_10 layout-component text-serif-m layout-normal text-serif-m layout-padded\">P\u00e5 veien hadde han havnet i en ulykke med en bil og blitt alvorlig skadet. <\/p>\n<p class=\"_paragraph_1bvmi_4 _paragraph_xtcu6_10 layout-component text-serif-m layout-normal text-serif-m layout-padded\"><a href=\"https:\/\/www.vg.no\/nyheter\/i\/LMKALJ\/adrian-christer-lilleby-omkom-i-trafikkulykke\" data-track-element-type=\"Link\" data-track-id=\"link:LMKALJ\" class=\"_link_1bvmi_39\" rel=\"nofollow noopener\" target=\"_blank\">Og til tross for livreddende f\u00f8rstehjelp, d\u00f8de Adrian<\/a>. <\/p>\n<p><img alt=\"Foto: Privat\" class=\"_image_qp4xg_65 layout-component layout-normal\" data-fullscreen- data-track-element-type=\"Article image fullscreen\" data-track-name=\"ImageFullscreen\" decoding=\"async\" loading=\"lazy\" height=\"2048\" itemprop=\"image\"  src=\"https:\/\/www.europesays.com\/no\/wp-content\/uploads\/2025\/08\/1c119479-f88a-411c-b3f1-c2115679480d\"  style=\"object-position:0% 0%\" width=\"1365\"\/>Foto: Privat<\/p>\n<p class=\"_paragraph_1bvmi_4 _paragraph_xtcu6_10 layout-component text-serif-m layout-normal text-serif-m layout-padded\">\u2013 Aldersgrensen b\u00f8r ikke v\u00e6re lavere enn 18, mener Tone-Camilla. <\/p>\n<p class=\"_paragraph_1bvmi_4 _paragraph_xtcu6_10 layout-component text-serif-m layout-normal text-serif-m layout-padded\">Hun sier at en lett-motorsykkel kan g\u00e5 like fort som en bil, og at en 16-\u00e5ring ikke er klar nok i hodet til \u00e5 h\u00e5ndtere et trafikkbilde i den hastigheten. <\/p>\n<p class=\"_paragraph_1bvmi_4 _paragraph_xtcu6_10 layout-component text-serif-m layout-normal text-serif-m layout-padded\">\u2013 Det er for mange liv som har g\u00e5tt tapt og for mange familier som sitter igjen med et enormt tomrom. N\u00e5 m\u00e5 man redde flere, for dette unner jeg ingen, sier Tone-Camilla. <\/p>\n<p>\u2013 Skyh\u00f8y risiko i trafikken<\/p>\n<p class=\"_paragraph_1bvmi_4 _paragraph_xtcu6_10 layout-component text-serif-m layout-normal text-serif-m layout-padded\">Pressesjef i Trygg Trafikk, Christoffer Solstad Steen, sier at det har v\u00e6rt altfor mange alvorlige MC-ulykker i 2025. <\/p>\n<p class=\"_paragraph_1bvmi_4 _paragraph_xtcu6_10 layout-component text-serif-m layout-normal text-serif-m layout-padded\">\u2013 Dessverre ser det ut til at vi kan f\u00e5 en \u00f8kning i antall drepte p\u00e5 motorsykkel dette \u00e5ret, sier han. <\/p>\n<p><img alt=\"Pressesjef i Trygg Trafikk, Christoffer Solstad Steen, anbefaler at langt flere MC-f\u00f8rere deltar p\u00e5 kurs som fokuserer p\u00e5 trygg kj\u00f8ring, og hva som kan skje i neste sving eller kryss.   Foto: Morten Brakestad \/ Trygg Trafikk \/ Morten Brakestad\" class=\"_image_qp4xg_65 layout-component layout-normal\" data-fullscreen- data-track-element-type=\"Article image fullscreen\" data-track-name=\"ImageFullscreen\" decoding=\"async\" loading=\"lazy\" height=\"3366\" itemprop=\"image\"  src=\"https:\/\/www.europesays.com\/no\/wp-content\/uploads\/2025\/08\/b483c643-a347-48fd-9594-e1345ec2d810\"  style=\"object-position:0% 0%\" width=\"5050\"\/>Pressesjef i Trygg Trafikk, Christoffer Solstad Steen, anbefaler at langt flere MC-f\u00f8rere deltar p\u00e5 kurs som fokuserer p\u00e5 trygg kj\u00f8ring, og hva som kan skje i neste sving eller kryss.   Foto: Morten Brakestad \/ Trygg Trafikk \/ Morten Brakestad<\/p>\n<p class=\"_paragraph_1bvmi_4 _paragraph_xtcu6_10 layout-component text-serif-m layout-normal text-serif-m layout-padded\">Steen forteller at man vet at det er forskjeller p\u00e5 kompetanseniv\u00e5et p\u00e5 MC-f\u00f8rere, og at det avgj\u00f8r hvilke valg f\u00f8rerne tar p\u00e5 veien. <\/p>\n<p class=\"_paragraph_1bvmi_4 _paragraph_xtcu6_10 layout-component text-serif-m layout-normal text-serif-m layout-padded\">Og de kritiske valgene er blant annet tilpasning av fart inn mot sving, i sving og inn mot kryss, plassering i veibanen og hvordan man bruker blikket under kj\u00f8ring.<\/p>\n<p class=\"font-weight-semi-bold color-accent label-medium _label_16v91_20\">Antall omkomne p\u00e5 motorsykkel hittil i \u00e5r<\/p>\n<p class=\"_paragraph_1bvmi_4 _paragraph_xtcu6_10 _paragraph_16v91_10 layout-component text-serif-m layout-normal text-sans-m layout-padded\">Hittil i 2025 har 21 MC-f\u00f8rere omkommet. Det er \u00e9n person mer enn i hele 2024 og hele 2023. I hver av de \u00e5rene var det 20 omkomne MC-f\u00f8rere.<\/p>\n<p class=\"_paragraph_1bvmi_4 _paragraph_xtcu6_10 _paragraph_16v91_10 layout-component text-serif-m layout-normal text-sans-m layout-padded\">For perioden juni, juli og august i \u00e5r, har det omkommet 14 personer p\u00e5 motorsykkel. <\/p>\n<p class=\"_paragraph_1bvmi_4 _paragraph_xtcu6_10 _paragraph_16v91_10 layout-component text-serif-m layout-normal text-sans-m layout-padded\">For den samme perioden i 2024 var antallet 12. I 2023 var antallet 8 omkomne. <\/p>\n<p class=\"_paragraph_1bvmi_4 _paragraph_xtcu6_10 _paragraph_16v91_10 layout-component text-serif-m layout-normal text-sans-m layout-padded\"><strong class=\"_strong_1bvmi_25\">Aldersgrupper denne sommeren:<\/strong><\/p>\n<ul class=\"_list_1bvmi_3 _list_xtcu6_9 _list_16v91_9 _unordered_1bvmi_99 layout-component text-serif-m layout-normal text-sans-m layout-padded\">\n<li class=\"_item_1bvmi_30\">16-24: 5<\/li>\n<li class=\"_item_1bvmi_30\">25-44: 2<\/li>\n<li class=\"_item_1bvmi_30\">45-64: 5<\/li>\n<li class=\"_item_1bvmi_30\">65+: 2<\/li>\n<\/ul>\n<p class=\"_paragraph_1bvmi_4 _paragraph_xtcu6_10 _paragraph_16v91_10 layout-component text-serif-m layout-normal text-sans-m layout-padded\"><strong class=\"_strong_1bvmi_25\">Aldersgrupper totalt for 2025:<\/strong><\/p>\n<ul class=\"_list_1bvmi_3 _list_xtcu6_9 _list_16v91_9 _unordered_1bvmi_99 layout-component text-serif-m layout-normal text-sans-m layout-padded\">\n<li class=\"_item_1bvmi_30\">16-24: 7 <\/li>\n<li class=\"_item_1bvmi_30\">25-44: 3<\/li>\n<li class=\"_item_1bvmi_30\">45-64: 9<\/li>\n<li class=\"_item_1bvmi_30\">65+: 2<\/li>\n<\/ul>\n<p class=\"_paragraph_1bvmi_4 _paragraph_xtcu6_10 _paragraph_16v91_10 layout-component text-serif-m layout-normal text-sans-m layout-padded\"><strong class=\"_strong_1bvmi_25\">Tre personer under 18 \u00e5r har omkommet p\u00e5 lett-motorsykkel hittil i \u00e5r.<\/strong><\/p>\n<p>Vis mer<\/p>\n<p class=\"_paragraph_1bvmi_4 _paragraph_xtcu6_10 layout-component text-serif-m layout-normal text-serif-m layout-padded\"><strong class=\"_strong_1bvmi_25\">\u2013 Men andre tiltak som b\u00f8r vurderes er \u00e5 heve aldersgrensen for de ulike motorsykkelklassene. Spesielt utsatt er ungdom p\u00e5 lett-motorsykkel. <\/strong><\/p>\n<p class=\"_paragraph_1bvmi_4 _paragraph_xtcu6_10 layout-component text-serif-m layout-normal text-serif-m layout-padded\">\u2013 Vi registrerer en \u00f8kning i antall omkomne ungdommer p\u00e5 lett-MC, og vi vet at denne gruppen har skyh\u00f8y risiko i trafikken. <\/p>\n<p class=\"_paragraph_1bvmi_4 _paragraph_xtcu6_10 layout-component text-serif-m layout-normal layout-padded\"><strong class=\"_strong_1bvmi_25\">Les ogs\u00e5:<\/strong> <a href=\"https:\/\/www.vg.no\/i\/932Owd\" data-track-element-type=\"Link\" data-track-id=\"link:932Owd\" class=\"_link_1bvmi_39\" rel=\"nofollow noopener\" target=\"_blank\">Adrian (16) hedres: \u2013 Fint \u00e5 se at det var s\u00e5 mange som brydde seg om ham<\/a><\/p>\n<p class=\"_paragraph_1bvmi_4 _paragraph_xtcu6_10 layout-component text-serif-m layout-normal text-serif-m layout-padded\">Veslem\u00f8y Nordset, daglig leder for Nasjonalt traumeregister, forteller ogs\u00e5 at det har v\u00e6rt en \u00f8kning i antall registrerte pasienter hos traumeteam etter MC-ulykker, og i antall alvorlig skadede. <\/p>\n<p class=\"_paragraph_1bvmi_4 _paragraph_xtcu6_10 layout-component text-serif-m layout-normal text-serif-m layout-padded\">Samtidig er det statistisk klart at andelen skader etter MC-ulykker er st\u00f8rst hos menn. <\/p>\n<p class=\"_paragraph_1bvmi_4 _paragraph_xtcu6_10 layout-component text-serif-m layout-normal text-serif-m layout-padded\"><strong class=\"_strong_1bvmi_25\">\u2013 Og for begge kj\u00f8nn er det markant flest ulykker i aldersgruppen 15\u201319 \u00e5r, sier hun. <\/strong><\/p>\n<p> \u2013 Politikerne m\u00e5 ta ansvar <\/p>\n<p class=\"_paragraph_1bvmi_4 _paragraph_xtcu6_10 layout-component text-serif-m layout-normal text-serif-m layout-padded\">\u2013 Helt siden Adrian var liten var han veldig omsorgsfull, han passet p\u00e5 de fleste og var veldig stolt av \u00e5 v\u00e6re storebror, forteller Tone-Camilla. <\/p>\n<p class=\"_paragraph_1bvmi_4 _paragraph_xtcu6_10 layout-component text-serif-m layout-normal text-serif-m layout-padded\">Adrian hadde to sm\u00e5s\u00f8sken, et p\u00e5 to \u00e5r, og et p\u00e5 seks m\u00e5neder. <\/p>\n<p class=\"_paragraph_1bvmi_4 _paragraph_xtcu6_10 layout-component text-serif-m layout-normal text-serif-m layout-padded\">I tillegg var han p\u00e5 et veldig godt sted i livet sitt med kj\u00e6resten sin, sier mammaen hans. <\/p>\n<p><img alt=\"Tone-Camilla forteller at Adrian var stolt av \u00e5 v\u00e6re storebror.   Foto: Privat\" class=\"_image_qp4xg_65 layout-component layout-normal\" data-fullscreen- data-track-element-type=\"Article image fullscreen\" data-track-name=\"ImageFullscreen\" decoding=\"async\" loading=\"lazy\" height=\"2208\" itemprop=\"image\"  src=\"https:\/\/www.europesays.com\/no\/wp-content\/uploads\/2025\/08\/935e6a88-48ac-41ef-b81b-bf2ea64bfce1\"  style=\"object-position:0% 0%\" width=\"1242\"\/>Tone-Camilla forteller at Adrian var stolt av \u00e5 v\u00e6re storebror.   Foto: Privat<\/p>\n<p class=\"_paragraph_1bvmi_4 _paragraph_xtcu6_10 layout-component text-serif-m layout-normal text-serif-m layout-padded\">\u2013 Han hadde litt utfordringer som liten p\u00e5 skolen, men n\u00e5 var livet endelig p\u00e5 topp. Han hadde fullf\u00f8rt med gode karakterer p\u00e5 ungdomsskolen og var klar for videreg\u00e5ende skole. Det gledet han seg til, forteller hun. <\/p>\n<p class=\"_paragraph_1bvmi_4 _paragraph_xtcu6_10 layout-component text-serif-m layout-normal text-serif-m layout-padded\">\u00c5 f\u00e5 erfare videreg\u00e5ende skole og resten av livet, rakk ikke Adrian. <\/p>\n<p class=\"_paragraph_1bvmi_4 _paragraph_xtcu6_10 layout-component text-serif-m layout-normal text-serif-m layout-padded\">\u2013 N\u00e5 m\u00e5 politikerne ta ansvar, sier Tone-Camilla. <\/p>\n<p><img alt=\"Avd\u00f8de Adrian (16) p\u00e5 lettmotorsykkelen sin. Han hadde f\u00e5tt lappen kort tid f\u00f8r han omkom i ulykken.   Foto: Privat\" class=\"_image_qp4xg_65 layout-component layout-normal\" data-fullscreen- data-track-element-type=\"Article image fullscreen\" data-track-name=\"ImageFullscreen\" decoding=\"async\" loading=\"lazy\" height=\"3024\" itemprop=\"image\"  src=\"https:\/\/www.europesays.com\/no\/wp-content\/uploads\/2025\/08\/b79eec65-876e-462a-a4a1-5789dcf66292\"  style=\"object-position:0% 0%\" width=\"4032\"\/>Avd\u00f8de Adrian (16) p\u00e5 lettmotorsykkelen sin. Han hadde f\u00e5tt lappen kort tid f\u00f8r han omkom i ulykken.   Foto: Privat<\/p>\n<p class=\"_paragraph_1bvmi_4 _paragraph_xtcu6_10 layout-component text-serif-m layout-normal text-serif-m layout-padded\">\u2013 Det er snakk om barn og unge mennesker som ikke er klare for \u00e5 ta ansvar selv, og da m\u00e5 voksne ta ansvar for dem. <\/p>\n<p class=\"_paragraph_1bvmi_4 _paragraph_xtcu6_10 layout-component text-serif-m layout-normal text-serif-m layout-padded\">Hun sier at foreldre, som hun selv ogs\u00e5 husker, blir den store stygge ulven n\u00e5r de fors\u00f8ker \u00e5 si nei. Derfor mener hun at politikerne m\u00e5 ta tak i lovgivningen for \u00e5 beskytte de unge borgerne sine. <\/p>\n<p class=\"_paragraph_1bvmi_4 _paragraph_xtcu6_10 layout-component text-serif-m layout-normal text-serif-m layout-padded\">\u2013 Jeg synes politikerne b\u00f8r sendes ut i veibildet p\u00e5 lettmotorsykkel og kjenne p\u00e5 hvor utrygt det er. Ogs\u00e5 m\u00e5 de gj\u00f8re noe med det, mener Tone-Camilla. <\/p>\n<p>Vil ha konkrete tiltak for \u00e5 redusere antall ulykker <\/p>\n<p class=\"_paragraph_1bvmi_4 _paragraph_xtcu6_10 layout-component text-serif-m layout-normal text-serif-m layout-padded\">\u2013 Dette \u00e5ret b\u00e5de startet d\u00e5rlig og har utviklet seg slik vi fryktet, sier daglig leder i Norsk Motorcykkel UnionNorsk Motorcykkel Union En interesseorganisasjon for motorsyklister i Norge som jobber for \u00e5 bedre motorsyklisters rettigheter og sikkerhet.<br \/>\n, Arild Lind. <\/p>\n<p class=\"_paragraph_1bvmi_4 _paragraph_xtcu6_10 layout-component text-serif-m layout-normal text-serif-m layout-padded\">Han sier at det har v\u00e6rt mange tragiske ulykker med verst tenkelige utfall for motorsyklister \u2013 n\u00e5 sist med en <a href=\"http:\/\/www.vg.no\/nyheter\/i\/4B2566\/tobias-17-omkom-i-tromsoe#:~:text=Tobias%20Petrov%20Pedersen%20(17)%20mistet,og%20en%20personbil%20tirsdag%20ettermiddag.&amp;text=Ulykken%20skjedde%20rundt%20klokken%2013.15,sto%20ikke%20til%20%C3%A5%20redde.\" data-track-element-type=\"Link\" data-track-id=\"link:4B2566\" class=\"_link_1bvmi_39\" rel=\"nofollow noopener\" target=\"_blank\">Tobias (17) som omkom i en ulykke p\u00e5 lett-motorsykkel i Troms\u00f8<\/a> for en dr\u00f8y uke siden.<\/p>\n<p><img decoding=\"async\" alt=\"Bilde av Arild Lind \" class=\"_image_ygndg_42\" height=\"30\" itemprop=\"image\" loading=\"lazy\"  src=\"https:\/\/www.europesays.com\/no\/wp-content\/uploads\/2025\/08\/c2c2d01d-38b2-4467-8040-e68ddb258cfd\"  width=\"40\"\/><strong class=\"_name_ygndg_51 title-serif-xs\">Arild Lind <\/strong><\/p>\n<p class=\"_paragraph_1bvmi_4 text-sans-m _description_ygndg_56\">Daglig leder i Norsk Motorcykkel Union<\/p>\n<p class=\"_paragraph_1bvmi_4 _paragraph_xtcu6_10 layout-component text-serif-m layout-normal text-serif-m layout-padded\">Han forteller at NMCU i over 50 \u00e5r har jobbet med myndighetene for \u00e5 bedre trafikksikkerheten for motorsyklister.<\/p>\n<p class=\"font-weight-semi-bold color-accent label-medium _label_16v91_20\">Her er noen av l\u00f8sningene NMCU \u00f8nsker \u00e5 fronte<\/p>\n<p class=\"_paragraph_1bvmi_4 _paragraph_xtcu6_10 _paragraph_16v91_10 layout-component text-serif-m layout-normal text-sans-m layout-padded\">\u2013 Det vi snakker om er markeringer i veibanen, som skal hjelpe motorsyklisten \u00e5 f\u00e5 en bedre kurve, der man:<\/p>\n<p class=\"_paragraph_1bvmi_4 _paragraph_xtcu6_10 _paragraph_16v91_10 layout-component text-serif-m layout-normal text-sans-m layout-padded\">1: S\u00f8rger for at motorsyklisten er i egen kj\u00f8rebane selv i hardt nedtrekk<\/p>\n<p class=\"_paragraph_1bvmi_4 _paragraph_xtcu6_10 _paragraph_16v91_10 layout-component text-serif-m layout-normal text-sans-m layout-padded\">2: F\u00e5r redusert hastigheten f\u00f8r kurven<\/p>\n<p class=\"_paragraph_1bvmi_4 _paragraph_xtcu6_10 _paragraph_16v91_10 layout-component text-serif-m layout-normal text-sans-m layout-padded\">3: Bidrar til \u00f8kt synsfelt gjennom kurven og<\/p>\n<p class=\"_paragraph_1bvmi_4 _paragraph_xtcu6_10 _paragraph_16v91_10 layout-component text-serif-m layout-normal text-sans-m layout-padded\">4: Hjelper ferske sj\u00e5f\u00f8rer til \u00e5 innarbeide gode rutiner i kurver<\/p>\n<p class=\"_paragraph_1bvmi_4 _paragraph_xtcu6_10 _paragraph_16v91_10 layout-component text-serif-m layout-normal text-sans-m layout-padded\">\u2013 Dette er gjennomf\u00f8rt som pr\u00f8veprosjekt i Tyrol siden 2019 og antall ulykker har hatt en <a href=\"https:\/\/www.femamotorcycling.eu\/road-safety-awards-2024-2\/\" class=\"_link_1bvmi_39\" rel=\"nofollow noopener\" target=\"_blank\">reduksjon p\u00e5 hele 80 %<\/a> i de 19 omr\u00e5dene dette har v\u00e6rt etablert, sier Lind.<\/p>\n<p>Vis mer<\/p>\n<p class=\"_paragraph_1bvmi_4 _paragraph_xtcu6_10 layout-component text-serif-m layout-normal text-serif-m layout-padded\">\u2013 Og vi har gjennom tidene oppn\u00e5dd store resultater, sier Lind.<\/p>\n<p class=\"_paragraph_1bvmi_4 _paragraph_xtcu6_10 layout-component text-serif-m layout-normal text-serif-m layout-padded\">Det til tross, forteller han at NMCU stadig ser etter nye l\u00f8sninger som kan f\u00e5 ned ulykkestallene, som de fors\u00f8ker \u00e5 n\u00e5 gjennom til politikerne med.<\/p>\n<p>Samles i sorgen<\/p>\n<p class=\"_paragraph_1bvmi_4 _paragraph_xtcu6_10 layout-component text-serif-m layout-normal text-serif-m layout-padded\">Tone-Camilla forteller at tiden etter at Adrian d\u00f8de har v\u00e6rt veldig t\u00f8ff for hele familien. <\/p>\n<p class=\"_paragraph_1bvmi_4 _paragraph_xtcu6_10 layout-component text-serif-m layout-normal text-serif-m layout-padded\">\u2013 Det er mye hjernet\u00e5ke, mange minner og en forferdelig sorg. <\/p>\n<p class=\"_paragraph_1bvmi_4 _paragraph_xtcu6_10 layout-component text-serif-m layout-normal text-serif-m layout-padded\">Samtidig s\u00e5 har familien blitt godt ivaretatt av kriseteam, forteller hun.<\/p>\n<p><img alt=\"\u2013 Det er mange lettsykler i omr\u00e5det her, og hver gang man h\u00f8rer dem s\u00e5 minnes vi p\u00e5 hva vi har mistet, sier Tone-Camilla  Foto: Privat\" class=\"_image_qp4xg_65 layout-component layout-normal\" data-fullscreen- data-track-element-type=\"Article image fullscreen\" data-track-name=\"ImageFullscreen\" decoding=\"async\" loading=\"lazy\" height=\"681\" itemprop=\"image\"  src=\"https:\/\/www.europesays.com\/no\/wp-content\/uploads\/2025\/08\/f975c15e-d463-4808-8806-6139bd51cf10\"  style=\"object-position:0% 0%\" width=\"908\"\/>\u2013 Det er mange lettsykler i omr\u00e5det her, og hver gang man h\u00f8rer dem s\u00e5 minnes vi p\u00e5 hva vi har mistet, sier Tone-Camilla  Foto: Privat<\/p>\n<p class=\"_paragraph_1bvmi_4 _paragraph_xtcu6_10 layout-component text-serif-m layout-normal text-serif-m layout-padded\">I tillegg sier Tone-Camilla at det har v\u00e6rt viktig for henne \u00e5 v\u00e6re der for kameratene til Adrian, som ventet p\u00e5 han den dagen han d\u00f8de. <\/p>\n<p class=\"_paragraph_1bvmi_4 _paragraph_xtcu6_10 layout-component text-serif-m layout-normal text-serif-m layout-padded\">\u2013 Vi snakker om alt mulig, og n\u00e5 i september er de invitert til middag hvor vi skal servere Adrians favorittrett. <\/p>\n<p class=\"_paragraph_1bvmi_4 _paragraph_xtcu6_10 layout-component text-serif-m layout-normal text-serif-m layout-padded\">Da skal de samles i sorgen over hjemmelaget kyllingnuggets. <\/p>\n<p>    <img decoding=\"async\" alt=\"Tips oss illustrasjon\" width=\"62px\" height=\"auto\" src=\"https:\/\/www.europesays.com\/no\/wp-content\/uploads\/2025\/08\/1754784428_95_W9avJzE.png\"\/>    <\/p>\n<p class=\"title-serif-s\">Har du tips til oss?<\/p>\n<p class=\"text-sans-m\">Send oss informasjon, bilder eller video<\/p>\n<p>  <a href=\"https:\/\/www.vg.no\/tips-oss\" rel=\"nofollow noopener\" target=\"_blank\"> Tips oss <\/a>      <\/p>\n","protected":false},"excerpt":{"rendered":"16-\u00e5rige Adrian d\u00f8de i en trafikkulykke p\u00e5 lettmotorsykkel. Moren hans ber politikerne heve aldersgrensen for lett-MC til minst&hellip;\n","protected":false},"author":2,"featured_media":19276,"comment_status":"","ping_status":"","sticky":false,"template":"","format":"standard","meta":{"footnotes":""},"categories":[10],"tags":[2304,31,20,21,24,25,15,22,23,3349,3128,13,30,28,29,14,16,26,27,431,3350],"class_list":{"0":"post-19275","1":"post","2":"type-post","3":"status-publish","4":"format-standard","5":"has-post-thumbnail","7":"category-norge","8":"tag-aldersgrense","9":"tag-breaking","10":"tag-breaking-news","11":"tag-breakingnews","12":"tag-featured-news","13":"tag-featurednews","14":"tag-headlines","15":"tag-latest-news","16":"tag-latestnews","17":"tag-mc-ulykker","18":"tag-motorsykkel","19":"tag-news","20":"tag-no","21":"tag-norge","22":"tag-norway","23":"tag-nyheter","24":"tag-overskrifter","25":"tag-top-stories","26":"tag-topstories","27":"tag-tonsberg","28":"tag-trygg-trafikk"},"share_on_mastodon":{"url":"","error":""},"_links":{"self":[{"href":"https:\/\/www.europesays.com\/no\/wp-json\/wp\/v2\/posts\/19275","targetHints":{"allow":["GET"]}}],"collection":[{"href":"https:\/\/www.europesays.com\/no\/wp-json\/wp\/v2\/posts"}],"about":[{"href":"https:\/\/www.europesays.com\/no\/wp-json\/wp\/v2\/types\/post"}],"author":[{"embeddable":true,"href":"https:\/\/www.europesays.com\/no\/wp-json\/wp\/v2\/users\/2"}],"replies":[{"embeddable":true,"href":"https:\/\/www.europesays.com\/no\/wp-json\/wp\/v2\/comments?post=19275"}],"version-history":[{"count":0,"href":"https:\/\/www.europesays.com\/no\/wp-json\/wp\/v2\/posts\/19275\/revisions"}],"wp:featuredmedia":[{"embeddable":true,"href":"https:\/\/www.europesays.com\/no\/wp-json\/wp\/v2\/media\/19276"}],"wp:attachment":[{"href":"https:\/\/www.europesays.com\/no\/wp-json\/wp\/v2\/media?parent=19275"}],"wp:term":[{"taxonomy":"category","embeddable":true,"href":"https:\/\/www.europesays.com\/no\/wp-json\/wp\/v2\/categories?post=19275"},{"taxonomy":"post_tag","embeddable":true,"href":"https:\/\/www.europesays.com\/no\/wp-json\/wp\/v2\/tags?post=19275"}],"curies":[{"name":"wp","href":"https:\/\/api.w.org\/{rel}","templated":true}]}}