{"id":19313,"date":"2025-08-27T11:07:36","date_gmt":"2025-08-27T11:07:36","guid":{"rendered":"https:\/\/www.europesays.com\/no\/19313\/"},"modified":"2025-08-27T11:07:36","modified_gmt":"2025-08-27T11:07:36","slug":"biltyveri-tromso-saeregen-bil-forsvant-i-natt-da-jeg-snudde-meg-var-bilen-borte","status":"publish","type":"post","link":"https:\/\/www.europesays.com\/no\/19313\/","title":{"rendered":"Biltyveri, Troms\u00f8 | S\u00e6regen bil forsvant i natt: \u2013 Da jeg snudde meg, var bilen borte"},"content":{"rendered":"\n<p>Da Vidar Eggimann skulle dra p\u00e5 jobb i Troms\u00f8 i morges, oppdaget han plutselig at noen hadde kvestet prydebuksen i hagen.<\/p>\n<p>\u2013 Den var kj\u00f8rt over og harva. \u00abHva faen har skjedd her\u00bb, tenkte jeg. Da jeg snudde meg, var bilen borte.<\/p>\n<p>F\u00f8rst trodde han at de han bor sammen med, hadde l\u00e5nt bilen, men han sto raskt igjen med den eneste fornuftige forklaringa: Bilen var stj\u00e5let.<\/p>\n<p>\u2013 Jeg h\u00f8rte noe burning og harving en eller annen gang i natt, men jeg var helt i natt\u00f8rska. Det kan ha v\u00e6rt i fire-fem-seks tida. Jeg tenkte at det var noen i nabolaget, men n\u00e5 skj\u00f8nner jeg jo at det var min egen bil jeg h\u00f8rte bli stj\u00e5let. <\/p>\n<p>Bilen er et lite smykke og er sv\u00e6rt lett gjenkjennelig. Det er en bl\u00e5 VW Transporter fra 2009 med hvite skilter med registreringsnummer KT 77740, med hjemmelagde kunstmotiver som blomster og meksikanske d\u00f8dninghoder over hele bilen.<\/p>\n<p>Tyveriet skjedde fra Petter Tessems veg, og ble oppdaget klokka 08.30 onsdag morgen. N\u00e5 h\u00e5per Eggimann virkelig at bilen dukker opp.<\/p>\n<p>\u2013 Jeg skal p\u00e5 ferie med den p\u00e5 fredag.<\/p>\n<p>Han ber alle i Troms\u00f8 og omegn om \u00e5 se etter den. Saken er politianmeldt. <\/p>\n<p>Les mer om: artikkelemnene<\/p>\n","protected":false},"excerpt":{"rendered":"Da Vidar Eggimann skulle dra p\u00e5 jobb i Troms\u00f8 i morges, oppdaget han plutselig at noen hadde kvestet&hellip;\n","protected":false},"author":2,"featured_media":19314,"comment_status":"","ping_status":"","sticky":false,"template":"","format":"standard","meta":{"footnotes":""},"categories":[56],"tags":[36,3356,1613,60,61,62,30,28,29,1510,263],"class_list":{"0":"post-19313","1":"post","2":"type-post","3":"status-publish","4":"format-standard","5":"has-post-thumbnail","7":"category-naeringsliv","8":"tag-art","9":"tag-biltyv","10":"tag-biltyveri","11":"tag-business","12":"tag-economy","13":"tag-naeringsliv","14":"tag-no","15":"tag-norge","16":"tag-norway","17":"tag-story","18":"tag-tromso"},"share_on_mastodon":{"url":"","error":""},"_links":{"self":[{"href":"https:\/\/www.europesays.com\/no\/wp-json\/wp\/v2\/posts\/19313","targetHints":{"allow":["GET"]}}],"collection":[{"href":"https:\/\/www.europesays.com\/no\/wp-json\/wp\/v2\/posts"}],"about":[{"href":"https:\/\/www.europesays.com\/no\/wp-json\/wp\/v2\/types\/post"}],"author":[{"embeddable":true,"href":"https:\/\/www.europesays.com\/no\/wp-json\/wp\/v2\/users\/2"}],"replies":[{"embeddable":true,"href":"https:\/\/www.europesays.com\/no\/wp-json\/wp\/v2\/comments?post=19313"}],"version-history":[{"count":0,"href":"https:\/\/www.europesays.com\/no\/wp-json\/wp\/v2\/posts\/19313\/revisions"}],"wp:featuredmedia":[{"embeddable":true,"href":"https:\/\/www.europesays.com\/no\/wp-json\/wp\/v2\/media\/19314"}],"wp:attachment":[{"href":"https:\/\/www.europesays.com\/no\/wp-json\/wp\/v2\/media?parent=19313"}],"wp:term":[{"taxonomy":"category","embeddable":true,"href":"https:\/\/www.europesays.com\/no\/wp-json\/wp\/v2\/categories?post=19313"},{"taxonomy":"post_tag","embeddable":true,"href":"https:\/\/www.europesays.com\/no\/wp-json\/wp\/v2\/tags?post=19313"}],"curies":[{"name":"wp","href":"https:\/\/api.w.org\/{rel}","templated":true}]}}