{"id":19317,"date":"2025-08-27T11:09:10","date_gmt":"2025-08-27T11:09:10","guid":{"rendered":"https:\/\/www.europesays.com\/no\/19317\/"},"modified":"2025-08-27T11:09:10","modified_gmt":"2025-08-27T11:09:10","slug":"drapet-pa-kampen-kampen-drapssiktede-wilms-brukte-vold-mot-fosterfar-og-ble-flyttet-kom-som-et-sjokk","status":"publish","type":"post","link":"https:\/\/www.europesays.com\/no\/19317\/","title":{"rendered":"Drapet p\u00e5 Kampen, Kampen | Drapssiktede Wilms brukte vold mot fosterfar og ble flyttet: \u2013 Kom som et sjokk"},"content":{"rendered":"\n<p>I barne- og ungdoms\u00e5rene bodde Djordje Wilms (18) et annet sted i landet.<\/p>\n<p>N\u00e5 kan Avisa Oslo fortelle at 18-\u00e5ringen i m\u00e5nedsskiftet januar\/februar 2024 ble flyttet fra fosterfamilien sin i Valdres.<\/p>\n<p><b>AO har fra sikre kilder at Wilms ble flyttet som f\u00f8lge av vold mot fosterfaren. Da han var 16 \u00e5r slo han til fosterfaren sin.<\/b><\/p>\n<p>P\u00e5 samme tid, i februar 2024 <a href=\"https:\/\/www.ao.no\/djordje-wilms-18-er-siktet-etter-kampen-drapet-fikk-tips-for-halvannet-ar-siden\/s\/5-128-1128539\" rel=\"Follow nofollow noopener\" target=\"_blank\">fikk PST f\u00f8rste tips om at Wilms hadde h\u00f8yreekstreme holdninger<\/a>. Og samme m\u00e5ned flyttet Wilms inn p\u00e5 barnevernstiltak i Oslo.<\/p>\n<p>Halvannet \u00e5r senere drepte han <a href=\"https:\/\/www.ao.no\/tamima-34-ble-drept-da-hun-var-pa-jobb-pa-kampen\/s\/5-128-1128049\" rel=\"Follow nofollow noopener\" target=\"_blank\">Tamima Nibras Juhar (34)<\/a> som jobbet p\u00e5 hybelforetaket.<\/p>\n<p>  <a href=\"https:\/\/www.ao.no\/5-128-1128925\" class=\"related-teaser has-image default-story-teaser article--c-eRUmMG article--c-eRUmMG-jKCPdD-design-default\" rel=\"nofollow noopener\" target=\"_blank\"><\/p>\n<p>    <img decoding=\"async\" loading=\"lazy\"  src=\"https:\/\/www.europesays.com\/no\/wp-content\/uploads\/2025\/08\/Skjermbilde%2B2025-04-13%2B201940%281%29.jpg\" alt=\"\" class=\"brick-c-cFOWSL\" style=\"\"\/><\/p>\n<p>\n            Les ogs\u00e5<\/p>\n<p>              Tidslinjen f\u00e5r familien til \u00e5 kreve svar: \u2013 Gj\u00f8r situasjonen enda mer alvorlig\n        <\/p>\n<p>  <\/a><br \/>\n  Flyttet til fosterfamilie i 2016<\/p>\n<p>Wilms ble f\u00f8dt i K\u00f6ln i Tyskland i 2007.<\/p>\n<p>Som fem\u00e5ring, i 2013, kom han til Norge som innvandrer fra Serbia. Om han kom med ett eller flere familiemedlemmer, er ukjent.<\/p>\n<p>Han har bodd p\u00e5 to ulike adresser i Oslo, i henholdsvis bydel Bjerke og bydel Stovner.<\/p>\n<p><b>Men noe gj\u00f8r at han i 2016 flytter til fosterforeldre. De bor i Hedalen i Valdres. Der g\u00e5r han p\u00e5 barneskole, ungdomsskole og senere videreg\u00e5ende skole. <\/b><\/p>\n<p>Der ble han blant annet aktiv i det lokale skytterlaget, spilte fotball p\u00e5 det lokale laget og ble konfirmert i Hedalen kirke i 2022.<\/p>\n<p><b>Men som 16-\u00e5ring flytter han plutselig. Avisa Oslo har snakket med flere venner av Wilms fra den tiden. <\/b><\/p>\n<p>  <a href=\"https:\/\/www.ao.no\/5-128-1129241\" class=\"related-teaser has-image default-story-teaser article--c-eRUmMG article--c-eRUmMG-jKCPdD-design-default\" rel=\"nofollow noopener\" target=\"_blank\"><\/p>\n<p>    <img decoding=\"async\" loading=\"lazy\"  src=\"https:\/\/www.europesays.com\/no\/wp-content\/uploads\/2025\/08\/Skjermbilde%2B2025-04-13%2B201940%281%29.jpg\" alt=\"\" class=\"brick-c-cFOWSL\" style=\"\"\/><\/p>\n<p>\n            Les ogs\u00e5<\/p>\n<p>              Tamima jobbet med drapssiktede flere ganger: \u2013 Var bekymret\n        <\/p>\n<p>  <\/a><br \/>\n  \u2013 Han var hyggelig<\/p>\n<p>De tidligere kompisene i Valdres forteller om en gutt som var hyggelig, men som aldri helt fant sin plass. Alle \u00f8nsker \u00e5 v\u00e6re anonyme.<\/p>\n<p><b>\u2013 Jeg oppfattet han alltid som hyggelig, men sjenert. Han var veldig tilbaketrukket, var aldri p\u00e5 fest og mye hjemme. Han hadde aldri noen ordentlig n\u00e6re venner, forteller en. <\/b><\/p>\n<p>   <img decoding=\"async\" width=\"1290\" height=\"1053\" fetchpriority=\"low\"  loading=\"lazy\"  src=\"https:\/\/www.europesays.com\/no\/wp-content\/uploads\/2025\/08\/1756292949_491_photo+%286%29.jpg\" alt=\"\" class=\"brick-c-cFOWSL\" style=\"--brick-image-ratio: 1290 \/ 1053;\"\/><\/p>\n<p>    Foto: Privat\n  <\/p>\n<p><b>En annen kompis forteller om en gutt som skal ha f\u00e5tt en fascinasjon for b\u00e5de nazisme og voldtekt. <\/b><\/p>\n<ul class=\"timeline article--c-fdVYWv\">\n<li class=\"article--c-jXcJFK\">\n<p>            Februar 2024<\/p>\n<p class=\"text article--c-fdeGjY\">PST ble oppmerksomme p\u00e5 Wilms for f\u00f8rste gang etter et tips. Det kom fra et annet sted i landet. PST mente han hadde h\u00f8yreekstreme holdninger, men utgjorde en lav trussel p\u00e5 tidspunktet. Samme m\u00e5ned flyttet Wilms p\u00e5 forsterket hybeltiltak. <\/p>\n<\/li>\n<li class=\"article--c-jXcJFK\">\n<p>            Januar 2025<\/p>\n<p class=\"text article--c-fdeGjY\">Rundt ett \u00e5r senere gjorde PST en ny rutinemessig vurdering av Wilms internt. PST hadde ikke f\u00e5tt noen ny informasjon om ham siden sist. Vurderingen var fortsatt at Wilms ikke utgjorde noen alvorlig trussel.<\/p>\n<\/li>\n<li class=\"article--c-jXcJFK\">\n<p>            Mars 2025<\/p>\n<p class=\"text article--c-fdeGjY\">Oslo-politiet mottok informasjon om Wilms h\u00f8yreekstreme tankegods p\u00e5 et m\u00f8te med kommunen, barnevernet og institusjonen der han bodde. Situasjonen ble vurdert som bekymringsverdig, men ikke akutt. <\/p>\n<\/li>\n<li class=\"article--c-jXcJFK\">\n<p>            Slutten av april 2025<\/p>\n<p class=\"text article--c-fdeGjY\">Oslo-politiet delte sin bekymring med PST om Wilms h\u00f8yreekstreme holdninger. Det samsvarte med informasjonen PST satt p\u00e5, og endret ikke PSTs vurdering av ham. <\/p>\n<\/li>\n<li class=\"article--c-jXcJFK\">\n<p>            Slutten av sommeren 2025<\/p>\n<p class=\"text article--c-fdeGjY\">Det ble igjen varslet om en negativ utvikling hos Wilms, if\u00f8lge Oslo-politiet. Det ble laget en plan for ungdomsoppf\u00f8lging. <\/p>\n<\/li>\n<li class=\"article--c-jXcJFK\">\n<p>            Slutten av sommeren 2025<\/p>\n<p class=\"text article--c-fdeGjY\">PST ble informert om den negative utviklingen hos Wilms av Oslo-politiet. Han, og flere andre personer det var knyttet bekymring til, ble diskutert og var tema for et fast samarbeidsm\u00f8te mellom PST og Oslo-politiet. <\/p>\n<\/li>\n<\/ul>\n<p>\u2013 Han var jo aldri noe politisk aktiv, men pratet om at nazismen ikke var s\u00e5 dum og at Hitler var bra. Jeg trodde jo bare dette var k\u00f8dd. I ettertid med det som har kommet frem s\u00e5 skulle man kanskje tenkt annerledes. Det kom som et sjokk da man leste i media hva han hadde gjort, sier han.<\/p>\n<p>Flere av de AO har pratet med forteller at Wilms ble flyttet som f\u00f8lge av vold mot fosterfaren.<\/p>\n<p><b>\u2013 Helt ut av det bl\u00e5 en dag var han borte, og vi fikk beskjed om hvorfor. Det var fordi han hadde sl\u00e5tt fosterfaren. Det var jo et sjokk, selvf\u00f8lgelig. I ettertid tror jeg ikke det var noen som hadde kontakt med ham.<\/b><\/p>\n<p>   <img decoding=\"async\" width=\"5712\" height=\"4284\" fetchpriority=\"low\"  loading=\"lazy\"  src=\"https:\/\/www.europesays.com\/no\/wp-content\/uploads\/2025\/08\/%C3%A5sted.jpg\" alt=\"\" class=\"brick-c-cFOWSL\" style=\"--brick-image-ratio: 5712 \/ 4284;\"\/><\/p>\n<p>    Blomster og lys har blitt lagt ned p\u00e5 \u00e5stedet dagene etter drapet.<br \/>\n    Foto: Marius Medby \/ Avisa Oslo\n  <\/p>\n<p>If\u00f8lge de tidligere vennene s\u00e5 ble Wilms plaget av andre.<\/p>\n<p>\u2013 Jeg vet ikke om han hadde det s\u00e5 bra. Det virket ikke helt slik. Noen folk terget han litt, og det var nok ment litt mer som k\u00f8dd. Han tok det alltid mer seri\u00f8st enn det tullingen var ment som. N\u00e5 kan vi si at det var dumt.<\/p>\n<p>            Derfor identifiserer Avisa Oslo den siktede for Kampen-drapet<\/p>\n<p>Det skal normalt mye til for at redakt\u00f8rstyrte medier publiserer usladdede bilder og navn p\u00e5 en siktet tidlig i en etterforskning.<\/p>\n<p>Likevel har Avisa Oslo valgt \u00e5 gj\u00f8re et unntak i omtalen av det brutale drapet p\u00e5 34 \u00e5r gamle Tamima Nibras Juhar p\u00e5 Kampen natt til s\u00f8ndag.<\/p>\n<p><b>At Djordje Wilms er bare 18 \u00e5r, talte mot identifiseringen av ham som siktet i saken. Det samme gj\u00f8r det faktum at han har v\u00e6rt innenfor barnevernet i store deler av livet. Vi skal v\u00e6re varsomme i slike tilfeller.<\/b><\/p>\n<p>Derfor har vi gjort grundige vurderinger f\u00f8r vi falt ned p\u00e5 at det likevel var riktig \u00e5 identifisere i denne saken. <\/p>\n<p>Vi har sett p\u00e5 en rekke tungtveiende grunner som alvorsgraden, det ubestridte hendelsesforl\u00f8pet og det uttalte \u00f8nsket om \u00e5 ramme flere. <\/p>\n<p>Videre har vi tatt med i vurderingen at Djordje Wilms selv \u00f8nsket \u00e5 bli fotografert i retten.<\/p>\n<p><b>Han har i tillegg sagt at motivasjonen var politisk. Derfor er han siktet for terror og ikke bare for drap. I slike saker har offentligheten et st\u00f8rre og mer berettiget informasjonsbehov enn i vanlige drapssaker. <\/b><\/p>\n<p>Det er ogs\u00e5 med i v\u00e5r vurdering at han har f\u00e5tt b\u00e6re p\u00e5 det potensielt farlige, h\u00f8yreekstreme tankegodset over lang tid. Den f\u00f8rste bekymringsmeldingen om den unge mannen kom allerede i februar 2024.<\/p>\n<p>Vi mener at identifiseringen gj\u00f8r at offentligheten lettere kan snakke om hvor og hvordan systemet har sviktet b\u00e5de i forhold til en s\u00e5rbar og utsatt ungdom innenfor barnevernets omsorg og den personen som skulle v\u00e6re der for \u00e5 hjelpe, men mistet livet mens hun gjorde en vanskelig jobb p\u00e5 vegne av samfunnet.<\/p>\n<p><b>Til sist mener vi at offentligheten har rett p\u00e5 \u00e5 vite at dette er en gutt som har hatt full norsk oppvekst og selv opplevde seg norsk, slik at det ikke blir en debatt som handler om hans tyske statsborgerskap eller serbiske fornavn og mulige opphav. <\/b><\/p>\n<p>Dette handler om holdninger som er formet innenfor det norske storsamfunnet og ikke ved siden av det.<\/p>\n<p>Eirik Hoff Lysholm, ansvarlig redakt\u00f8r i Avisa Oslo<\/p>\n<p>  Siktet for terror<\/p>\n<p>AO har spurt politiet om voldshendelsen fra starten av 2024, og hvorfor han plutselig flyttet tilbake til Oslo og barnevernstiltak. Politiadvokat Oda Karterud har enn\u00e5 ikke besvart v\u00e5re henvendelser. <\/p>\n<p>Wilms forsvarer, Petter Mandt, \u00f8nsker ikke \u00e5 kommentere opplysningene. <\/p>\n<p>18-\u00e5ringen er ogs\u00e5 siktet for terror, ettersom politiet mener han <a href=\"https:\/\/www.ao.no\/dette-vet-vi-om-siktede-chattet-med-nynazister-maneder-for-drapet\/s\/5-128-1127885\" rel=\"Follow nofollow noopener\" target=\"_blank\">hadde til hensikt \u00e5 spre frykt og skade flere personer<\/a>.<\/p>\n<p><b>If\u00f8lge politiet har Wilms <a href=\"https:\/\/www.ao.no\/siktede-etter-kampen-drapet-politisk-motivert-drap\/s\/5-128-1127849\" rel=\"Follow nofollow noopener\" target=\"_blank\">forklart at drapet er politisk motivert.<\/a> Politiet har <a href=\"https:\/\/www.ao.no\/gjort-funn-av-dod-person-en-person-er-pagrepet\/s\/5-128-1127490\" rel=\"Follow nofollow noopener\" target=\"_blank\">beskrevet drapet som brutalt.<\/a><\/b><\/p>\n<p>\u2013 Den tragiske hendelsen er innenfor gjeldende trusselbilde. Terrortrussel-niv\u00e5et er fortsatt moderat i Norge, opplyste politiet p\u00e5 en pressekonferanse s\u00f8ndag ettermiddag.<\/p>\n<p>18-\u00e5ringen ble p\u00e5grepet i taxi da han ikke kunne gj\u00f8re opp for seg. If\u00f8lge TV 2 skal Wilms ha ledd da han ble p\u00e5grepet.<\/p>\n<p>  <a href=\"https:\/\/www.ao.no\/5-128-1128623\" class=\"related-teaser has-image default-story-teaser article--c-eRUmMG article--c-eRUmMG-jKCPdD-design-default\" rel=\"nofollow noopener\" target=\"_blank\"><\/p>\n<p>    <img decoding=\"async\" loading=\"lazy\"  src=\"https:\/\/www.europesays.com\/no\/wp-content\/uploads\/2025\/08\/1756292950_693_photo+%281%29.jpg\" alt=\"\" class=\"brick-c-cFOWSL\" style=\"\"\/><\/p>\n<p>\n            Les ogs\u00e5<\/p>\n<p>              Folk str\u00f8mmer til drapsstedet: \u2013 N\u00e5 m\u00e5 vi st\u00e5 sammen\n        <\/p>\n<p>  <\/a><br \/>\n  Alene p\u00e5 jobb<\/p>\n<p>34 \u00e5r gamle Tamima Nibras Juhar ble <a rel=\"Follow nofollow noopener\" href=\"https:\/\/www.ao.no\/gjort-funn-av-dod-person-en-person-er-pagrepet\/s\/5-128-1127490\" target=\"_blank\">drept natt til s\u00f8ndag<\/a> mens hun var p\u00e5 jobb for Gemt, som tilbyr barnevernstjenester i Oslo.<\/p>\n<p>   <img decoding=\"async\" width=\"800\" height=\"796\" fetchpriority=\"low\"  loading=\"lazy\"  src=\"https:\/\/www.europesays.com\/no\/wp-content\/uploads\/2025\/08\/NTB_HSoUtteevBY.jpg\" alt=\"Oslo 20250825. &#10;Handout. Bildet inng\u00e5r i NTBs tilbud til abonnenter p\u00e5 nyhetsfoto. Bildet skal kun benyttes i forbindelse med angitt sak.&#10;&#10;34 \u00e5r gamle Tamima Nibras Juhar ble drept p\u00e5 Kampen.&#10;Foto: Privat \/ Elden Advokatfirma \/ Handout \/ NTB\" class=\"brick-c-cFOWSL\" style=\"--brick-image-ratio: 800 \/ 796;\"\/><\/p>\n<p>    34 \u00e5r gamle Tamima Nibras Juhar ble drept p\u00e5 Kampen.<br \/>\n    Foto: Privat\n  <\/p>\n<p>\u2013 Etter \u00f8nske fra de p\u00e5r\u00f8rende formidles n\u00e5 navn og bilde p\u00e5 avd\u00f8de, samt familiens reaksjon p\u00e5 den tragiske hendelsen, opplyser de p\u00e5r\u00f8rendes bistandsadvokat, Anette Skjerven Arnkv\u00e6rn i Elden Advokatfirma.<\/p>\n<p>Tamima ble f\u00f8dt i Etiopia i 1991. Hun var nest yngst i en stor s\u00f8skenflokk, med n\u00e6r og kj\u00e6rlig kontakt til b\u00e5de s\u00f8sken og sine nieser og nev\u00f8er. Faren gikk bort for seks \u00e5r siden, mens moren fortsatt bor i Etiopia.<\/p>\n<p>I en uttalelse tidligere denne uken skrev familien:<\/p>\n<p>\u00abHun hadde krevende opplevelser i oppveksten, noe som motiverte henne til \u00e5 vie livet sitt til \u00e5 hjelpe vanskeligstilte barn og unge. Hun arbeidet som barne- og ungdomsarbeider, og ved siden av arbeidet studerte hun utviklingsarbeid ved OsloMet. Hun var sterkt engasjert i sp\u00f8rsm\u00e5l om rettferdighet, rasisme og internasjonale konflikter\u00bb.<\/p>\n<p>  <a href=\"https:\/\/www.ao.no\/5-128-1128106\" class=\"related-teaser has-image default-story-teaser article--c-eRUmMG article--c-eRUmMG-jKCPdD-design-default\" rel=\"nofollow noopener\" target=\"_blank\"><\/p>\n<p>    <img decoding=\"async\" loading=\"lazy\"  src=\"https:\/\/www.europesays.com\/no\/wp-content\/uploads\/2025\/08\/NTB_wBaSO7bFy7k.jpg\" alt=\"\" class=\"brick-c-cFOWSL\" style=\"\"\/><\/p>\n<p>\n            Les ogs\u00e5<\/p>\n<p>              Gr\u00e5t og kj\u00e6rlighet p\u00e5 Kampen: \u2013 Det er en stor ironi i dette her. Hun brydde seg om alt og alle\n        <\/p>\n<p>  <\/a><\/p>\n<p>  <a href=\"https:\/\/www.ao.no\/5-128-1129241\" class=\"related-teaser has-image default-story-teaser article--c-eRUmMG article--c-eRUmMG-jKCPdD-design-default\" rel=\"nofollow noopener\" target=\"_blank\"><\/p>\n<p>    <img decoding=\"async\" loading=\"lazy\"  src=\"https:\/\/www.europesays.com\/no\/wp-content\/uploads\/2025\/08\/Skjermbilde%2B2025-04-13%2B201940%281%29.jpg\" alt=\"\" class=\"brick-c-cFOWSL\" style=\"\"\/><\/p>\n<p>\n            Les ogs\u00e5<\/p>\n<p>              Tamima jobbet med drapssiktede flere ganger: \u2013 Var bekymret\n        <\/p>\n<p>  <\/a><\/p>\n","protected":false},"excerpt":{"rendered":"I barne- og ungdoms\u00e5rene bodde Djordje Wilms (18) et annet sted i landet. N\u00e5 kan Avisa Oslo fortelle&hellip;\n","protected":false},"author":2,"featured_media":19318,"comment_status":"","ping_status":"","sticky":false,"template":"","format":"standard","meta":{"footnotes":""},"categories":[10],"tags":[36,20,21,377,3118,24,25,15,3117,983,148,22,23,13,30,28,29,14,16,1510,26,27],"class_list":{"0":"post-19317","1":"post","2":"type-post","3":"status-publish","4":"format-standard","5":"has-post-thumbnail","7":"category-norge","8":"tag-art","9":"tag-breaking-news","10":"tag-breakingnews","11":"tag-drap","12":"tag-drapet-pa-kampen","13":"tag-featured-news","14":"tag-featurednews","15":"tag-headlines","16":"tag-kampen","17":"tag-krim","18":"tag-kriminalitet","19":"tag-latest-news","20":"tag-latestnews","21":"tag-news","22":"tag-no","23":"tag-norge","24":"tag-norway","25":"tag-nyheter","26":"tag-overskrifter","27":"tag-story","28":"tag-top-stories","29":"tag-topstories"},"share_on_mastodon":{"url":"","error":""},"_links":{"self":[{"href":"https:\/\/www.europesays.com\/no\/wp-json\/wp\/v2\/posts\/19317","targetHints":{"allow":["GET"]}}],"collection":[{"href":"https:\/\/www.europesays.com\/no\/wp-json\/wp\/v2\/posts"}],"about":[{"href":"https:\/\/www.europesays.com\/no\/wp-json\/wp\/v2\/types\/post"}],"author":[{"embeddable":true,"href":"https:\/\/www.europesays.com\/no\/wp-json\/wp\/v2\/users\/2"}],"replies":[{"embeddable":true,"href":"https:\/\/www.europesays.com\/no\/wp-json\/wp\/v2\/comments?post=19317"}],"version-history":[{"count":0,"href":"https:\/\/www.europesays.com\/no\/wp-json\/wp\/v2\/posts\/19317\/revisions"}],"wp:featuredmedia":[{"embeddable":true,"href":"https:\/\/www.europesays.com\/no\/wp-json\/wp\/v2\/media\/19318"}],"wp:attachment":[{"href":"https:\/\/www.europesays.com\/no\/wp-json\/wp\/v2\/media?parent=19317"}],"wp:term":[{"taxonomy":"category","embeddable":true,"href":"https:\/\/www.europesays.com\/no\/wp-json\/wp\/v2\/categories?post=19317"},{"taxonomy":"post_tag","embeddable":true,"href":"https:\/\/www.europesays.com\/no\/wp-json\/wp\/v2\/tags?post=19317"}],"curies":[{"name":"wp","href":"https:\/\/api.w.org\/{rel}","templated":true}]}}