{"id":19323,"date":"2025-08-27T11:13:08","date_gmt":"2025-08-27T11:13:08","guid":{"rendered":"https:\/\/www.europesays.com\/no\/19323\/"},"modified":"2025-08-27T11:13:08","modified_gmt":"2025-08-27T11:13:08","slug":"vampire-the-masquerade-bloodlines-2-kan-ga-tilbake-betalte-dlc-klaner","status":"publish","type":"post","link":"https:\/\/www.europesays.com\/no\/19323\/","title":{"rendered":"Vampire: The Masquerade &#8211; Bloodlines 2 kan g\u00e5 tilbake betalte DLC-klaner"},"content":{"rendered":"<p>Vampyr: The Masquerade &#8211; Bloodlines 2s utgivelsesdato er l\u00e5st, og mens mange fans gleder seg over nyheten om at de endelig vil kunne spille spillet snart, kritiserer andre The Chinese Room og Paradox for inkluderingen av betalte DLC-klaner som ogs\u00e5 kan n\u00e5s via forh\u00e5ndsbestilling.<\/p>\n<p>Ettersom klaner i hovedsak er spillets klasser eller opprinnelse, var folk ikke glade for at de ble l\u00e5st bak en betalingsmur. Imidlertid, som oppdaget p\u00e5 <a href=\"https:\/\/www.resetera.com\/threads\/the-chinese-room-will-make-adjustments-after-feedback-about-locking-2-clans-behind-day-one-dlc-in-vampire-the-masquerade-bloodlines-2.1281309\/\" target=\"_blank\" rel=\"nofollow noopener\">ResetEra<\/a> (og rapportert om av <a href=\"https:\/\/www.gamesradar.com\/games\/rpg\/bloodlines-2-publisher-says-its-making-adjustments-ahead-of-launch-in-response-to-feedback-about-the-lasombra-and-toreador-clans-being-locked-behind-paid-dlc\/\" target=\"_blank\" rel=\"nofollow noopener\">GamesRadar<\/a>), Vampire: The Masquerade &#8211; Bloodlines 2 kanskje ikke holder fast ved denne DLC-klanstrategien mye lenger.<\/p>\n<p>&laquo;Vi lytter til tilbakemeldingene dine om Lasombra- og Toreador-klantilgangen, og vi gj\u00f8r justeringer i forkant av lanseringen for \u00e5 gjenspeile dette,&raquo; heter det i et innlegg fra Paradox samfunnsutvikler DebbieElla. &laquo;Vi vil dele mer informasjon om hva dette betyr s\u00e5 snart som mulig.&raquo;<\/p>\n<p>Selv om det ville v\u00e6re flott \u00e5 se de betalte DLC-klanene bli gratis for alle, er vi ikke sikre p\u00e5 at det vil skje, da Paradox sikkert ikke \u00f8nsker \u00e5 miste potensielle kontanter. S\u00e5 igjen, den d\u00e5rlige publisiteten fra dette trekket vil helt sikkert svi etter hvert som RPG-fans blir mer frustrerte over betalingsmuren foran dem for innhold i et enkeltspillerspill.<\/p>\n<p>Vampire: The Masquerade &#8211; Bloodlines 2 lanseres 21. oktober for PC, PS5 og Xbox Series X\/S. Hvis du vil ha noen tidlige inntrykk av spillet, kan du sjekke ut forh\u00e5ndsvisningen v\u00e5r <a href=\"https:\/\/www.gamereactor.no\/vampire-the-masquerade-bloodlines-2-forhandsvisning-av-spill-sovnlos-i-seattle-1847243\/\" title=\"Vampire: The Masquerade - Bloodlines 2: S\u00f8vnl\u00f8s i Seattle\" rel=\"nofollow noopener\" target=\"_blank\">her.<\/a><\/p>\n<p><img loading=\"lazy\" decoding=\"async\" id=\"img-1847933-2833693\" data-fullsize=\"\/media\/36\/_2833693b.png\" data-lazy=\"\" src=\"https:\/\/www.europesays.com\/no\/wp-content\/uploads\/2025\/08\/_2833693_650x.png\" width=\"650\" onclick=\"if (!window.__cfRLUnblockHandlers) return false; gallery_openmodal('1847933','2833693',false,'7e696021c0f0ab4a5bd19a23f00fb8df');\" height=\"344\" alt=\"Vampire: The Masquerade - Bloodlines 2\" class=\"rwd_col_content lazy\" data-cf-modified-51102b70e5071e40b88cb860-=\"\"\/><\/p>\n","protected":false},"excerpt":{"rendered":"Vampyr: The Masquerade &#8211; Bloodlines 2s utgivelsesdato er l\u00e5st, og mens mange fans gleder seg over nyheten om&hellip;\n","protected":false},"author":2,"featured_media":19324,"comment_status":"","ping_status":"","sticky":false,"template":"","format":"standard","meta":{"footnotes":""},"categories":[57],"tags":[30,28,29,65,63,64,66,70,69,67,68],"class_list":{"0":"post-19323","1":"post","2":"type-post","3":"status-publish","4":"format-standard","5":"has-post-thumbnail","7":"category-vitenskap-og-teknologi","8":"tag-no","9":"tag-norge","10":"tag-norway","11":"tag-science","12":"tag-science-and-technology","13":"tag-scienceandtechnology","14":"tag-technology","15":"tag-teknologi","16":"tag-vitenskap","17":"tag-vitenskap-og-teknologi","18":"tag-vitenskapteknologi"},"share_on_mastodon":{"url":"","error":""},"_links":{"self":[{"href":"https:\/\/www.europesays.com\/no\/wp-json\/wp\/v2\/posts\/19323","targetHints":{"allow":["GET"]}}],"collection":[{"href":"https:\/\/www.europesays.com\/no\/wp-json\/wp\/v2\/posts"}],"about":[{"href":"https:\/\/www.europesays.com\/no\/wp-json\/wp\/v2\/types\/post"}],"author":[{"embeddable":true,"href":"https:\/\/www.europesays.com\/no\/wp-json\/wp\/v2\/users\/2"}],"replies":[{"embeddable":true,"href":"https:\/\/www.europesays.com\/no\/wp-json\/wp\/v2\/comments?post=19323"}],"version-history":[{"count":0,"href":"https:\/\/www.europesays.com\/no\/wp-json\/wp\/v2\/posts\/19323\/revisions"}],"wp:featuredmedia":[{"embeddable":true,"href":"https:\/\/www.europesays.com\/no\/wp-json\/wp\/v2\/media\/19324"}],"wp:attachment":[{"href":"https:\/\/www.europesays.com\/no\/wp-json\/wp\/v2\/media?parent=19323"}],"wp:term":[{"taxonomy":"category","embeddable":true,"href":"https:\/\/www.europesays.com\/no\/wp-json\/wp\/v2\/categories?post=19323"},{"taxonomy":"post_tag","embeddable":true,"href":"https:\/\/www.europesays.com\/no\/wp-json\/wp\/v2\/tags?post=19323"}],"curies":[{"name":"wp","href":"https:\/\/api.w.org\/{rel}","templated":true}]}}