{"id":193356,"date":"2026-03-21T10:27:09","date_gmt":"2026-03-21T10:27:09","guid":{"rendered":"https:\/\/www.europesays.com\/no\/193356\/"},"modified":"2026-03-21T10:27:09","modified_gmt":"2026-03-21T10:27:09","slug":"eirin-maria-kvandal-vant-i-vikersund-strom-halvmeteren-bak-verdensrekorden","status":"publish","type":"post","link":"https:\/\/www.europesays.com\/no\/193356\/","title":{"rendered":"Eirin Maria Kvandal vant i Vikersund \u2013 Str\u00f8m halvmeteren bak verdensrekorden"},"content":{"rendered":"\n<p class=\"_lead_145nj_2 _lead_6fko5_53 layout-component text-serif-m layout-normal text-serif-l layout-component layout-wide layout-padded _wide_17hqh_1 layout-padded\">Eirin Maria Kvandal vant l\u00f8rdagens verdenscuprenn i skiflyging i Vikersund. Anna Odine Str\u00f8m var kun \u00e9n meter fra \u00e5 sette ny verdensrekord.<\/p>\n<p><img alt=\"Norske Eirin Maria Kvandal vinner skiflygning for kvinner i Vikersund.  Foto: Trond R Teigen \/ NTB\" class=\"_image_jw3bv_65 layout-component layout-wide\" data-fullscreen- data-track-element-type=\"Article image fullscreen\" data-track-name=\"ImageFullscreen\" fetchpriority=\"high\" decoding=\"sync\" loading=\"eager\" height=\"4000\" itemprop=\"image\"  src=\"https:\/\/www.europesays.com\/no\/wp-content\/uploads\/2026\/03\/3a787f48-89ff-4329-8741-2a63f665d472.jpeg\"  style=\"object-position:0% 0%\" width=\"6000\"\/>Norske Eirin Maria Kvandal vinner skiflygning for kvinner i Vikersund.  Foto: Trond R Teigen \/ NTB<\/p>\n<ul aria-hidden=\"true\" class=\"_images_ntbth_112\">\n<li><a class=\"_link_ntbth_117\" href=\"https:\/\/www.vg.no\/forfatter\/ntb\" style=\"z-index:1\" title=\"NTB\" rel=\"nofollow noopener\" target=\"_blank\"><img alt=\"Bilde av NTB\" class=\"_image_ntbth_93\" fetchpriority=\"low\" loading=\"lazy\" decoding=\"async\" itemprop=\"image\"  src=\"https:\/\/www.europesays.com\/no\/wp-content\/uploads\/2026\/03\/1774088829_853_c33980b0-5d07-4027-84a1-813f90a7c8d6.jpeg\"  width=\"480\"\/><\/a><\/li>\n<\/ul>\n<p> Oppdatert l\u00f8rdag 21. mars kl. 10:56     <\/p>\n<p class=\"_paragraph_145nj_4 _paragraph_6fko5_10 layout-component text-serif-m layout-normal text-serif-m layout-padded\">Tross kjempehoppet endte nemlig Str\u00f8m bare p\u00e5 femteplass i rennet. Kvandal gikk til topps etter at slovenske Nika Prevc mislyktes i sitt siste opp.<\/p>\n<p class=\"_paragraph_145nj_4 _paragraph_6fko5_10 layout-component text-serif-m layout-normal text-serif-m layout-padded\">Kvandal landet p\u00e5 218 og 223 meter i sine to hopp. Hun var nummer to etter f\u00f8rste omgang.<\/p>\n<p><img alt=\"Anna Odine Str\u00f8m jubler sammen med vinneren Eirin Maria Kvandal (med ryggen til).  Foto: Trond R Teigen \/ NTB\" class=\"_image_jw3bv_65 layout-component layout-normal\" data-fullscreen- data-track-element-type=\"Article image fullscreen\" data-track-name=\"ImageFullscreen\" decoding=\"async\" loading=\"lazy\" height=\"4000\" itemprop=\"image\"  src=\"https:\/\/www.europesays.com\/no\/wp-content\/uploads\/2026\/03\/6f4fcca0-f6fd-4da9-b501-f4bd39886ef8.jpeg\"  style=\"object-position:0% 0%\" width=\"6000\"\/>Anna Odine Str\u00f8m jubler sammen med vinneren Eirin Maria Kvandal (med ryggen til).  Foto: Trond R Teigen \/ NTB<\/p>\n<p class=\"_paragraph_145nj_4 _paragraph_6fko5_10 layout-component text-serif-m layout-normal text-serif-m layout-padded\">Anna Odine Str\u00f8ms monsterhopp kom i annen omgang. Der hadde Alta-jenta et uvanlig tidlig startnummer etter et mindre vellykket hopp p\u00e5 197,5 meter i f\u00f8rste omgang.<\/p>\n<p class=\"_paragraph_145nj_4 _paragraph_6fko5_10 layout-component text-serif-m layout-normal text-serif-m layout-padded\">L\u00f8rdagens vinner Nika Prevc har verdensrekorden for kvinner p\u00e5 236 meter, satt i Vikersund for ett \u00e5r siden. Den var alts\u00e5 Str\u00f8m bare en halvmeter unna \u00e5 matche med 235,5 meter.<\/p>\n<p class=\"_paragraph_145nj_4 _paragraph_6fko5_10 layout-component text-serif-m layout-normal text-serif-m layout-padded\">\u2013 Dette m\u00e5 v\u00e6re noe av det morsomste jeg har gjort. Jeg var forn\u00f8yd da de gikk opp p\u00e5 farten rett f\u00f8r meg, samtidig som jeg har v\u00e6rt irritert fordi jeg ikke har f\u00e5tt til hoppingen i dag, sier Str\u00f8m til NRK. \u2013 F\u00f8lelsen er noe helt eget og noe annet enn det jeg vanligvis opplever i bakkene. <\/p>\n<p class=\"_paragraph_145nj_4 _paragraph_6fko5_10 layout-component text-serif-m layout-normal text-serif-m layout-padded\">Prevc ledet foran finaleomgangen etter 224 meter i f\u00f8rste omgang, men m\u00e5tte n\u00f8ye seg med tredjeplass etter bare 204,5 meter i finalen. Svenske Frida Westman tok annenplassen.<\/p>\n","protected":false},"excerpt":{"rendered":"Eirin Maria Kvandal vant l\u00f8rdagens verdenscuprenn i skiflyging i Vikersund. Anna Odine Str\u00f8m var kun \u00e9n meter fra&hellip;\n","protected":false},"author":2,"featured_media":193357,"comment_status":"","ping_status":"","sticky":false,"template":"","format":"standard","meta":{"footnotes":"","_share_on_mastodon":"0"},"categories":[59],"tags":[8673,12101,770,30,28,29,83,82],"class_list":["post-193356","post","type-post","status-publish","format-standard","has-post-thumbnail","category-sport","tag-anna-odine-strom","tag-eirin-maria-kvandal","tag-hopp","tag-no","tag-norge","tag-norway","tag-sport","tag-sports"],"share_on_mastodon":{"url":"https:\/\/pubeurope.com\/@no\/116266693141601893","error":""},"_links":{"self":[{"href":"https:\/\/www.europesays.com\/no\/wp-json\/wp\/v2\/posts\/193356","targetHints":{"allow":["GET"]}}],"collection":[{"href":"https:\/\/www.europesays.com\/no\/wp-json\/wp\/v2\/posts"}],"about":[{"href":"https:\/\/www.europesays.com\/no\/wp-json\/wp\/v2\/types\/post"}],"author":[{"embeddable":true,"href":"https:\/\/www.europesays.com\/no\/wp-json\/wp\/v2\/users\/2"}],"replies":[{"embeddable":true,"href":"https:\/\/www.europesays.com\/no\/wp-json\/wp\/v2\/comments?post=193356"}],"version-history":[{"count":0,"href":"https:\/\/www.europesays.com\/no\/wp-json\/wp\/v2\/posts\/193356\/revisions"}],"wp:featuredmedia":[{"embeddable":true,"href":"https:\/\/www.europesays.com\/no\/wp-json\/wp\/v2\/media\/193357"}],"wp:attachment":[{"href":"https:\/\/www.europesays.com\/no\/wp-json\/wp\/v2\/media?parent=193356"}],"wp:term":[{"taxonomy":"category","embeddable":true,"href":"https:\/\/www.europesays.com\/no\/wp-json\/wp\/v2\/categories?post=193356"},{"taxonomy":"post_tag","embeddable":true,"href":"https:\/\/www.europesays.com\/no\/wp-json\/wp\/v2\/tags?post=193356"}],"curies":[{"name":"wp","href":"https:\/\/api.w.org\/{rel}","templated":true}]}}