{"id":19363,"date":"2025-08-27T12:10:11","date_gmt":"2025-08-27T12:10:11","guid":{"rendered":"https:\/\/www.europesays.com\/no\/19363\/"},"modified":"2025-08-27T12:10:11","modified_gmt":"2025-08-27T12:10:11","slug":"sport-handball-nora-mork-apner-for-et-norge-comeback-for-gjekstad","status":"publish","type":"post","link":"https:\/\/www.europesays.com\/no\/19363\/","title":{"rendered":"Sport, H\u00e5ndball | Nora M\u00f8rk \u00e5pner for et Norge-comeback for Gjekstad"},"content":{"rendered":"\n<p>Landslagstrener Ole Gustav Gjekstad er i full gang med \u00e5 planlegge sitt f\u00f8rste mesterskap med Norge etter \u00e5 ha overtatt for Thorir Hergeirsson tidligere i \u00e5r.<\/p>\n<p>H\u00e5ndballjentene har mistet flere profiler etter fjor\u00e5rets EM-gull, og noen av dem er det fortsatt usikkerhet rundt. En av dem er Nora M\u00f8rk.<\/p>\n<p>H\u00e5ndballstjernen gjorde nylig comeback i klubblaget etter f\u00f8dselen i mai. I h\u00f8st spiller hun trolig sin f\u00f8rste landskamp siden OL-gullet i Frankrike i fjor. Og kanskje VM.<\/p>\n<p><b>\u2013 Vi har tatt en prat eller to. Hun vil bare s\u00f8rge for at hun er god nok, s\u00e5 vil hun nok v\u00e6re klar for landslagssamling n\u00e5r den <\/b><b>tid kommer, sier Norges landslagssjef Ole Gustav Gjekstad til NTB.<\/b><\/p>\n<p>Den dialogen vi har hatt<\/p>\n<p>Det stemmer bra med det M\u00f8rk selv svarer n\u00e5r NTB h\u00f8rer fra henne via far og agent Morten M\u00f8rk p\u00e5 e-post:<\/p>\n<p><b>\u2013 Hvis jeg er i god nok og i form, er jeg \u00e5pen for det. Det er ikke s\u00e5 mye mer jeg kan si om det enn at vi f\u00e5r se utover h\u00f8sten og hvordan ting g\u00e5r, forteller h\u00e5ndballstjernen med 192 kamper for Norge.<\/b><\/p>\n<p>Gjekstad opplyser at M\u00f8rk ikke vil v\u00e6re til stede p\u00e5 landslagssamlingen i september, men:<\/p>\n<p><b>\u2013 Forh\u00e5pentligvis har hun spilt s\u00e5 mye og kommet seg tilbake i full drift, s\u00e5 hun kan v\u00e6re med i oktober. Det er den dialogen vi har hatt s\u00e5 langt, forteller Gjekstad.<\/b><\/p>\n<p>I s\u00e5 fall snakker vi kanskje om Norges landskamp mot Romania i Jotron Arena 15. oktober, som blir Gjekstads f\u00f8rste i hjemlandet etter at han tok over.<\/p>\n<p>Det ville kanskje v\u00e6re ekstra passende ogs\u00e5 for M\u00f8rk, som herjet i Larvik-drakt i mange \u00e5r, f\u00f8r hun ble proff i utlandet. Fortsatt 34-\u00e5ringen mange fans i Larvik.<\/p>\n<p>   <img decoding=\"async\" width=\"8640\" height=\"5760\" fetchpriority=\"low\"  loading=\"lazy\"  src=\"https:\/\/www.europesays.com\/no\/wp-content\/uploads\/2025\/08\/NTB_K8UeF3A86Fo.jpg\" alt=\"Wien, \u00d8sterrike 20241207. &#10;TV2 sin h\u00e5ndballekspert Nora M\u00f8rk i studio f\u00f8r hovedrunde i h\u00e5ndball-EM for kvinner mellom Danmark og Tyskland i Wiener Stadthalle.&#10;Foto: Beate Oma Dahle \/ NTB\" class=\"brick-c-cFOWSL\" style=\"--brick-image-ratio: 8640 \/ 5760;\"\/><\/p>\n<p>    COMEBACK: Nora M\u00f8rk scoret fire m\u00e5l i sitt comeback i Esbjerg s\u00f8ndag. Her som ekspert under h\u00e5ndball-EM 2024.<br \/>\nFoto: Beate Oma Dahle \/ NTB<br \/>\n    Foto: Beate Oma Dahle\n  <\/p>\n<p>  Comeback med fire m\u00e5l<\/p>\n<p>34 \u00e5r gamle M\u00f8rk var tilbake i f\u00f8rste tellende kamp etter f\u00f8dsel da hennes Esbjerg tapte 30\u201333 for Odense i supercupen s\u00f8ndag. Her ble det fire scoringer for M\u00f8rk, ett av dem p\u00e5 straffe. Det holdt imidlertid ikke til seier, i en kamp der Thale Rushfeldt Deila ble toppscorer for Odense med seks m\u00e5l, mens s\u00f8ster Live scoret fire for Esbjerg.<\/p>\n<p><b>I november og desember er det VM i Nederland og Tyskland. Veteranen varslet en pause fra landslaget like etter at OL-gullet ble sikret i fjor. Den gang handlet det om en vurdering av om hun klarte belastningen med b\u00e5de landslag og klubb.<\/b><\/p>\n<p>Noen m\u00e5neder senere kom nyheten om at hun var gravid. M\u00f8rk og den svenske h\u00e5ndballspilleren Jerry Tollbring ble foreldre til Tyra 7. mai.<\/p>\n<p><b>I EM i fjor, som Norge vant, fungerte M\u00f8rk som ekspert for Viaplay og TV 2.<\/b><\/p>\n<p>H\u00e5ndballjentenes neste kamper er mot Tyrkia, Kroatia og Tsjekkia om en snau m\u00e5ned.<\/p>\n","protected":false},"excerpt":{"rendered":"Landslagstrener Ole Gustav Gjekstad er i full gang med \u00e5 planlegge sitt f\u00f8rste mesterskap med Norge etter \u00e5&hellip;\n","protected":false},"author":2,"featured_media":19364,"comment_status":"","ping_status":"","sticky":false,"template":"","format":"standard","meta":{"footnotes":""},"categories":[59],"tags":[36,105,3358,30,28,29,14,83,82,1510],"class_list":{"0":"post-19363","1":"post","2":"type-post","3":"status-publish","4":"format-standard","5":"has-post-thumbnail","7":"category-sport","8":"tag-art","9":"tag-handball","10":"tag-jotron-arena","11":"tag-no","12":"tag-norge","13":"tag-norway","14":"tag-nyheter","15":"tag-sport","16":"tag-sports","17":"tag-story"},"share_on_mastodon":{"url":"","error":""},"_links":{"self":[{"href":"https:\/\/www.europesays.com\/no\/wp-json\/wp\/v2\/posts\/19363","targetHints":{"allow":["GET"]}}],"collection":[{"href":"https:\/\/www.europesays.com\/no\/wp-json\/wp\/v2\/posts"}],"about":[{"href":"https:\/\/www.europesays.com\/no\/wp-json\/wp\/v2\/types\/post"}],"author":[{"embeddable":true,"href":"https:\/\/www.europesays.com\/no\/wp-json\/wp\/v2\/users\/2"}],"replies":[{"embeddable":true,"href":"https:\/\/www.europesays.com\/no\/wp-json\/wp\/v2\/comments?post=19363"}],"version-history":[{"count":0,"href":"https:\/\/www.europesays.com\/no\/wp-json\/wp\/v2\/posts\/19363\/revisions"}],"wp:featuredmedia":[{"embeddable":true,"href":"https:\/\/www.europesays.com\/no\/wp-json\/wp\/v2\/media\/19364"}],"wp:attachment":[{"href":"https:\/\/www.europesays.com\/no\/wp-json\/wp\/v2\/media?parent=19363"}],"wp:term":[{"taxonomy":"category","embeddable":true,"href":"https:\/\/www.europesays.com\/no\/wp-json\/wp\/v2\/categories?post=19363"},{"taxonomy":"post_tag","embeddable":true,"href":"https:\/\/www.europesays.com\/no\/wp-json\/wp\/v2\/tags?post=19363"}],"curies":[{"name":"wp","href":"https:\/\/api.w.org\/{rel}","templated":true}]}}