{"id":193812,"date":"2026-03-21T22:02:13","date_gmt":"2026-03-21T22:02:13","guid":{"rendered":"https:\/\/www.europesays.com\/no\/193812\/"},"modified":"2026-03-21T22:02:13","modified_gmt":"2026-03-21T22:02:13","slug":"var-villig-til-a-gjore-nesten-alt","status":"publish","type":"post","link":"https:\/\/www.europesays.com\/no\/193812\/","title":{"rendered":"\u2013 Var villig til \u00e5 gj\u00f8re nesten alt"},"content":{"rendered":"\n<p class=\"_paragraph_145nj_4 _paragraph_6fko5_10 layout-component text-serif-m layout-normal text-serif-m layout-padded\">Stadio Giovanni Zini har med sine 15.000 seter plass til en femtedel av Cremonas befolkning. Fotballen st\u00e5r med andre ord sterkt i den italienske innlandsbyen s\u00f8r for Milano.<\/p>\n<p class=\"_paragraph_145nj_4 _paragraph_6fko5_10 layout-component text-serif-m layout-normal text-serif-m layout-padded\">VG m\u00f8ter Thorsby p\u00e5 et lite middelaldertorg tre uker etter at han debuterte med scoring for nedrykkstruede Cremonese, der han har blitt lagkamerat med Jamie Vardy (39). <\/p>\n<p class=\"_paragraph_145nj_4 _paragraph_6fko5_10 layout-component text-serif-m layout-normal text-serif-m layout-padded\">Men det er en annen form for h\u00f8ykultur som henger h\u00f8yere enn fotball i Cremona. I umiddelbar n\u00e6rhet til det lille torget vi sitter p\u00e5, ligger det minst 15 sm\u00e5 fiolinmakere.<\/p>\n<p><img alt=\"Foto: Bj\u00f8rn S. Delebekk \/ VG\" class=\"_image_jw3bv_65 layout-component layout-normal\" data-fullscreen- data-track-element-type=\"Article image fullscreen\" data-track-name=\"ImageFullscreen\" decoding=\"async\" loading=\"lazy\" height=\"5504\" itemprop=\"image\"  src=\"https:\/\/www.europesays.com\/no\/wp-content\/uploads\/2026\/03\/14dd4d86-b474-4158-985b-a93b01f69810.jpeg\"  style=\"object-position:0% 0%\" width=\"7954\"\/>Foto: Bj\u00f8rn S. Delebekk \/ VG<\/p>\n<p class=\"_paragraph_145nj_4 _paragraph_6fko5_10 layout-component text-serif-m layout-normal text-serif-m layout-padded\">Thorsby har allerede latt seg fascinere av det lille strykeinstrumentet, som ble oppfunnet her p\u00e5 midten av 1500-tallet.<\/p>\n<p class=\"_paragraph_145nj_4 _paragraph_6fko5_10 layout-component text-serif-m layout-normal text-serif-m layout-padded\">For noen \u00e5r siden fikk han en fiolin av sin onkel, som tilfeldigvis ogs\u00e5 er fiolinmaker. <\/p>\n<p class=\"_paragraph_145nj_4 _paragraph_6fko5_10 layout-component text-serif-m layout-normal text-serif-m layout-padded\">Men en sj\u00f8syk fiolin er det ingen som vil h\u00f8re. Han sier det trolig kommer til \u00e5 ta tre til fire \u00e5r f\u00f8r han kan spille i andres n\u00e6rv\u00e6r. Fiolin alts\u00e5.<\/p>\n<p class=\"_paragraph_145nj_4 _paragraph_6fko5_10 layout-component text-serif-m layout-normal text-serif-m layout-padded\">\u2013 Jeg har tatt f\u00f8rste time, og har ny time i morgen. Jeg begir meg ut p\u00e5 det, s\u00e5 f\u00e5r vi se hvor langt det b\u00e6rer. <\/p>\n<p><img alt=\"Adriano Spadoni har reparert Thorsbys fiolin.  Foto: Bj\u00f8rn S. Delebekk \/ VG\" class=\"_image_jw3bv_65 layout-component layout-normal\" data-fullscreen- data-track-element-type=\"Article image fullscreen\" data-track-name=\"ImageFullscreen\" decoding=\"async\" loading=\"lazy\" height=\"5504\" itemprop=\"image\"  src=\"https:\/\/www.europesays.com\/no\/wp-content\/uploads\/2026\/03\/7b443fb7-7b9e-4e22-b44c-2c67c8897281.jpeg\"  style=\"object-position:0% 0%\" width=\"8256\"\/>Adriano Spadoni har reparert Thorsbys fiolin.  Foto: Bj\u00f8rn S. Delebekk \/ VG<\/p>\n<p class=\"_paragraph_145nj_4 _paragraph_6fko5_10 layout-component text-serif-m layout-normal text-serif-m layout-padded\">De siste \u00e5rene har han bygget seg et dr\u00f8mmeliv langs kysten ved Genova. Han brukte fire \u00e5r p\u00e5 \u00e5 overtale den tidligere eieren av huset der, med utsikt over det liguriske hav, til \u00e5 selge.<\/p>\n<p class=\"_paragraph_145nj_4 _paragraph_6fko5_10 layout-component text-serif-m layout-normal text-serif-m layout-padded\">29-\u00e5ringen har alltid v\u00e6rt opptatt av \u00e5 leve et liv som ikke bare handler om fotball. <\/p>\n<p class=\"_paragraph_145nj_4 _paragraph_6fko5_10 layout-component text-serif-m layout-normal text-serif-m layout-padded\">Men da Roma-legende Daniele De Rossi tok over Genoa i november, ante han at det kunne bli for lite spilletid. <\/p>\n<p class=\"_paragraph_145nj_4 _paragraph_6fko5_10 layout-component text-serif-m layout-normal text-serif-m layout-padded\">F\u00f8r jul spurte han den nye sjefen rett ut om sin egen situasjon. <\/p>\n<p class=\"_paragraph_145nj_4 _paragraph_6fko5_10 layout-component text-serif-m layout-normal text-serif-m layout-padded\">\u2013 Han sa \u00abMorten, jeg liker deg veldig godt, men jeg har noen andre ideer om hvordan jeg vil spille, og andre typer jeg vil bruke i din posisjon, s\u00e5 det kan hende at det ikke blir s\u00e5 mye spilletid p\u00e5 deg fremover. Hvis du har muligheten til \u00e5 g\u00e5 noe sted, s\u00e5 b\u00f8r du vurdere det.\u00bb <\/p>\n<p><img alt=\"Daniele De Rossi tok over som manager for Genoa i november.  Foto: Gino Mancini\/IPA Sport \/ ipa-agency.net \/ Pa Photos \/ NTB\" class=\"_image_jw3bv_65 layout-component layout-normal\" data-fullscreen- data-track-element-type=\"Article image fullscreen\" data-track-name=\"ImageFullscreen\" decoding=\"async\" loading=\"lazy\" height=\"3543\" itemprop=\"image\"  src=\"https:\/\/www.europesays.com\/no\/wp-content\/uploads\/2026\/03\/1d42bc4c-185d-4345-9e79-5c881ba27598.jpeg\"  style=\"object-position:0% 0%\" width=\"5315\"\/>Daniele De Rossi tok over som manager for Genoa i november.  Foto: Gino Mancini\/IPA Sport \/ ipa-agency.net \/ Pa Photos \/ NTB<\/p>\n<p class=\"_paragraph_145nj_4 _paragraph_6fko5_10 layout-component text-serif-m layout-normal text-serif-m layout-padded\">\u2013 Heldigvis s\u00e5 var han \u00e6rlig, legger Thorsby til.<\/p>\n<p class=\"_paragraph_145nj_4 _paragraph_6fko5_10 layout-component text-serif-m layout-normal text-serif-m layout-padded\">Med \u00e6rligheten fulgte ogs\u00e5 et enormt press.<\/p>\n<p class=\"_paragraph_145nj_4 _paragraph_6fko5_10 layout-component text-serif-m layout-normal text-serif-m layout-padded\">\u2013 Jeg f\u00f8lte meg ganske desperat for \u00e5 komme meg bort. P\u00e5 slutten der var jeg ekstremt keen p\u00e5 \u00e5 f\u00e5 det gjennomf\u00f8rt, og var villig til \u00e5 gj\u00f8re nesten alt for \u00e5 f\u00e5 det gjort. <\/p>\n<p class=\"_paragraph_145nj_4 _paragraph_6fko5_10 layout-component text-serif-m layout-normal text-serif-m layout-padded\">Kontrakten med Genoa gikk egentlig ut til sommeren.<\/p>\n<p class=\"_paragraph_145nj_4 _paragraph_6fko5_10 layout-component text-serif-m layout-normal text-serif-m layout-padded\">\u2013 I en annen situasjon kunne jeg tenkt at jeg skulle blitt et halvt \u00e5r til, og s\u00e5 v\u00e6rt free transfer til sommeren. Da kunne jeg valgt \u00e5 g\u00e5 hvor jeg ville, som kanskje ogs\u00e5 hadde v\u00e6rt enda mer lukrativt \u00f8konomisk. <\/p>\n<p class=\"_paragraph_145nj_4 _paragraph_6fko5_10 layout-component text-serif-m layout-normal text-serif-m layout-padded\">Men i 2026 er det en ting som trumfer alt annet: VM.<\/p>\n<p><img alt=\"Foto: Bj\u00f8rn S. Delebekk \/ VG\" class=\"_image_jw3bv_65 layout-component layout-normal\" data-fullscreen- data-track-element-type=\"Article image fullscreen\" data-track-name=\"ImageFullscreen\" decoding=\"async\" loading=\"lazy\" height=\"5504\" itemprop=\"image\"  src=\"https:\/\/www.europesays.com\/no\/wp-content\/uploads\/2026\/03\/3fa314df-12ac-4099-98cb-fecb841f5a39.jpeg\"  style=\"object-position:0% 0%\" width=\"8256\"\/>Foto: Bj\u00f8rn S. Delebekk \/ VG<\/p>\n<p class=\"_paragraph_145nj_4 _paragraph_6fko5_10 layout-component text-serif-m layout-normal text-serif-m layout-padded\">Det var ikke alle i Genoa som mente det var greit \u00e5 selge til en annen klubb som kjemper for \u00e5 unng\u00e5 nedrykk.<\/p>\n<p class=\"_paragraph_145nj_4 _paragraph_6fko5_10 layout-component text-serif-m layout-normal text-serif-m layout-padded\">\u2013 Heldigvis s\u00e5 f\u00f8ler jeg at jeg greide \u00e5 ta vare p\u00e5 alle relasjonene og at vi skilte lag p\u00e5 en god m\u00e5te. Jeg fikk ogs\u00e5 en fin avskjed med fansen. Genoa er jo en klubb som jeg har f\u00e5tt ganske sterke b\u00e5nd til.<\/p>\n<p class=\"_paragraph_145nj_4 _paragraph_6fko5_10 layout-component text-serif-m layout-normal text-serif-m layout-padded\">Han understreker at han p\u00e5 ingen m\u00e5te f\u00f8lte seg presset ut, og at overgangen var noe han satte i bevegelse selv. <\/p>\n<p><img alt=\"Thorsby fikk takket Genoa-fansen da Cremonese tok imot gamleklubben 15. februar.  Foto: EMANUELE PENNACCHIO \/ EPA \/ NTB\" class=\"_image_jw3bv_65 layout-component layout-normal\" data-fullscreen- data-track-element-type=\"Article image fullscreen\" data-track-name=\"ImageFullscreen\" decoding=\"async\" loading=\"lazy\" height=\"1752\" itemprop=\"image\"  src=\"https:\/\/www.europesays.com\/no\/wp-content\/uploads\/2026\/03\/4f5248f3-c4d1-42b7-aa0c-fb76f79d5687.jpeg\"  style=\"object-position:0% 0%\" width=\"2627\"\/>Thorsby fikk takket Genoa-fansen da Cremonese tok imot gamleklubben 15. februar.  Foto: EMANUELE PENNACCHIO \/ EPA \/ NTB<\/p>\n<p class=\"_paragraph_145nj_4 _paragraph_6fko5_10 layout-component text-serif-m layout-normal text-serif-m layout-padded\">Konkurransen om \u00e5 bli en del av landslagstroppen har aldri v\u00e6rt hardere. Spilletid i hjemlig liga har aldri v\u00e6rt viktigere.<\/p>\n<p class=\"_paragraph_145nj_4 _paragraph_6fko5_10 layout-component text-serif-m layout-normal text-serif-m layout-padded\">\u2013 VM er jo den store dr\u00f8mmen og dette er kanskje den eneste muligheten jeg f\u00e5r til \u00e5 v\u00e6re med. Man har v\u00e6rt med p\u00e5 reisen over lang tid, s\u00e5 man f\u00f8ler jo at n\u00e5 er gulroten her, som man har lyst til \u00e5 ta en del av. <\/p>\n<p class=\"_paragraph_145nj_4 _paragraph_6fko5_10 layout-component text-serif-m layout-normal text-serif-m layout-padded\">Smilende melankolsk sl\u00e5r han fast at han er p\u00e5 et veldig bra sted om dagen. Samtidig var det \u00e5penbart ikke bare lett \u00e5 forlate Genoa.<\/p>\n<p class=\"_paragraph_145nj_4 _paragraph_6fko5_10 layout-component text-serif-m layout-normal text-serif-m layout-padded\">\u2013 Det er helt klart at ambisjonen om \u00e5 spille VM har g\u00e5tt over alt annet det halv\u00e5ret her.<\/p>\n<p class=\"_paragraph_145nj_4 _paragraph_6fko5_10 layout-component text-serif-m layout-normal text-serif-m layout-padded\">\u2013 Hva gj\u00f8r du med huset ditt i Genova n\u00e5? <\/p>\n<p class=\"_paragraph_145nj_4 _paragraph_6fko5_10 layout-component text-serif-m layout-normal text-serif-m layout-padded\">\u2013 N\u00e5 er det hytte forel\u00f8pig, da. Jeg har to timer ned dit, s\u00e5 n\u00e5r jeg har fri s\u00e5 drar jeg ned dit. Det var ogs\u00e5 en ting som gjorde at det var fint \u00e5 bytte hit, at jeg visste det var kort vei ned dit.<\/p>\n<p><img alt=\"Foto: Bj\u00f8rn S. Delebekk \/ VG\" class=\"_image_jw3bv_65 layout-component layout-normal\" data-fullscreen- data-track-element-type=\"Article image fullscreen\" data-track-name=\"ImageFullscreen\" decoding=\"async\" loading=\"lazy\" height=\"5504\" itemprop=\"image\"  src=\"https:\/\/www.europesays.com\/no\/wp-content\/uploads\/2026\/03\/6dac6047-827a-4785-a341-b444f56899c6.jpeg\"  style=\"object-position:0% 0%\" width=\"8256\"\/>Foto: Bj\u00f8rn S. Delebekk \/ VG<\/p>\n<p class=\"_paragraph_145nj_4 _paragraph_6fko5_10 layout-component text-serif-m layout-normal text-serif-m layout-padded\">P\u00e5 onsdag tok St\u00e5le Solbakken ut <a href=\"https:\/\/www.vg.no\/sport\/i\/y5EjkK\/fant-plass-til-to-nye-glimt-spillere-oedegaard-ute\" data-track-element-type=\"Link\" data-track-id=\"link:y5EjkK\" class=\"_link_145nj_39\" rel=\"nofollow noopener\" target=\"_blank\">troppen<\/a> til den siste landslagssamlingen f\u00f8r VM i juni. Thorsby er med.<\/p>\n<p class=\"_paragraph_145nj_4 _paragraph_6fko5_10 layout-component text-serif-m layout-normal text-serif-m layout-padded\">Det er likevel ingen garanti for at han f\u00e5r v\u00e6re med til VM. <a href=\"https:\/\/www.vg.no\/sport\/i\/k0wogB\/overrasket-over-doennum-vraking-veldig-rart\" data-track-element-type=\"Link\" data-track-id=\"link:k0wogB\" class=\"_link_145nj_39\" rel=\"nofollow noopener\" target=\"_blank\">Vrakingen av Aron D\u00f8nnum<\/a>, som har v\u00e6rt fast inventar de to siste \u00e5rene, vitner om den harde konkurransen.<\/p>\n<p class=\"_paragraph_145nj_4 _paragraph_6fko5_10 layout-component text-serif-m layout-normal text-serif-m layout-padded\">I 1\u20134-seieren mot Italia i h\u00f8st, sto Thorsby for to assist. I 3\u20130-seieren p\u00e5 Ullevaal i juni var han nest sist p\u00e5 ballen f\u00f8r Antonio Nusa satte inn 2\u20130.<\/p>\n<p class=\"_paragraph_145nj_4 _paragraph_6fko5_10 layout-component text-serif-m layout-normal text-serif-m layout-padded\">Siden den gang har Fredrik Aursnes gitt beskjed om at han er klar for \u00e5 gj\u00f8re comeback med flagget p\u00e5 brystet. Benfica-profilen valgte bort landslaget og spilte sin siste landskamp mot Skottland i november 2023. <\/p>\n<p class=\"_paragraph_145nj_4 _paragraph_6fko5_10 layout-component text-serif-m layout-normal text-serif-m layout-padded\">Aursnes sliter for tiden med en strekk og har meldt forfall til kampene mot Nederland og Sveits, men det er ingen tvil om at comebacket tilspisser konkurransen for Thorsby.<\/p>\n<p class=\"_paragraph_145nj_4 _paragraph_6fko5_10 layout-component text-serif-m layout-normal text-serif-m layout-padded\">\u2013 N\u00e5r han melder seg klar, er du da litt s\u00e5nn \u00abfader og &#8230;\u00bb? <\/p>\n<p class=\"_paragraph_145nj_4 _paragraph_6fko5_10 layout-component text-serif-m layout-normal text-serif-m layout-padded\">\u2013 Hehe. Norge skal v\u00e6re veldig glad for det. Og det er klart at Fredrik hadde sine grunner for \u00e5 gj\u00f8re det. Det blir ekstra t\u00f8ff konkurranse, men det er bra for Norge.<\/p>\n<p><img alt=\"Foto: Bj\u00f8rn S. Delebekk \/ VG\" class=\"_image_jw3bv_65 layout-component layout-normal\" data-fullscreen- data-track-element-type=\"Article image fullscreen\" data-track-name=\"ImageFullscreen\" decoding=\"async\" loading=\"lazy\" height=\"5504\" itemprop=\"image\"  src=\"https:\/\/www.europesays.com\/no\/wp-content\/uploads\/2026\/03\/ed8561d0-bc35-4bbb-b5fd-18f1971d8dc1.jpeg\"  style=\"object-position:0% 0%\" width=\"8256\"\/>Foto: Bj\u00f8rn S. Delebekk \/ VG<\/p>\n<p class=\"_paragraph_145nj_4 _paragraph_6fko5_10 layout-component text-serif-m layout-normal text-serif-m layout-padded\">\u2013 Det er f\u00e5 ganger det har v\u00e6rt vanskeligere \u00e5 v\u00e6re landslagssjef tror jeg, i forhold til hvilke spillere du skal ta ut. Jeg tror ikke han synes det er en veldig morsom jobb \u00e5 ta ut den troppen, fordi det er veldig mange gode spillere n\u00e5 som kunne fortjent \u00e5 v\u00e6re med. <\/p>\n<p class=\"_paragraph_145nj_4 _paragraph_6fko5_10 layout-component text-serif-m layout-normal text-serif-m layout-padded\">Og det er noen som kommer til \u00e5 bli skuffet etter uttaket i mai.<\/p>\n<p class=\"_paragraph_145nj_4 _paragraph_6fko5_10 layout-component text-serif-m layout-normal text-serif-m layout-padded\">\u2013 S\u00e5nn er det. S\u00e5nn er toppidretten.<\/p>\n<p class=\"_paragraph_145nj_4 _paragraph_6fko5_10 layout-component text-serif-m layout-normal text-serif-m layout-padded\">Han tar seg friheten til \u00e5 vurdere sine egne muligheter litt n\u00e6rmere.<\/p>\n<p class=\"_paragraph_145nj_4 _paragraph_6fko5_10 layout-component text-serif-m layout-normal text-serif-m layout-padded\">\u2013 Jeg er jo litt annerledes enn mange av de andre typene p\u00e5 laget. Det kan jo spille mot min fordel, men ogs\u00e5 til min fordel. <\/p>\n<p class=\"_paragraph_145nj_4 _paragraph_6fko5_10 layout-component text-serif-m layout-normal text-serif-m layout-padded\">\u2013 P\u00e5 hvilken m\u00e5te, tenker du? <\/p>\n<p class=\"_paragraph_145nj_4 _paragraph_6fko5_10 layout-component text-serif-m layout-normal text-serif-m layout-padded\">\u2013 Nei, alts\u00e5, jeg er jo p\u00e5 en m\u00e5te en litt mer &#8230; Det er veldig mange tekniske, gode midtbanespillere n\u00e5, som er gode med ballen. Jeg er kanskje en litt mer gjennombruddsfysisk og l\u00f8pskraftig spiller. Samtidig som jeg kanskje har noen defensive kvaliteter som kan komme godt med i noen type kampbilder.<\/p>\n","protected":false},"excerpt":{"rendered":"Stadio Giovanni Zini har med sine 15.000 seter plass til en femtedel av Cremonas befolkning. Fotballen st\u00e5r med&hellip;\n","protected":false},"author":2,"featured_media":193813,"comment_status":"","ping_status":"","sticky":false,"template":"","format":"standard","meta":{"footnotes":"","_share_on_mastodon":"0"},"categories":[59],"tags":[4472,3163,5395,30,28,29,83,82],"class_list":["post-193812","post","type-post","status-publish","format-standard","has-post-thumbnail","category-sport","tag-fotball-vm","tag-herrelandslaget-fotball","tag-morten-thorsby","tag-no","tag-norge","tag-norway","tag-sport","tag-sports"],"share_on_mastodon":{"url":"https:\/\/pubeurope.com\/@no\/116269425983394270","error":""},"_links":{"self":[{"href":"https:\/\/www.europesays.com\/no\/wp-json\/wp\/v2\/posts\/193812","targetHints":{"allow":["GET"]}}],"collection":[{"href":"https:\/\/www.europesays.com\/no\/wp-json\/wp\/v2\/posts"}],"about":[{"href":"https:\/\/www.europesays.com\/no\/wp-json\/wp\/v2\/types\/post"}],"author":[{"embeddable":true,"href":"https:\/\/www.europesays.com\/no\/wp-json\/wp\/v2\/users\/2"}],"replies":[{"embeddable":true,"href":"https:\/\/www.europesays.com\/no\/wp-json\/wp\/v2\/comments?post=193812"}],"version-history":[{"count":0,"href":"https:\/\/www.europesays.com\/no\/wp-json\/wp\/v2\/posts\/193812\/revisions"}],"wp:featuredmedia":[{"embeddable":true,"href":"https:\/\/www.europesays.com\/no\/wp-json\/wp\/v2\/media\/193813"}],"wp:attachment":[{"href":"https:\/\/www.europesays.com\/no\/wp-json\/wp\/v2\/media?parent=193812"}],"wp:term":[{"taxonomy":"category","embeddable":true,"href":"https:\/\/www.europesays.com\/no\/wp-json\/wp\/v2\/categories?post=193812"},{"taxonomy":"post_tag","embeddable":true,"href":"https:\/\/www.europesays.com\/no\/wp-json\/wp\/v2\/tags?post=193812"}],"curies":[{"name":"wp","href":"https:\/\/api.w.org\/{rel}","templated":true}]}}