{"id":193884,"date":"2026-03-22T00:03:11","date_gmt":"2026-03-22T00:03:11","guid":{"rendered":"https:\/\/www.europesays.com\/no\/193884\/"},"modified":"2026-03-22T00:03:11","modified_gmt":"2026-03-22T00:03:11","slug":"minst-64-personer-drept-i-angrep-mot-sykehus","status":"publish","type":"post","link":"https:\/\/www.europesays.com\/no\/193884\/","title":{"rendered":"Minst 64 personer drept i angrep mot sykehus"},"content":{"rendered":"\n<p class=\"_lead_145nj_2 _lead_6fko5_53 layout-component text-serif-m layout-normal text-serif-l layout-component layout-wide layout-padded _wide_17hqh_1 layout-padded\">Minst 64 personer ble drept og 89 s\u00e5ret i et angrep mot sykehus i Sudan fredag kveld, if\u00f8lge Verdens helseorganisasjon (WHO), som har verifisert angrepet.<\/p>\n<ul aria-hidden=\"true\" class=\"_images_ntbth_112\">\n<li><a class=\"_link_ntbth_117\" href=\"https:\/\/www.vg.no\/forfatter\/ntb\" style=\"z-index:1\" title=\"NTB\" rel=\"nofollow noopener\" target=\"_blank\"><img alt=\"Bilde av NTB\" class=\"_image_ntbth_93\" fetchpriority=\"low\" loading=\"lazy\" decoding=\"async\" itemprop=\"image\"  src=\"https:\/\/www.europesays.com\/no\/wp-content\/uploads\/2026\/03\/1774137791_408_c33980b0-5d07-4027-84a1-813f90a7c8d6.jpeg\"  width=\"480\"\/><\/a><\/li>\n<\/ul>\n<p> Oppdatert l\u00f8rdag 21. mars kl. 22:57     <\/p>\n<p class=\"_paragraph_145nj_4 _paragraph_6fko5_10 layout-component text-serif-m layout-normal text-serif-m layout-padded\"> Blant de drepte i angrepet i \u00d8st-Darfur er 13 barn, \u00e5tte helsepersonell og flere pasienter, opplyser generalsekret\u00e6r Tedros Adhanom Ghebreyesus i en melding p\u00e5 <a href=\"https:\/\/x.com\/DrTedros\/status\/2035467783509873080\" class=\"_link_145nj_39\" rel=\"nofollow\">X<\/a>.<\/p>\n<p class=\"_paragraph_145nj_4 _paragraph_6fko5_10 layout-component text-serif-m layout-normal text-serif-m layout-padded\">Sykehuset i \u00d8st-Darfurs hovedstad Ed Daein er satt ute av drift som f\u00f8lge av de omfattende skadene fra angrepet.<\/p>\n<p class=\"_paragraph_145nj_4 _paragraph_6fko5_10 layout-component text-serif-m layout-normal text-serif-m layout-padded\">\u2013 Resultatet er en kritisk forstyrrelse av n\u00f8dvendige helsetjenester, skriver Tedros.<\/p>\n<p class=\"_paragraph_145nj_4 _paragraph_6fko5_10 layout-component text-serif-m layout-normal text-serif-m layout-padded\">Til sammen har WHO verifisert over 2000 drepte i minst 213 angrep mot helsevesenet i <a href=\"https:\/\/www.vg.no\/tag\/sudan?utm_source=vg-article&amp;utm_medium=auto-tagger&amp;utm_campaign=lnwpAM\" class=\"_link_145nj_39\" rel=\"nofollow noopener\" target=\"_blank\">Sudan<\/a> i l\u00f8pet av krigen, som har vart i nesten tre \u00e5r.<\/p>\n","protected":false},"excerpt":{"rendered":"Minst 64 personer ble drept og 89 s\u00e5ret i et angrep mot sykehus i Sudan fredag kveld, if\u00f8lge&hellip;\n","protected":false},"author":2,"featured_media":193885,"comment_status":"","ping_status":"","sticky":false,"template":"","format":"standard","meta":{"footnotes":"","_share_on_mastodon":"0"},"categories":[12],"tags":[20,21,24,25,15,22,23,13,30,28,29,14,16,3918,26,27,42,1369,43,44,45],"class_list":["post-193884","post","type-post","status-publish","format-standard","has-post-thumbnail","category-verden","tag-breaking-news","tag-breakingnews","tag-featured-news","tag-featurednews","tag-headlines","tag-latest-news","tag-latestnews","tag-news","tag-no","tag-norge","tag-norway","tag-nyheter","tag-overskrifter","tag-sudan","tag-top-stories","tag-topstories","tag-verden","tag-verdens-helseorganisasjon-who","tag-world","tag-world-news","tag-worldnews"],"share_on_mastodon":{"url":"https:\/\/pubeurope.com\/@no\/116269901730214720","error":""},"_links":{"self":[{"href":"https:\/\/www.europesays.com\/no\/wp-json\/wp\/v2\/posts\/193884","targetHints":{"allow":["GET"]}}],"collection":[{"href":"https:\/\/www.europesays.com\/no\/wp-json\/wp\/v2\/posts"}],"about":[{"href":"https:\/\/www.europesays.com\/no\/wp-json\/wp\/v2\/types\/post"}],"author":[{"embeddable":true,"href":"https:\/\/www.europesays.com\/no\/wp-json\/wp\/v2\/users\/2"}],"replies":[{"embeddable":true,"href":"https:\/\/www.europesays.com\/no\/wp-json\/wp\/v2\/comments?post=193884"}],"version-history":[{"count":0,"href":"https:\/\/www.europesays.com\/no\/wp-json\/wp\/v2\/posts\/193884\/revisions"}],"wp:featuredmedia":[{"embeddable":true,"href":"https:\/\/www.europesays.com\/no\/wp-json\/wp\/v2\/media\/193885"}],"wp:attachment":[{"href":"https:\/\/www.europesays.com\/no\/wp-json\/wp\/v2\/media?parent=193884"}],"wp:term":[{"taxonomy":"category","embeddable":true,"href":"https:\/\/www.europesays.com\/no\/wp-json\/wp\/v2\/categories?post=193884"},{"taxonomy":"post_tag","embeddable":true,"href":"https:\/\/www.europesays.com\/no\/wp-json\/wp\/v2\/tags?post=193884"}],"curies":[{"name":"wp","href":"https:\/\/api.w.org\/{rel}","templated":true}]}}