{"id":194112,"date":"2026-03-22T09:53:11","date_gmt":"2026-03-22T09:53:11","guid":{"rendered":"https:\/\/www.europesays.com\/no\/194112\/"},"modified":"2026-03-22T09:53:11","modified_gmt":"2026-03-22T09:53:11","slug":"morgenrapport-vaer-tomte-tanken-pa-feil-sted-og-masseslagsmal-sorpa","status":"publish","type":"post","link":"https:\/\/www.europesays.com\/no\/194112\/","title":{"rendered":"Morgenrapport, V\u00e6r | \u00abT\u00f8mte tanken\u00bb p\u00e5 feil sted \u2013 og masseslagsm\u00e5l s\u00f8rp\u00e5"},"content":{"rendered":"\n<p><b>NAMDALEN: <\/b>Nattas hendelser fra Namdalen er for det meste av det l\u00f8rdagsnatt-aktige slaget, mens det i Trondheim har v\u00e6rt full krig mellom RBK og VIF supporterne f\u00f8r dagens eliteseriekamp. Vi tar Namdalen f\u00f8rst:<\/p>\n<p>L\u00f8rdag kveld var det promillekontroll p\u00e5 Gravikvegen i <b>Bindal. <\/b>Seks personer ble kontrollert, men ingen var p\u00e5virket og det ble dermed ingen reaksjoner.<\/p>\n<p>Klokka <b>01.41 <\/b>tok en patrulje i <b>Namsos <\/b>kontakt med en mann som urinerte p\u00e5 offentlig sted. Mannen som var i 20-\u00e5rene ble anmeldt for hendelsen.<\/p>\n<p>Klokka <b>02.57<\/b> oppdaget politiet nok en tissetrengt kar som ikke greide \u00e5 holde seg. Denne mannen, ogs\u00e5 denne i 20-\u00e5rene, \u00abt\u00f8mte tanken\u00bb utenfor Bj\u00f8rns Burger og ble ogs\u00e5 anmeldt.<\/p>\n<p>Ogs\u00e5 den siste hendelsen involverer en mann i 20-\u00e5rene, men denne gangen i N\u00e6r\u00f8ysund. Klokka <b>03.22 <\/b>oppdaget en patrulje mannen som satt p\u00e5 en benk i <b>R\u00f8rvik <\/b>sentrum, overstadig beruset. Politiet kj\u00f8rte mannen heim.<\/p>\n<p><b>Masseslagsm\u00e5l mellom fotballsupportere<\/b><\/p>\n<p>Politiet i Trondheim har i l\u00f8pet av natta h\u00e5ndtert flere sammenst\u00f8t mellom fotballsupportere fra RBK og VIF. F\u00f8rste melding kom klokka <b>22.45<\/b>, da over 50 supportere hadde braket sammen med Microbryggeriet. Noen personer var maskerte. Det ble ut\u00f8vd vold, brukt fyrverkeri og ut\u00f8vd skadeverk.<\/p>\n<p>Kl. <b>01. 24 <\/b>m\u00e5tte politiet p\u00e5 nytt rykke ut til en ny melding om et masseslagsm\u00e5l utl\u00f8st av RBK-supportere ved utestedet Three Lions.<\/p>\n<p>Kl. <b>02.09<\/b> var det igjen masseslagsm\u00e5l ved Scandic Nidelven, da fra VIF-supportere som angrep utenforst\u00e5ende.<\/p>\n<p>For \u00e5 opprettholde ro og orden, samt forebygge vold, har politiets patruljer tidvis fotfulgt de aktuelle grupperingene i Midtbyen. B\u00f8tesatsen for ordensforstyrrelser i Trondheim er \u00f8kt fra 10 000 til 17 000 kroner denne helga.<\/p>\n<p><b>Voldshendelse i Steinkjer<\/b><\/p>\n<p>Klokka 04.28 rykket politiet i <b>Steinkjer <\/b>rykket s\u00f8ndag morgen ut til en sentrumsn\u00e6r adresse, der to menn i 40-\u00e5rene skal ha r\u00f8ket uklar og tydd til vold mot hverandre.<\/p>\n<p>Det var den ene av de to involverte som selv kontaktet politiet. Ved ankomst fikk patruljen kontakt med den mistenkte, som var preget av det som antas \u00e5 ha v\u00e6rt et slagsm\u00e5l tidligere p\u00e5 kvelden. Vedkommende hadde behov for helsetilsyn, s\u00e5 politiet tok mannen med til legevakt.<\/p>\n<p>Innringeren selv kom seg p\u00e5 sykehus, opplyser operasjonsleder Trond Hangaas.<\/p>\n<p>Det opprettes sak p\u00e5 voldshendelsen.<\/p>\n<p>V\u00e6ret<\/p>\n<p>Her er meteorologens tekstvarsel for Tr\u00f8ndelag: S\u00f8rlig bris, liten til stiv kuling utsatte steder. For det meste skyet. Spredt regn. I ettermiddag s\u00f8rvest sterk kuling p\u00e5 kysten, i kveld liten og periodevis full storm. Regnbyger, sn\u00f8byger over 500\u2013800 m, synkende sn\u00f8grense i kveld. Utrygt for torden i ytre str\u00f8k. <\/p>\n<p>    Trafikken<\/p>\n<p>P\u00e5 E6 mellom Stein\u00e5moen og Aunet i <b>Namsskogan <\/b>er manuell dirigering og lysregulering som f\u00f8lge av vegarbeid. Vegen stenger i korte perioder.<\/p>\n<p>Det er ogs\u00e5 vegarbeid p\u00e5 E6 ved Tromselvbrua i <b>Namsskogan. <\/b>Fartsgrensa er satt til 50 km\/timen.<\/p>\n<p>P\u00e5 fylkesveg 6926 i <b>Namsos kommune <\/b>er det restriksjon p\u00e5 aksellast mellom Korsen og Fallet. Dette gjelder kj\u00f8ret\u00f8y med totalvek st\u00f8rre enn 28 tonn og aksellast st\u00f8rre enn 6 tonn.<\/p>\n<p>Mellom Bursvikbotn og Kjeldeidet i <b>Bindal<\/b> p\u00e5 fylkesveg 17 er det aksellastrestriksjon, og strekning nedsatt b\u00e6reevne med en \u00f8vre grense p\u00e5 8 tonns aksellast og 32 tonns totalvekt.<\/p>\n<p>P\u00e5 E6 i <b>Grong <\/b>ved Medj\u00e5brua i retning Mosj\u00f8en er det vegarbeid. Her er det ett stengt kj\u00f8refelt, som f\u00f8rer til endret kj\u00f8rem\u00f8nster. Omkj\u00f8ringen er skiltet. Vegvesenet ber trafikanter merke at avkj\u00f8ringsrampa er stengt, og at omkj\u00f8ring har h\u00f8yderestriksjon p\u00e5 fire meter.<\/p>\n<p>P\u00e5 Fv. 7040 ved J\u00f8reselvbrua i <b>Grong <\/b>er det vegarbeid og stengt veg. Omkj\u00f8ring er skiltet.<\/p>\n<p>Det p\u00e5g\u00e5r fortsatt arbeid p\u00e5 fylkesveg 6928 ved Utvorda i <b>Flatanger <\/b>etter raset. Omkj\u00f8ring er fremdeles skiltet, og fartsgrensa er satt til 30 km\/t.<\/p>\n<p><b>Slik ser vegene ut akkurat n\u00e5<\/b>:<\/p>\n<p>    Dagens str\u00f8mpriser<\/p>\n<p>    Hos NA i dag<\/p>\n<p>P\u00e5 Stene g\u00e5rd p\u00e5 \u00d8ysletta har Isak Stene (28) og Hanne Marthe Sundby R\u00f8stad (30) formet hverdagen sin rundt hundene. Ekteparet bygger n\u00e5 opp et spann for \u00e5 kunne delta i de store l\u00f8pene.<\/p>\n<p>  <a href=\"https:\/\/www.namdalsavisa.no\/5-121-1546120\" class=\"related-teaser has-image article--c-MkAkR\" rel=\"nofollow noopener\" target=\"_blank\"><\/p>\n<p>    <img decoding=\"async\" width=\"155\"  loading=\"lazy\"  src=\"https:\/\/www.europesays.com\/no\/wp-content\/uploads\/2026\/03\/IMG_0018.jpg\" alt=\"\" class=\"brick-c-cFOWSL\" style=\"\"\/><\/p>\n<p>\n            Les ogs\u00e5<\/p>\n<p>            Da Isak (28) og Hanne Marthe (30) fikk baby, hadde de 31 hunder p\u00e5 g\u00e5rden: \u2013 Det var litt travelt en stund\n        <\/p>\n<p>  <\/a><\/p>\n<p>En lottokupong som skaper forviklinger \u2013 og et publikum som fikk trimme b\u00e5de mage- og kjevemuskler. Det ble mye latter og en solid dose galskap fra scenen, da \u00d8ysletta grendelag slapp seg l\u00f8s i farsen \u00abMin bror og jeg\u00bb p\u00e5 \u00d8ysletta grendehus.<\/p>\n<p>  <a href=\"https:\/\/www.namdalsavisa.no\/5-121-1548313\" class=\"related-teaser has-image article--c-MkAkR\" rel=\"nofollow noopener\" target=\"_blank\"><\/p>\n<p>    <img decoding=\"async\" width=\"155\"  loading=\"lazy\"  src=\"https:\/\/www.europesays.com\/no\/wp-content\/uploads\/2026\/03\/Kultur+-+farse+%C3%98ysletta-12383.jpg\" alt=\"\" class=\"brick-c-cFOWSL\" style=\"\"\/><\/p>\n<p>\n            Les ogs\u00e5<\/p>\n<p>            Sleske lurendreiere, svindlere fra Harran og godtroende folk fra S\u00f8rsia\n        <\/p>\n<p>  <\/a><\/p>\n<p>\u2013 For meg er det ikke vanskelig, det har bare blitt naturlig. Men jeg skj\u00f8nner godt at det kan virke overveldende for mange i en travel hverdag.<\/p>\n<p>  <a href=\"https:\/\/www.namdalsavisa.no\/5-121-1548803\" class=\"related-teaser has-image article--c-MkAkR\" rel=\"nofollow noopener\" target=\"_blank\"><\/p>\n<p>    <img decoding=\"async\" width=\"155\"  loading=\"lazy\"  src=\"https:\/\/www.europesays.com\/no\/wp-content\/uploads\/2026\/03\/_HTH6201.jpg\" alt=\"\" class=\"brick-c-cFOWSL\" style=\"\"\/><\/p>\n<p>\n            Les ogs\u00e5<\/p>\n<p>            Hos Kristina (40) kommer ikke margarin over d\u00f8rstokken: \u2013 En myte at sunn mat er dyrere\n        <\/p>\n<p>  <\/a><\/p>\n","protected":false},"excerpt":{"rendered":"NAMDALEN: Nattas hendelser fra Namdalen er for det meste av det l\u00f8rdagsnatt-aktige slaget, mens det i Trondheim har&hellip;\n","protected":false},"author":2,"featured_media":3063,"comment_status":"","ping_status":"","sticky":false,"template":"","format":"standard","meta":{"footnotes":"","_share_on_mastodon":"0"},"categories":[5],"tags":[36,20,21,24,25,15,19,983,22,23,17,18,739,13,30,28,29,14,16,1510,26,27,224,553],"class_list":["post-194112","post","type-post","status-publish","format-standard","has-post-thumbnail","category-overskrifter","tag-art","tag-breaking-news","tag-breakingnews","tag-featured-news","tag-featurednews","tag-headlines","tag-hovedoppslag","tag-krim","tag-latest-news","tag-latestnews","tag-main-news","tag-mainnews","tag-morgenrapport","tag-news","tag-no","tag-norge","tag-norway","tag-nyheter","tag-overskrifter","tag-story","tag-top-stories","tag-topstories","tag-trafikk","tag-vaer"],"share_on_mastodon":{"url":"https:\/\/pubeurope.com\/@no\/116272221701702425","error":""},"_links":{"self":[{"href":"https:\/\/www.europesays.com\/no\/wp-json\/wp\/v2\/posts\/194112","targetHints":{"allow":["GET"]}}],"collection":[{"href":"https:\/\/www.europesays.com\/no\/wp-json\/wp\/v2\/posts"}],"about":[{"href":"https:\/\/www.europesays.com\/no\/wp-json\/wp\/v2\/types\/post"}],"author":[{"embeddable":true,"href":"https:\/\/www.europesays.com\/no\/wp-json\/wp\/v2\/users\/2"}],"replies":[{"embeddable":true,"href":"https:\/\/www.europesays.com\/no\/wp-json\/wp\/v2\/comments?post=194112"}],"version-history":[{"count":0,"href":"https:\/\/www.europesays.com\/no\/wp-json\/wp\/v2\/posts\/194112\/revisions"}],"wp:featuredmedia":[{"embeddable":true,"href":"https:\/\/www.europesays.com\/no\/wp-json\/wp\/v2\/media\/3063"}],"wp:attachment":[{"href":"https:\/\/www.europesays.com\/no\/wp-json\/wp\/v2\/media?parent=194112"}],"wp:term":[{"taxonomy":"category","embeddable":true,"href":"https:\/\/www.europesays.com\/no\/wp-json\/wp\/v2\/categories?post=194112"},{"taxonomy":"post_tag","embeddable":true,"href":"https:\/\/www.europesays.com\/no\/wp-json\/wp\/v2\/tags?post=194112"}],"curies":[{"name":"wp","href":"https:\/\/api.w.org\/{rel}","templated":true}]}}