{"id":194371,"date":"2026-03-22T16:57:07","date_gmt":"2026-03-22T16:57:07","guid":{"rendered":"https:\/\/www.europesays.com\/no\/194371\/"},"modified":"2026-03-22T16:57:07","modified_gmt":"2026-03-22T16:57:07","slug":"drommeapning-i-serien-fvn-no","status":"publish","type":"post","link":"https:\/\/www.europesays.com\/no\/194371\/","title":{"rendered":"(+) Dr\u00f8mme\u00e5pning i serien &#8211; fvn.no"},"content":{"rendered":"<ol>\n<li><a href=\"https:\/\/news.google.com\/rss\/articles\/CBMihAFBVV95cUxPRGw4YU9OQzNJTTg3dS1HdmZEVGc2S1FNLU00R21sc0R6b3JEaklwMVV4cVctSDdkbzdrYWJMU0pjanYxMFdHeDNwVTVkRWw3S2txMzZJVjB0TEpfRlF3Qy12VVIybzA2eGNZZ2gxdHVTbXRkTEUwSGUwX0tkNmZhN0g5NEQ?oc=5\" target=\"_blank\" rel=\"nofollow noopener\">(+) Dr\u00f8mme\u00e5pning i serien<\/a>&nbsp;&nbsp;fvn.no<\/li>\n<li><a href=\"https:\/\/news.google.com\/rss\/articles\/CBMimwFBVV95cUxONnZOQ3J2X0hucDZ1NVpQSGlVR1NpUGE0cmFNSjdyS3dlQ0VtQ19JRHgyRUQxbXdWTVR0U05Sd1Q4N3FXbkU0UWpYUXN1TnVwS0lRcWpLSkN1Z1ZCNEFXT3ZDLUVPTVcwMkpxaW1DajBGalFOOE5iZDg4VEM5bHlwT0xJUlM3U2NHQ2IwZmx2emRZSkdqdXBIY1hIRQ?oc=5\" target=\"_blank\" rel=\"nofollow noopener\">Sport, Lokalfotball | Start-sjokk for Fyllingsdalen, og NM-dr\u00f8mmen lever for Flaktveit<\/a>&nbsp;&nbsp;Bergensavisen<\/li>\n<li><a href=\"https:\/\/news.google.com\/rss\/articles\/CBMihAFBVV95cUxQUzdPdm1yNEtlOWZlaHVaRmhNLWlKRlhBODNDQ29HUjVaNmktV2ZHUE9ZQWtMajNxVkMxVkIycWF2dFp6M1lYV205ZDNOOUZkYWpqc1NfSTJYczJucGRKMzRYN19pUmdKZzlOeWs3TUpOZGNES2EzZ1drYlllTVkxVmE5d2g?oc=5\" target=\"_blank\" rel=\"nofollow noopener\">Redusering etter svak \u00e5pning<\/a>&nbsp;&nbsp;fvn.no<\/li>\n<li><a href=\"https:\/\/news.google.com\/rss\/articles\/CBMimwFBVV95cUxOaFFubkdoS3R6MHVwQVg2cjR1UlBzWnlqQlNDOXVUdWx0a1JYdUtsSmR4VV9KVHBjM2VhbTNVbHZ1a0EyREg0anlpMU14YWp3amhLODJyMmNUTndNMGxPTmlEVGIzSGxNT01SRVJybVpUalhrc3o4eGhha203LVl1eXBCbG1ZNXZYZkQ3QTRmMW81OVFPLUY1VFJqZw?oc=5\" target=\"_blank\" rel=\"nofollow noopener\">Har hentet millionbel\u00f8p p\u00e5 en m\u00e5ned: \u2013 Plass til mange flere<\/a>&nbsp;&nbsp;KRS &#8211; Avisen Kristiansand<\/li>\n<li><a href=\"https:\/\/news.google.com\/rss\/articles\/CBMilAFBVV95cUxNeTVBNVg0a3RNbTdJWmZuR1VERUFqUVNmeGphUU9KUFdRZjVBNlU2Z2N3OFoxbjdBQlVwQzVtdXdPWmdVakh2WEVOWWxaT3haa3RjVTh1QzlrTXNOVUN3NWFlZ1JLVTdBaHZHTnQ3ekVzTkVhSEhfSjJpVTNwMjhQdXdQSnQzNE9hclF0by10QlZNZEJz?oc=5\" target=\"_blank\" rel=\"nofollow noopener\">1. divisjon, kvinner: Fyllingsdalen &#8211; Start<\/a>&nbsp;&nbsp;TV2.no<\/li>\n<\/ol>\n","protected":false},"excerpt":{"rendered":"(+) Dr\u00f8mme\u00e5pning i serien&nbsp;&nbsp;fvn.no Sport, Lokalfotball | Start-sjokk for Fyllingsdalen, og NM-dr\u00f8mmen lever for Flaktveit&nbsp;&nbsp;Bergensavisen Redusering etter svak&hellip;\n","protected":false},"author":2,"featured_media":194372,"comment_status":"","ping_status":"","sticky":false,"template":"","format":"standard","meta":{"footnotes":"","_share_on_mastodon":"0"},"categories":[59],"tags":[3817,5285,19214,30,28,29,83,82],"class_list":["post-194371","post","type-post","status-publish","format-standard","has-post-thumbnail","category-sport","tag-1-divisjon","tag-fyllingsdalen","tag-ik-start-kvinner","tag-no","tag-norge","tag-norway","tag-sport","tag-sports"],"share_on_mastodon":{"url":"https:\/\/pubeurope.com\/@no\/116273888944528116","error":""},"_links":{"self":[{"href":"https:\/\/www.europesays.com\/no\/wp-json\/wp\/v2\/posts\/194371","targetHints":{"allow":["GET"]}}],"collection":[{"href":"https:\/\/www.europesays.com\/no\/wp-json\/wp\/v2\/posts"}],"about":[{"href":"https:\/\/www.europesays.com\/no\/wp-json\/wp\/v2\/types\/post"}],"author":[{"embeddable":true,"href":"https:\/\/www.europesays.com\/no\/wp-json\/wp\/v2\/users\/2"}],"replies":[{"embeddable":true,"href":"https:\/\/www.europesays.com\/no\/wp-json\/wp\/v2\/comments?post=194371"}],"version-history":[{"count":0,"href":"https:\/\/www.europesays.com\/no\/wp-json\/wp\/v2\/posts\/194371\/revisions"}],"wp:featuredmedia":[{"embeddable":true,"href":"https:\/\/www.europesays.com\/no\/wp-json\/wp\/v2\/media\/194372"}],"wp:attachment":[{"href":"https:\/\/www.europesays.com\/no\/wp-json\/wp\/v2\/media?parent=194371"}],"wp:term":[{"taxonomy":"category","embeddable":true,"href":"https:\/\/www.europesays.com\/no\/wp-json\/wp\/v2\/categories?post=194371"},{"taxonomy":"post_tag","embeddable":true,"href":"https:\/\/www.europesays.com\/no\/wp-json\/wp\/v2\/tags?post=194371"}],"curies":[{"name":"wp","href":"https:\/\/api.w.org\/{rel}","templated":true}]}}