{"id":19439,"date":"2025-08-27T13:50:20","date_gmt":"2025-08-27T13:50:20","guid":{"rendered":"https:\/\/www.europesays.com\/no\/19439\/"},"modified":"2025-08-27T13:50:20","modified_gmt":"2025-08-27T13:50:20","slug":"kjor-elbil-dette-er-viktigst-nar-nordmenn-kjoper-elbil","status":"publish","type":"post","link":"https:\/\/www.europesays.com\/no\/19439\/","title":{"rendered":"Kj\u00f8r, Elbil | Dette er viktigst n\u00e5r nordmenn kj\u00f8per elbil"},"content":{"rendered":"\n<p>Av 16 alternativer rangerer bilens rekkevidde klart h\u00f8yest, foran b\u00e5de pris og ladehastighet. Over 15.200 elbilister har svart p\u00e5 unders\u00f8kelsen.<\/p>\n<p><b>\u2013 Det er interessant og kanskje litt overraskende at rekkevidde fremdeles er s\u00e5 viktig, n\u00e5 som de fleste nye biler har over 500 kilometers rekkevidde, sier generalsekret\u00e6r Christina Bu i Elbilforeningen.<\/b><\/p>\n<p>Hun peker p\u00e5 at ladehastighet burde rangere h\u00f8yere p\u00e5 listen.<\/p>\n<p>\u2013 F\u00e5r du ladet bilen raskt, blir pausen kortere og du kommer deg raskere videre. Man b\u00f8r ikke bare se seg blind p\u00e5 rekkevidde, men ogs\u00e5 sjekke hvor fort bilen lader, sier Bu.<\/p>\n<p>  <a href=\"https:\/\/www.tb.no\/5-76-2635091\" class=\"related-teaser has-image default-story-teaser article--c-eRUmMG article--c-eRUmMG-jKCPdD-design-default\" rel=\"nofollow noopener\" target=\"_blank\"><\/p>\n<p>    <img decoding=\"async\" loading=\"lazy\"  src=\"https:\/\/www.europesays.com\/no\/wp-content\/uploads\/2025\/08\/fda72d8b-10d9-444c-9577-51bc38bbf205.jpeg\" alt=\"\" class=\"brick-c-cFOWSL\" style=\"\"\/><\/p>\n<p>\n            Les ogs\u00e5<\/p>\n<p>              Her kan mange g\u00e5 i fella: \u2013 Det kan g\u00e5 utover trafikksikkerheten\n        <\/p>\n<p>  <\/a><\/p>\n<p>Blant yngre bilkj\u00f8pere under 44 \u00e5r er pris viktigst, mens rekkevidde kommer p\u00e5 andreplass.<\/p>\n<p><b>Elbilforeningen mener utviklingen med lengre rekkevidde og stadig bedre ladehastighet gj\u00f8r at tidligere \u00abulemper\u00bb ved elbil vil forsvinne.<\/b><\/p>\n<p>\u2013 Teknologien viser vei og tar oss til utslippsfrie biler som har alt vi trenger n\u00e5r vi f\u00f8rst har behov for en bil, sier Bu.<\/p>\n<p>Unders\u00f8kelsen er gjennomf\u00f8rt for 14. gang og ble utf\u00f8rt i perioden 2. april til 7. mai i \u00e5r.<\/p>\n<p>  <a href=\"https:\/\/www.tb.no\/5-76-2634386\" class=\"related-teaser has-image default-story-teaser article--c-eRUmMG article--c-eRUmMG-jKCPdD-design-default\" rel=\"nofollow noopener\" target=\"_blank\"><\/p>\n<p>    <img decoding=\"async\" loading=\"lazy\"  src=\"https:\/\/www.europesays.com\/no\/wp-content\/uploads\/2025\/08\/Billigere+i+bommene.bin\" alt=\"\" class=\"brick-c-cFOWSL\" style=\"\"\/><\/p>\n<p>\n            Les ogs\u00e5<\/p>\n<p>              Frp-Morten har kj\u00f8pt seg elbil: \u2013 Noen partifeller setter sp\u00f8rsm\u00e5lstegn ved valget\n        <\/p>\n<p>  <\/a><\/p>\n<p>Les mer om: artikkelemnene<\/p>\n","protected":false},"excerpt":{"rendered":"Av 16 alternativer rangerer bilens rekkevidde klart h\u00f8yest, foran b\u00e5de pris og ladehastighet. Over 15.200 elbilister har svart&hellip;\n","protected":false},"author":2,"featured_media":19440,"comment_status":"","ping_status":"","sticky":false,"template":"","format":"standard","meta":{"footnotes":""},"categories":[56],"tags":[36,60,61,267,3364,62,30,28,29,3365,1510],"class_list":{"0":"post-19439","1":"post","2":"type-post","3":"status-publish","4":"format-standard","5":"has-post-thumbnail","7":"category-naeringsliv","8":"tag-art","9":"tag-business","10":"tag-economy","11":"tag-elbil","12":"tag-kjor","13":"tag-naeringsliv","14":"tag-no","15":"tag-norge","16":"tag-norway","17":"tag-rekkevidde","18":"tag-story"},"share_on_mastodon":{"url":"","error":""},"_links":{"self":[{"href":"https:\/\/www.europesays.com\/no\/wp-json\/wp\/v2\/posts\/19439","targetHints":{"allow":["GET"]}}],"collection":[{"href":"https:\/\/www.europesays.com\/no\/wp-json\/wp\/v2\/posts"}],"about":[{"href":"https:\/\/www.europesays.com\/no\/wp-json\/wp\/v2\/types\/post"}],"author":[{"embeddable":true,"href":"https:\/\/www.europesays.com\/no\/wp-json\/wp\/v2\/users\/2"}],"replies":[{"embeddable":true,"href":"https:\/\/www.europesays.com\/no\/wp-json\/wp\/v2\/comments?post=19439"}],"version-history":[{"count":0,"href":"https:\/\/www.europesays.com\/no\/wp-json\/wp\/v2\/posts\/19439\/revisions"}],"wp:featuredmedia":[{"embeddable":true,"href":"https:\/\/www.europesays.com\/no\/wp-json\/wp\/v2\/media\/19440"}],"wp:attachment":[{"href":"https:\/\/www.europesays.com\/no\/wp-json\/wp\/v2\/media?parent=19439"}],"wp:term":[{"taxonomy":"category","embeddable":true,"href":"https:\/\/www.europesays.com\/no\/wp-json\/wp\/v2\/categories?post=19439"},{"taxonomy":"post_tag","embeddable":true,"href":"https:\/\/www.europesays.com\/no\/wp-json\/wp\/v2\/tags?post=19439"}],"curies":[{"name":"wp","href":"https:\/\/api.w.org\/{rel}","templated":true}]}}