{"id":194546,"date":"2026-03-22T21:50:11","date_gmt":"2026-03-22T21:50:11","guid":{"rendered":"https:\/\/www.europesays.com\/no\/194546\/"},"modified":"2026-03-22T21:50:11","modified_gmt":"2026-03-22T21:50:11","slug":"ingen-tegn-til-glimt-hangover-valset-over-lsk","status":"publish","type":"post","link":"https:\/\/www.europesays.com\/no\/194546\/","title":{"rendered":"Ingen tegn til Glimt-hangover \u2013 valset over LSK"},"content":{"rendered":"\n<p class=\"_lead_145nj_2 _lead_6fko5_53 layout-component text-serif-m layout-normal text-serif-l layout-component layout-wide layout-padded _wide_17hqh_1 layout-padded\">Det var knyttet spenning til hvordan Bod\u00f8\/Glimts m\u00f8te med hverdagen skulle bli. S\u00e5 langt ingen fare.<\/p>\n<ul class=\"_gallery_1qa3s_23\" tabindex=\"0\">\n<li class=\"_item_1qa3s_37\" data-index=\"0\"><img fetchpriority=\"high\" decoding=\"async\" class=\"_image_foru8_23 _introGallery_foru8_43\" data-fullscreen- width=\"4391\" height=\"2927\" itemprop=\"image\" loading=\"eager\"  src=\"https:\/\/www.europesays.com\/no\/wp-content\/uploads\/2026\/03\/9d047ea8-9462-4d75-aba5-fe1e8f06afc5.jpeg\"  style=\"object-position:50% 50%;aspect-ratio:var(--gallery-aspect-ratio, 16 \/ 9)\"\/>Foto: Mats Torbergsen \/ NTB<\/li>\n<li class=\"_item_1qa3s_37\" data-index=\"1\"><img decoding=\"async\" class=\"_image_foru8_23 _introGallery_foru8_43\" data-fullscreen- width=\"2578\" height=\"1718\" itemprop=\"image\" loading=\"lazy\"  src=\"https:\/\/www.europesays.com\/no\/wp-content\/uploads\/2026\/03\/bd835ab9-d8c9-4d29-8e9f-1eb0fd5b47fc.jpeg\"  style=\"object-position:50% 50%;aspect-ratio:var(--gallery-aspect-ratio, 16 \/ 9)\"\/>Foto: Mats Torbergsen \/ NTB<\/li>\n<li class=\"_item_1qa3s_37\" data-index=\"2\"><img decoding=\"async\" class=\"_image_foru8_23 _introGallery_foru8_43\" data-fullscreen- width=\"3873\" height=\"2582\" itemprop=\"image\" loading=\"lazy\"  src=\"https:\/\/www.europesays.com\/no\/wp-content\/uploads\/2026\/03\/fca15153-cc8e-4d2c-9469-ef5032414622.jpeg\"  style=\"object-position:50% 50%;aspect-ratio:var(--gallery-aspect-ratio, 16 \/ 9)\"\/>Foto: Mats Torbergsen \/ NTB<\/li>\n<\/ul>\n<p>Foto: Mats Torbergsen \/ NTB<\/p>\n<ul aria-hidden=\"true\" class=\"_images_ntbth_112\">\n<li><a class=\"_link_ntbth_117\" href=\"https:\/\/www.vg.no\/forfatter\/jens-friberg\" style=\"z-index:1\" title=\"Jens Friberg\" rel=\"nofollow noopener\" target=\"_blank\"><img alt=\"Bilde av Jens Friberg\" class=\"_image_ntbth_93\" fetchpriority=\"low\" loading=\"lazy\" decoding=\"async\" itemprop=\"image\"  src=\"https:\/\/www.europesays.com\/no\/wp-content\/uploads\/2026\/03\/1774216211_51_d5a4433c-4b68-4c86-a3bf-a19d98457272.png\"  width=\"480\"\/><\/a><\/li>\n<\/ul>\n<p> Oppdatert s\u00f8ndag 22. mars kl. 21:26     <\/p>\n<p class=\"_paragraph_145nj_4 _paragraph_6fko5_10 layout-component text-serif-m layout-normal text-serif-m layout-padded\"><a href=\"https:\/\/www.vg.no\/tag\/eliteserien?utm_source=vg-article&amp;utm_medium=auto-tagger&amp;utm_campaign=k0w4LL\" class=\"_link_145nj_39\" rel=\"nofollow noopener\" target=\"_blank\">Eliteserien<\/a> og cupen er v\u00e5rt vann og br\u00f8d, sa stopper Jostein Gundersen etter 0\u20135-tapet mot Sporting tirsdag.<\/p>\n<p class=\"_paragraph_145nj_4 _paragraph_6fko5_10 layout-component text-serif-m layout-normal text-serif-m layout-padded\">Champions League-eventyret fikk en br\u00e5 og brutal slutt. N\u00e5 er det tilbake til hverdagen, fra Manchester City, Atl\u00e9tico Madrid og Inter til Lillestr\u00f8m hjemme i kvartfinalen av cupen.<\/p>\n<p class=\"_paragraph_145nj_4 _paragraph_6fko5_10 layout-component text-serif-m layout-normal text-serif-m layout-padded\">\u2013 Det er noe av det vi har jobbet mest med denne uken: \u00c5 nullstille og komme tilbake til hverdagen, sier Sondre Auklend til TV 2.<\/p>\n<p class=\"_paragraph_145nj_4 _paragraph_6fko5_10 layout-component text-serif-m layout-normal text-serif-m layout-padded\">P\u00e5 forh\u00e5nd ble det meldt om <a href=\"https:\/\/www.vg.no\/sport\/i\/y5EQwK\/bodoe-glimt-med-labert-billettsalg-for-kvartfinalen-mot-lillestroem\" data-track-element-type=\"Link\" data-track-id=\"link:y5EQwK\" class=\"_link_145nj_39\" rel=\"nofollow noopener\" target=\"_blank\">beskjedent billettsalg<\/a>. P\u00e5 Aspmyra var det et gyselig regnv\u00e6r.<\/p>\n<p class=\"_paragraph_145nj_4 _paragraph_6fko5_10 layout-component text-serif-m layout-normal text-serif-m layout-padded\">De som h\u00e5pet p\u00e5 en Glimt-hangover m\u00e5 imidlertid s\u00e5 langt se seg skuffet. Kjetil Knutsen m\u00f8nstret et n\u00e6r toppet mannskap, og fikk betalt:<\/p>\n<p class=\"_paragraph_145nj_4 _paragraph_6fko5_10 layout-component text-serif-m layout-normal text-serif-m layout-padded\">Kasper H\u00f8ghs dobbel, Sondre Aukland (en riktig perle) og H\u00e5kon Evjen s\u00f8rget for at de vendte hjem til norsk fotball p\u00e5 solid vis.<\/p>\n<p class=\"_paragraph_145nj_4 _paragraph_6fko5_10 layout-component text-serif-m layout-normal text-serif-m layout-padded\">Fikk du med deg den avgj\u00f8rende straffesituasjonen tirsdag?<\/p>\n<p class=\"_paragraph_145nj_4 _paragraph_6fko5_10 layout-component text-serif-m layout-normal text-serif-m layout-padded\">Ikke det at Lillestr\u00f8m var sjansel\u00f8se. Hans Erik \u00d8degaards seiersvante mannskap \u2013 som ogs\u00e5 vant cupen i 2025 \u2013 var fullt p\u00e5 h\u00f8yde spesielt de f\u00f8rste 45. <\/p>\n<p class=\"_paragraph_145nj_4 _paragraph_6fko5_10 layout-component text-serif-m layout-normal text-serif-m layout-padded\">Thomas Lehne Olsen fikk kampens f\u00f8rste store sjanse.<\/p>\n<p class=\"_paragraph_145nj_4 _paragraph_6fko5_10 layout-component text-serif-m layout-normal text-serif-m layout-padded\">\u2013 Jeg m\u00e5 score p\u00e5 sjansen jeg f\u00e5r, sier spissprofilen til TV 2 i pausen.<\/p>\n<p class=\"_paragraph_145nj_4 _paragraph_6fko5_10 layout-component text-serif-m layout-normal text-serif-m layout-padded\">I annen omgang skrudde Bod\u00f8\/Glimt opp tempoet og niv\u00e5et et par hakk. Da ble de b\u00e5de ett og to nummer for store for gjestene fra Romerike.<\/p>\n<p class=\"_paragraph_145nj_4 _paragraph_6fko5_10 layout-component text-serif-m layout-normal text-serif-m layout-padded\">Lillestr\u00f8m tapte p\u00e5 sin side for f\u00f8rste gang siden desember 2024 \u2013 da selvf\u00f8lgelig ogs\u00e5 mot Bod\u00f8\/Glimt.<\/p>\n<p class=\"_paragraph_145nj_4 _paragraph_6fko5_10 layout-component text-serif-m layout-normal text-serif-m layout-padded\">Det er hele 476 dager uten et eneste tap i tellende oppgj\u00f8r, en rekke som endte denne s\u00f8ndagskvelden p\u00e5 Aspmyra.<\/p>\n<p class=\"_paragraph_145nj_4 _paragraph_6fko5_10 layout-component text-serif-m layout-normal text-serif-m layout-padded\">Dermed avanserer Bod\u00f8\/Glimt til semifinalen, der Aalesund, KFUM og Brann allerede venter p\u00e5 dem. <\/p>\n<p class=\"_paragraph_145nj_4 _paragraph_6fko5_10 layout-component text-serif-m layout-normal text-serif-m layout-padded\">Glimt trakk KFUM Oslo til hjemmekamp i semifinalen, mens Brann er vertskap for Aalesund i den andre semifinalen. De spilles onsdag 22. april.<\/p>\n<p class=\"_paragraph_145nj_4 _paragraph_6fko5_10 layout-component text-serif-m layout-normal text-serif-m layout-padded\">Til tross for deres enorme dominans i Eliteserien og eventyr p\u00e5 kontinentet de siste sesongene, er Bod\u00f8\/Glimt fortsatt uten et cupmesterskap i Kjetil Knutsens \u00e6ra.<\/p>\n<p class=\"_paragraph_145nj_4 _paragraph_6fko5_10 layout-component text-serif-m layout-normal text-serif-m layout-padded\">De har to kongepokaler, den siste tatt i 1993.<\/p>\n<p class=\"_paragraph_145nj_4 _paragraph_6fko5_10 layout-component text-serif-m layout-normal text-serif-m layout-padded\">\u2013 Vi pr\u00f8ver igjen, sier Kjetil Knutsen til TV 2.<\/p>\n","protected":false},"excerpt":{"rendered":"Det var knyttet spenning til hvordan Bod\u00f8\/Glimts m\u00f8te med hverdagen skulle bli. S\u00e5 langt ingen fare. Foto: Mats&hellip;\n","protected":false},"author":2,"featured_media":194547,"comment_status":"","ping_status":"","sticky":false,"template":"","format":"standard","meta":{"footnotes":"","_share_on_mastodon":"0"},"categories":[59],"tags":[517,1599,134,1073,30,28,29,83,82],"class_list":["post-194546","post","type-post","status-publish","format-standard","has-post-thumbnail","category-sport","tag-bodo-glimt","tag-cupen","tag-eliteserien","tag-lillestrom-sk","tag-no","tag-norge","tag-norway","tag-sport","tag-sports"],"share_on_mastodon":{"url":"https:\/\/pubeurope.com\/@no\/116275041321839012","error":""},"_links":{"self":[{"href":"https:\/\/www.europesays.com\/no\/wp-json\/wp\/v2\/posts\/194546","targetHints":{"allow":["GET"]}}],"collection":[{"href":"https:\/\/www.europesays.com\/no\/wp-json\/wp\/v2\/posts"}],"about":[{"href":"https:\/\/www.europesays.com\/no\/wp-json\/wp\/v2\/types\/post"}],"author":[{"embeddable":true,"href":"https:\/\/www.europesays.com\/no\/wp-json\/wp\/v2\/users\/2"}],"replies":[{"embeddable":true,"href":"https:\/\/www.europesays.com\/no\/wp-json\/wp\/v2\/comments?post=194546"}],"version-history":[{"count":0,"href":"https:\/\/www.europesays.com\/no\/wp-json\/wp\/v2\/posts\/194546\/revisions"}],"wp:featuredmedia":[{"embeddable":true,"href":"https:\/\/www.europesays.com\/no\/wp-json\/wp\/v2\/media\/194547"}],"wp:attachment":[{"href":"https:\/\/www.europesays.com\/no\/wp-json\/wp\/v2\/media?parent=194546"}],"wp:term":[{"taxonomy":"category","embeddable":true,"href":"https:\/\/www.europesays.com\/no\/wp-json\/wp\/v2\/categories?post=194546"},{"taxonomy":"post_tag","embeddable":true,"href":"https:\/\/www.europesays.com\/no\/wp-json\/wp\/v2\/tags?post=194546"}],"curies":[{"name":"wp","href":"https:\/\/api.w.org\/{rel}","templated":true}]}}