{"id":19492,"date":"2025-08-27T14:45:10","date_gmt":"2025-08-27T14:45:10","guid":{"rendered":"https:\/\/www.europesays.com\/no\/19492\/"},"modified":"2025-08-27T14:45:10","modified_gmt":"2025-08-27T14:45:10","slug":"det-beste-filmsettet-jeg-noen-gang-har-vaert-pa","status":"publish","type":"post","link":"https:\/\/www.europesays.com\/no\/19492\/","title":{"rendered":"\u2013 Det beste filmsettet jeg noen gang har v\u00e6rt p\u00e5"},"content":{"rendered":"\n<p class=\"_lead_1bvmi_2 _lead_xtcu6_50 layout-component text-serif-m layout-normal text-serif-l layout-component layout-wide layout-padded _wide_17hqh_1 layout-padded\">Hollywood-skuespilleren kaller innspillingen med Joachim Trier \u00aben helt spesiell opplevelse\u00bb.<\/p>\n<p><img alt=\"FORN\u00d8YD STJERNE: Elle Fanning tok seg god tid til norske journalister og var glad og nedp\u00e5 da hun pratet om \u00abAffeksjonsverdi\u00bb.  Foto: Mattis Sandblad \/ VG\" class=\"_image_qp4xg_65 layout-component layout-wide\" data-fullscreen- data-track-element-type=\"Article image fullscreen\" data-track-name=\"ImageFullscreen\" fetchpriority=\"high\" decoding=\"sync\" loading=\"eager\" height=\"3882\" itemprop=\"image\"  src=\"https:\/\/www.europesays.com\/no\/wp-content\/uploads\/2025\/08\/8937d424-36eb-4444-80cf-654964906941\"  style=\"object-position:0% 0%\" width=\"5804\"\/>FORN\u00d8YD STJERNE: Elle Fanning tok seg god tid til norske journalister og var glad og nedp\u00e5 da hun pratet om \u00abAffeksjonsverdi\u00bb.  Foto: Mattis Sandblad \/ VG<\/p>\n<ul aria-hidden=\"true\" class=\"_images_1y6fe_106\">\n<li><a class=\"_link_1y6fe_111\" href=\"https:\/\/www.vg.no\/forfatter\/thor-benjamin-brekken\" style=\"z-index:1\" title=\"Benjamin Brekken\" rel=\"nofollow noopener\" target=\"_blank\"><img alt=\"Bilde av Benjamin Brekken\" class=\"_image_1y6fe_88\" fetchpriority=\"low\" loading=\"lazy\" decoding=\"async\" itemprop=\"image\"  src=\"https:\/\/www.europesays.com\/no\/wp-content\/uploads\/2025\/08\/1756305909_145_1729a004-83db-4715-83a1-201a2b6019bd\"  width=\"480\"\/><\/a><\/li>\n<\/ul>\n<p> Oppdatert onsdag 27. august kl. 16:21     <\/p>\n<p class=\"_paragraph_1bvmi_4 _paragraph_xtcu6_10 layout-component text-serif-m layout-normal text-serif-m layout-padded\">\u2013 Jeg er en veldig sentimental person. Jeg kan v\u00e6re ganske sensitiv og emosjonell til tider, innr\u00f8mmer Elle Fanning (27) n\u00e5r VG snakker med henne p\u00e5 en takterrasse i Oslo.<\/p>\n<p class=\"_paragraph_1bvmi_4 _paragraph_xtcu6_10 layout-component text-serif-m layout-normal text-serif-m layout-padded\">Los Angeles-jenta er s\u00f8steren til skuespiller Dakota Fanning (31), og er kjent for roller i storfilmer som fjor\u00e5rets \u00abA Complete Unknown\u00bb og Disney-suksessen \u00abMaleficent\u00bb. <\/p>\n<p class=\"_paragraph_1bvmi_4 _paragraph_xtcu6_10 layout-component text-serif-m layout-normal text-serif-m layout-padded\">N\u00e5 er hun aktuell i \u00abAffeksjonsverdi\u00bb, den f\u00f8rste filmen til Joachim Trier og Eskil Vogt etter Oscar-nominasjonen med \u00abVerdens verste menneske\u00bb. <\/p>\n<p class=\"_paragraph_1bvmi_4 _paragraph_xtcu6_10 layout-component text-serif-m layout-normal text-serif-m layout-padded\">\u2013 Hva har sentimental verdi for deg?<\/p>\n<p class=\"_paragraph_1bvmi_4 _paragraph_xtcu6_10 layout-component text-serif-m layout-normal text-serif-m layout-padded\">\u2013 Det kan v\u00e6re noe s\u00e5 lite som et kosedyr fra barndommen, et jeg fortsatt har i dag, deler hun. <\/p>\n<p class=\"_paragraph_1bvmi_4 _paragraph_xtcu6_10 layout-component text-serif-m layout-normal text-serif-m layout-padded\">Fanning forteller at hun legger mye f\u00f8lelser og minner i gjenstander og opplevelser. Men etter hvert har hun innsett at det ikke handler om objektene.<\/p>\n<p class=\"_paragraph_1bvmi_4 _paragraph_xtcu6_10 layout-component text-serif-m layout-normal text-serif-m layout-padded\">\u2013 N\u00e5r man blir eldre, forst\u00e5r man at sentimentalitet f\u00f8rst og fremst finnes inni deg, sier hun.<\/p>\n<p><img alt=\"NORGESVENN: Elle Fanning p\u00e5 r\u00f8d l\u00f8per f\u00f8r en visning av \u00abAffeksjonsverdi\u00bb under Oslo Pix filmfestival.   Foto: Mattis Sandblad \/ VG\" class=\"_image_qp4xg_65 layout-component layout-normal\" data-fullscreen- data-track-element-type=\"Article image fullscreen\" data-track-name=\"ImageFullscreen\" decoding=\"async\" loading=\"lazy\" height=\"4078\" itemprop=\"image\"  src=\"https:\/\/www.europesays.com\/no\/wp-content\/uploads\/2025\/08\/d7513847-ab39-4c29-bc8c-b03633451523\"  style=\"object-position:0% 0%\" width=\"3742\"\/>NORGESVENN: Elle Fanning p\u00e5 r\u00f8d l\u00f8per f\u00f8r en visning av \u00abAffeksjonsverdi\u00bb under Oslo Pix filmfestival.   Foto: Mattis Sandblad \/ VGHyller Trier<\/p>\n<p class=\"_paragraph_1bvmi_4 _paragraph_xtcu6_10 layout-component text-serif-m layout-normal text-serif-m layout-padded\">I \u00abAffeksjonsverdi\u00bb spiller hun Rachel Kemp, en amerikansk skuespiller som kommer til Norge for \u00e5 jobbe med en stor regiss\u00f8r \u2013 spilt av <a href=\"https:\/\/www.vg.no\/tag\/stellan-skarsgaard?utm_source=vg-article&amp;utm_medium=auto-tagger&amp;utm_campaign=JbzlXP\" class=\"_link_1bvmi_39\" rel=\"nofollow noopener\" target=\"_blank\">Stellan Skarsg\u00e5rd<\/a>. Det er en rolle som traff Fanning p\u00e5 flere plan:<\/p>\n<p class=\"_paragraph_1bvmi_4 _paragraph_xtcu6_10 layout-component text-serif-m layout-normal text-serif-m layout-padded\">\u2013 Alt f\u00f8ltes meta. Joachim regisserte Stellan, som spilte Gustav, som igjen skulle regissere meg. Det var veldig morsomt, men ogs\u00e5 personlig. Jeg puttet mine egne tvil og sp\u00f8rsm\u00e5l inn i Rachel.<\/p>\n<p class=\"_paragraph_1bvmi_4 _paragraph_xtcu6_10 layout-component text-serif-m layout-normal text-serif-m layout-padded\">For Fanning ble samarbeidet med Trier en milep\u00e6l. <\/p>\n<p class=\"_paragraph_1bvmi_4 _paragraph_xtcu6_10 layout-component text-serif-m layout-normal text-serif-m layout-padded\">\u2013 Jeg kan virkelig si at det er det beste filmsettet jeg har v\u00e6rt p\u00e5. Denne filmopplevelsen husker jeg s\u00e5 tydelig. Det var s\u00e5 vakkert. Og det er p\u00e5 grunn av Joachim og milj\u00f8et han skaper. Han ser ting i deg som kanskje har ligget skjult, og trekker dem frem, forteller hun.<\/p>\n<p><img alt=\"KOS OG KLEMZ: Regiss\u00f8r Joachim Trier omfavner skuespiller Stellan Skarsg\u00e5rd p\u00e5 takterrassen til Grand i Oslo.   Foto: Mattis Sandblad \/ VG\" class=\"_image_qp4xg_65 layout-component layout-normal\" data-fullscreen- data-track-element-type=\"Article image fullscreen\" data-track-name=\"ImageFullscreen\" decoding=\"async\" loading=\"lazy\" height=\"4000\" itemprop=\"image\"  src=\"https:\/\/www.europesays.com\/no\/wp-content\/uploads\/2025\/08\/99ad4684-a8f0-4e60-88c3-aeaa13664f85\"  style=\"object-position:0% 0%\" width=\"6000\"\/>KOS OG KLEMZ: Regiss\u00f8r Joachim Trier omfavner skuespiller Stellan Skarsg\u00e5rd p\u00e5 takterrassen til Grand i Oslo.   Foto: Mattis Sandblad \/ VG<\/p>\n<p class=\"_paragraph_1bvmi_4 _paragraph_xtcu6_10 layout-component text-serif-m layout-normal text-serif-m layout-padded\">Trier la heller <a href=\"https:\/\/www.vg.no\/rampelys\/i\/gwy28k\/elle-fanning-om-norgesbesoeket-spesiell-opplevelse\" data-track-element-type=\"Link\" data-track-id=\"link:gwy28k\" class=\"_link_1bvmi_39\" rel=\"nofollow noopener\" target=\"_blank\">ikke skjul p\u00e5 sin begeistring<\/a> for den amerikanske skuespillerinnen da VG snakket med ham tilbake i februar:<\/p>\n<p class=\"_paragraph_1bvmi_4 _paragraph_xtcu6_10 layout-component text-serif-m layout-normal text-serif-m layout-padded\">\u2013 Elle er en av de varmeste, snilleste og mest godhjertede menneskene jeg noensinne har jobbet med. Hun er sjener\u00f8s og veldig lysten p\u00e5 \u00e5 vite og l\u00e6re om prosessen. Rett og slett en kul person \u00e5 v\u00e6re rundt, sa Trier da. <\/p>\n<p class=\"_paragraph_1bvmi_4 _paragraph_xtcu6_10 layout-component text-serif-m layout-normal text-serif-m layout-padded\">Fanning trekker ogs\u00e5 frem samspillet med Stellan Skarsg\u00e5rd som spesielt sterkt. <\/p>\n<p class=\"_paragraph_1bvmi_4 _paragraph_xtcu6_10 layout-component text-serif-m layout-normal text-serif-m layout-padded\">\u2013 \u00c5 se inn i \u00f8ynene hans i de emosjonelle scenene &#8230; han er s\u00e5 sjelfull og fantastisk i denne filmen. Jeg f\u00f8lte at jeg vokste som skuespiller.<\/p>\n<p>   F\u00f8rste gang i Oslo<\/p>\n<p class=\"_paragraph_1bvmi_4 _paragraph_xtcu6_10 layout-component text-serif-m layout-normal text-serif-m layout-padded\">For 27-\u00e5ringen var dette f\u00f8rste gang hun bes\u00f8kte Oslo, og oppholdet gjorde inntrykk. <\/p>\n<p class=\"_paragraph_1bvmi_4 _paragraph_xtcu6_10 layout-component text-serif-m layout-normal text-serif-m layout-padded\">\u2013 Jeg elsket \u00e5 filme i Norge. Det var virkelig en spesiell opplevelse. Jeg var der cirka fire uker. Jeg likte meg godt der. Jeg ruslet rundt og rakk \u00e5 se det meste. Det var flott. Men det var skikkelig kaldt da jeg var der, har <a href=\"https:\/\/www.vg.no\/rampelys\/i\/gwy28k\/elle-fanning-om-norgesbesoeket-spesiell-opplevelse\" data-track-element-type=\"Link\" data-track-id=\"link:gwy28k\" class=\"_link_1bvmi_39\" rel=\"nofollow noopener\" target=\"_blank\">Fanning tidligere uttalt til VG<\/a>. <\/p>\n<p class=\"_paragraph_1bvmi_4 _paragraph_xtcu6_10 layout-component text-serif-m layout-normal text-serif-m layout-padded\">I \u00abAffeksjonsverdi\u00bb spiller Fanning ogs\u00e5 mot Renate Reinsve og Inga Ibsdotter Lilleaas. Filmen har norgespremiere p\u00e5 kino 12. september. <\/p>\n<p><img alt=\"SOLID FIRKL\u00d8VER: Elle Fanning, Inga Ibsdotter Lilleaas, Stellan Skarsg\u00e5rd og Renate Reinsve poserer for fotografene p\u00e5 Grand.   Foto: Mattis Sandblad \/ VG\" class=\"_image_qp4xg_65 layout-component layout-normal\" data-fullscreen- data-track-element-type=\"Article image fullscreen\" data-track-name=\"ImageFullscreen\" decoding=\"async\" loading=\"lazy\" height=\"4000\" itemprop=\"image\"  src=\"https:\/\/www.europesays.com\/no\/wp-content\/uploads\/2025\/08\/3a98704a-965e-4b67-aa9e-06741b7c2b33\"  style=\"object-position:0% 0%\" width=\"6000\"\/>SOLID FIRKL\u00d8VER: Elle Fanning, Inga Ibsdotter Lilleaas, Stellan Skarsg\u00e5rd og Renate Reinsve poserer for fotografene p\u00e5 Grand.   Foto: Mattis Sandblad \/ VG    <\/p>\n","protected":false},"excerpt":{"rendered":"Hollywood-skuespilleren kaller innspillingen med Joachim Trier \u00aben helt spesiell opplevelse\u00bb. FORN\u00d8YD STJERNE: Elle Fanning tok seg god tid&hellip;\n","protected":false},"author":2,"featured_media":19493,"comment_status":"","ping_status":"","sticky":false,"template":"","format":"standard","meta":{"footnotes":""},"categories":[58],"tags":[3317,71,3245,460,80,3244,30,28,29,3243,3242,72],"class_list":{"0":"post-19492","1":"post","2":"type-post","3":"status-publish","4":"format-standard","5":"has-post-thumbnail","7":"category-underholdning","8":"tag-elle-fanning","9":"tag-entertainment","10":"tag-eskil-vogt","11":"tag-film","12":"tag-hollywood","13":"tag-joachim-trier","14":"tag-no","15":"tag-norge","16":"tag-norway","17":"tag-renate-reinsve","18":"tag-stellan-skarsgard","19":"tag-underholdning"},"share_on_mastodon":{"url":"","error":""},"_links":{"self":[{"href":"https:\/\/www.europesays.com\/no\/wp-json\/wp\/v2\/posts\/19492","targetHints":{"allow":["GET"]}}],"collection":[{"href":"https:\/\/www.europesays.com\/no\/wp-json\/wp\/v2\/posts"}],"about":[{"href":"https:\/\/www.europesays.com\/no\/wp-json\/wp\/v2\/types\/post"}],"author":[{"embeddable":true,"href":"https:\/\/www.europesays.com\/no\/wp-json\/wp\/v2\/users\/2"}],"replies":[{"embeddable":true,"href":"https:\/\/www.europesays.com\/no\/wp-json\/wp\/v2\/comments?post=19492"}],"version-history":[{"count":0,"href":"https:\/\/www.europesays.com\/no\/wp-json\/wp\/v2\/posts\/19492\/revisions"}],"wp:featuredmedia":[{"embeddable":true,"href":"https:\/\/www.europesays.com\/no\/wp-json\/wp\/v2\/media\/19493"}],"wp:attachment":[{"href":"https:\/\/www.europesays.com\/no\/wp-json\/wp\/v2\/media?parent=19492"}],"wp:term":[{"taxonomy":"category","embeddable":true,"href":"https:\/\/www.europesays.com\/no\/wp-json\/wp\/v2\/categories?post=19492"},{"taxonomy":"post_tag","embeddable":true,"href":"https:\/\/www.europesays.com\/no\/wp-json\/wp\/v2\/tags?post=19492"}],"curies":[{"name":"wp","href":"https:\/\/api.w.org\/{rel}","templated":true}]}}