{"id":194995,"date":"2026-03-23T11:24:10","date_gmt":"2026-03-23T11:24:10","guid":{"rendered":"https:\/\/www.europesays.com\/no\/194995\/"},"modified":"2026-03-23T11:24:10","modified_gmt":"2026-03-23T11:24:10","slug":"sport-alta-finjord-innstilt-som-ny-skipresident","status":"publish","type":"post","link":"https:\/\/www.europesays.com\/no\/194995\/","title":{"rendered":"Sport, Alta | Finjord innstilt som ny skipresident"},"content":{"rendered":"\n<p>Det bl\u00e5ser en frisk nordavind over norsk skisport etter at valgkomiteen mandag formiddag la frem sin innstilling. Roger Finjord, opprinnelig fra \u00d8ksfjord og n\u00e5 bosatt i Alta, er pekt ut til \u00e5 lede forbundet.<\/p>\n<p>Med seg p\u00e5 laget f\u00e5r han tidligere Bod\u00f8-ordf\u00f8rer Ida Pinner\u00f8d som visepresidentkandidat.<\/p>\n<p>En brobygger mellom fotball og ski<\/p>\n<p>Finjord er daglig leder i Finnmark fotballkrets og har en fortid som landslagssjef for kvinnelandslaget i fotball.<\/p>\n<p>Men skiene er ikke fremmede for 53-\u00e5ringen.<\/p>\n<p>Som nestleder i Finnmark Skikrets og tidligere leder av langrennskomiteen lokalt, har han dype r\u00f8tter i skisporten. Han har ogs\u00e5 i flere \u00e5r v\u00e6rt styreleder i Alta IF langrenn.<\/p>\n<p>Valgkomiteen trekker frem Finjords unike evne til \u00e5 kombinere rollen som folkelig motivator med strategisk ledelse.<\/p>\n<p>\u2013 Roger Finjord er en type leder som skaper trygghet, entusiasme og retning. Han har gjennom hele sin karriere vist at han forst\u00e5r b\u00e5de grasrota og toppidrettens behov, sier valgkomiteens leder, Espen Utaker, i en pressemelding.<\/p>\n<p>Fokus p\u00e5 frivillighet og energi<\/p>\n<p>Finjord har de siste \u00e5rene markert seg som en ettertraktet foredragsholder, kjent for sitt engasjement for lagbygging og frivillighet. Det er nettopp denne energien valgkomiteen n\u00e5 \u00f8nsker \u00e5 injisere i Skiforbundet.<\/p>\n<p>I en tid der idretten st\u00e5r overfor utfordringer knyttet til b\u00e5de rekruttering og \u00f8konomi, anses Finjords evne til \u00e5 \u00abf\u00e5 folk med seg\u00bb som en av hans st\u00f8rste styrker. Han beskrives som en samlende kraft som kan tette gapet mellom de ulike grenene og niv\u00e5ene i forbundet.<\/p>\n<p>Veien videre<\/p>\n<p>Innstillingen fra valgkomiteen er det f\u00f8rste formelle steget mot et lederskifte. Med to kandidater som har sterk forankring i b\u00e5de idretten og samfunnslivet, legger komiteen opp til en ledelse preget av \u00abmenneskelig klokskap\u00bb og \u00e5penhet.<\/p>\n<p>N\u00e5 er det opp til Skitinget \u00e5 avgj\u00f8re om Finjord blir mannen som skal stake ut kursen for norsk skisport i \u00e5rene som kommer.<\/p>\n<p>  <a data-static=\"\" href=\"#skip-\" class=\"brick-c-fgNmNC\">Hopp over karusellen.<\/a><\/p>\n<p data-static=\"\" class=\"brick-c-fgNmNC\" id=\"carousel-title-\">Innholdskarusell med 19 artikler.<\/p>\n<ul data-static=\"\" aria-label=\"Navigasjon for innholdskarusell\" class=\"carousel-nav\">\n<li>\n<\/li>\n<li>\n<\/li>\n<\/ul>\n","protected":false},"excerpt":{"rendered":"Det bl\u00e5ser en frisk nordavind over norsk skisport etter at valgkomiteen mandag formiddag la frem sin innstilling. Roger&hellip;\n","protected":false},"author":2,"featured_media":194996,"comment_status":"","ping_status":"","sticky":false,"template":"","format":"standard","meta":{"footnotes":"","_share_on_mastodon":"0"},"categories":[59],"tags":[215,36,4786,30,28,29,83,82,1510],"class_list":["post-194995","post","type-post","status-publish","format-standard","has-post-thumbnail","category-sport","tag-alta","tag-art","tag-loppa","tag-no","tag-norge","tag-norway","tag-sport","tag-sports","tag-story"],"share_on_mastodon":{"url":"https:\/\/pubeurope.com\/@no\/116278241771845545","error":""},"_links":{"self":[{"href":"https:\/\/www.europesays.com\/no\/wp-json\/wp\/v2\/posts\/194995","targetHints":{"allow":["GET"]}}],"collection":[{"href":"https:\/\/www.europesays.com\/no\/wp-json\/wp\/v2\/posts"}],"about":[{"href":"https:\/\/www.europesays.com\/no\/wp-json\/wp\/v2\/types\/post"}],"author":[{"embeddable":true,"href":"https:\/\/www.europesays.com\/no\/wp-json\/wp\/v2\/users\/2"}],"replies":[{"embeddable":true,"href":"https:\/\/www.europesays.com\/no\/wp-json\/wp\/v2\/comments?post=194995"}],"version-history":[{"count":0,"href":"https:\/\/www.europesays.com\/no\/wp-json\/wp\/v2\/posts\/194995\/revisions"}],"wp:featuredmedia":[{"embeddable":true,"href":"https:\/\/www.europesays.com\/no\/wp-json\/wp\/v2\/media\/194996"}],"wp:attachment":[{"href":"https:\/\/www.europesays.com\/no\/wp-json\/wp\/v2\/media?parent=194995"}],"wp:term":[{"taxonomy":"category","embeddable":true,"href":"https:\/\/www.europesays.com\/no\/wp-json\/wp\/v2\/categories?post=194995"},{"taxonomy":"post_tag","embeddable":true,"href":"https:\/\/www.europesays.com\/no\/wp-json\/wp\/v2\/tags?post=194995"}],"curies":[{"name":"wp","href":"https:\/\/api.w.org\/{rel}","templated":true}]}}