{"id":195095,"date":"2026-03-23T13:13:30","date_gmt":"2026-03-23T13:13:30","guid":{"rendered":"https:\/\/www.europesays.com\/no\/195095\/"},"modified":"2026-03-23T13:13:30","modified_gmt":"2026-03-23T13:13:30","slug":"na-vil-alle-kle-seg-i-denne-fargekombinasjonen","status":"publish","type":"post","link":"https:\/\/www.europesays.com\/no\/195095\/","title":{"rendered":"N\u00e5 vil alle kle seg i denne fargekombinasjonen"},"content":{"rendered":"<p class=\"kicker \" style=\"\">V\u00e5rtrender:<\/p>\n<p>    &#8211; Det finnes n\u00e6rmest ingen regler lenger.<\/p>\n<p>\n    TREND: Denne fargekombinasjonen blir uunng\u00e5elig denne v\u00e5ren. FOTO: NTB\n  <\/p>\n<p>Regler er til for \u00e5 brytes. Eller er de? Det finnes utallige moteregler \u2013 og nesten enda flere unntak: Ull og pels h\u00f8rer kun til i m\u00e5neder med \u00abr\u00bb i navnet, man skal ikke bruke hvite bukser mellom september og slutten av mai, veske og sko skal alltid matche, m\u00f8nstre skal ikke blandes, man skal ikke bruke svart i bryllup, r\u00f8d leppestift er kun for kvelden, gull og s\u00f8lv skal ikke kombineres \u2013 og listen fortsetter.<\/p>\n<p>    <a itemprop=\"url\" href=\"https:\/\/www.kk.no\/mote\/er-det-aprilsnarr\/84380418\" rel=\"nofollow noopener\" target=\"_blank\"><\/p>\n<p>        <img loading=\"lazy\" decoding=\"async\" src=\"https:\/\/www.europesays.com\/no\/wp-content\/uploads\/2026\/03\/84380460.webp.webp\" width=\"980\" height=\"441\" title=\"Slipper kjempenyhet\" alt=\"\" class=\"lazyload\" style=\"--aspect-ratio-image: 2.22; \"\/><\/p>\n<p>        Slipper kjempenyhet<\/p>\n<p>    <\/a><\/p>\n<p>Alle disse \u00abreglene\u00bb er selvf\u00f8lgelig gammeldags t\u00f8v, for i dag opererer vi heldigvis p\u00e5 et mer opplyst grunnlag, der utgangspunktet er at ingen skal fortelle oss hva vi kan og ikke kan ha p\u00e5 oss.<\/p>\n<p>Likevel er de gamle, inngrodde reglene morsomme \u00e5 bruke som referansepunkt, n\u00e5r moten gang p\u00e5 gang beviser at de ikke holder m\u00e5l i virkeligheten. Og denne sesongen f\u00e5r en av motens klassiske \u00abno-go\u2019s\u00bb nytt liv i sin fineste form \u2013 nemlig kombinasjonen av brunt og svart.<\/p>\n<p>&#8211; Det finnes n\u00e6rmest ingen regler lenger. Det som f\u00f8r var fashion faux pas er n\u00e5 helt innafor. Svart og brunt f\u00e5r et elegant uttrykk. Vi har allerede sett det p\u00e5 catwalken hos de store motehusene denne sesongen. Ikke v\u00e6r redd for \u00e5 mikse ogs\u00e5 materialer og overflater som gj\u00f8r uttrykket mer spennende, sier KKs moteansvarlig, Ida Elise Eide Einarsdottir.<\/p>\n<p>    <a itemprop=\"url\" href=\"https:\/\/www.kk.no\/mote\/endelig-kan-jeg-bruke-denne\/84341833\" rel=\"nofollow noopener\" target=\"_blank\"><\/p>\n<p>        <img loading=\"lazy\" decoding=\"async\" src=\"https:\/\/www.europesays.com\/no\/wp-content\/uploads\/2026\/03\/84357350.webp.webp\" width=\"980\" height=\"441\" title=\"\u2013 Endelig kan jeg bruke denne\" alt=\"\" class=\"lazyload\" style=\"--aspect-ratio-image: 2.22; \"\/><\/p>\n<p>        \u2013 Endelig kan jeg bruke denne<\/p>\n<p>    <\/a><\/p>\n<p>        MOTE: Se videoen for \u00e5 h\u00f8re KK sin moteekspert Ida Elise Eide Einarsd\u00f3ttir g\u00e5 gjennom alt om de nyeste trendene innen mote. Video: Aller media\/Oskar Brus\u00e9n<\/p>\n<p>\u00c5 kombinere svart og brunt har lenge v\u00e6rt sett p\u00e5 som en \u00abfashion faux pas\u00bb, men kontroversen er egentlig mer historisk og kulturell enn estetisk. Det finnes flere grunner til at kombinasjonen havnet p\u00e5 listen over ting man absolutt ikke skulle utsette verken seg selv eller andre for. P\u00e5 begynnelsen og midten av 90-tallet var farger sv\u00e6rt spesifikke i bruk, og s\u00e6rlig i herremote ble svart utelukkende brukt til formelle anledninger, mens brunt h\u00f8rte hjemme i mer avslappede eller landlige sammenhenger. Derfor var det n\u00e6rmest utenkelig \u00e5 kombinere de to \u2013 og det ville i dag nesten tilsvare \u00e5 bruke tresko til en klassisk smoking (selv om det sikkert finnes noen som har gjort nettopp det).<\/p>\n<p>    <a itemprop=\"url\" href=\"https:\/\/www.kk.no\/mote\/denne-trenden-var-overalt-under-arets-oscar-utdeling-1\/84375150\" rel=\"nofollow noopener\" target=\"_blank\"><\/p>\n<p>        <img loading=\"lazy\" decoding=\"async\" src=\"https:\/\/www.europesays.com\/no\/wp-content\/uploads\/2026\/03\/84375294.webp.webp\" width=\"980\" height=\"441\" title=\"Denne trenden var overalt under \u00e5rets Oscar-utdeling\" alt=\"\" class=\"lazyload\" style=\"--aspect-ratio-image: 2.22; \"\/><\/p>\n<p>        Denne trenden var overalt under \u00e5rets Oscar-utdeling<\/p>\n<p>    <\/a><\/p>\n<p>        <img loading=\"lazy\" decoding=\"async\" src=\"https:\/\/www.europesays.com\/no\/wp-content\/uploads\/2026\/03\/84390604.webp.webp\" width=\"667\" height=\"874\" title=\"Milan Fashion Week 2026. FOTO: NTB\" alt=\"\" class=\"\" style=\"--aspect-ratio-image: 0.76; \"\/><\/p>\n<p>\n        Milan Fashion Week 2026. FOTO: NTB\n    <\/p>\n<p>En annen grunn til at svart og brunt tradisjonelt har v\u00e6rt frar\u00e5det sammen, er at fargene kan ligne for mye p\u00e5 hverandre, noe som kan skape en tonal ubalananse i et antrekk. Visuelt kan det v\u00e6re vanskelig \u00e5 balansere svart og brunt, og hvis brunfargen er veldig m\u00f8rk, kan den se ut som falmet svart og gi inntrykk av at fargene ikke matcher.<\/p>\n<p>    <a itemprop=\"url\" href=\"https:\/\/www.kk.no\/mote\/en-av-arets-store-farger\/84229380\" rel=\"nofollow noopener\" target=\"_blank\"><\/p>\n<p>        <img loading=\"lazy\" decoding=\"async\" src=\"https:\/\/www.europesays.com\/no\/wp-content\/uploads\/2026\/03\/84307246.webp.webp\" width=\"980\" height=\"441\" title=\"En av \u00e5rets store farger\" alt=\"\" class=\"lazyload\" style=\"--aspect-ratio-image: 2.22; \"\/><\/p>\n<p>        En av \u00e5rets store farger <\/p>\n<p>    <\/a><\/p>\n<p>        <img loading=\"lazy\" decoding=\"async\" src=\"https:\/\/www.europesays.com\/no\/wp-content\/uploads\/2026\/03\/84390603.webp.webp\" width=\"667\" height=\"894\" title=\"Kendall Jenner kledd i fargekombinasjonen. FOTO: NTB\" alt=\"\" class=\"\" style=\"--aspect-ratio-image: 0.75; \"\/><\/p>\n<p>\n        Kendall Jenner kledd i fargekombinasjonen. FOTO: NTB\n    <\/p>\n<p>Heldigvis har vi kommet lenger enn utdaterte fargehierarkier og frykten for \u00abfeil\u00bb kombinasjoner. I dag lever kombinasjonen av brunt og svart i beste velg\u00e5ende, og er n\u00e6rmest blitt klassisk fremfor kontroversiell.<\/p>\n<p>Mange designere som Acne Studios, Hugo Boss, Bottega Veneta, Coperni og Dior bruker nettopp denne kombinasjonen denne sesongen, fordi brunt tilf\u00f8rer dybde og varme til svart, som ellers kan virke hardt.<\/p>\n<p>Stilikoner som Carolyn Bessette-Kennedy og \u00abquiet luxury\u00bb-estetikken har bidratt til \u00e5 gj\u00f8re kombinasjonen chic igjen, fordi den spiller p\u00e5 n\u00f8ytrale tone-i-tone-uttrykk fremfor harde kontraster.<\/p>\n<p>    <a itemprop=\"url\" href=\"https:\/\/www.kk.no\/mote\/hvorfor-er-vi-sa-besatt-av-carolyn-bessette-kennedy-og-stilen-hennes-igjen\/84348619\" rel=\"nofollow noopener\" target=\"_blank\"><\/p>\n<p>        <img loading=\"lazy\" decoding=\"async\" src=\"https:\/\/www.europesays.com\/no\/wp-content\/uploads\/2026\/03\/84348830.webp.webp\" width=\"980\" height=\"441\" title=\"Hvorfor er vi s\u00e5 besatt av Carolyn Bessette-Kennedy og stilen hennes igjen?\" alt=\"\" class=\"lazyload\" style=\"--aspect-ratio-image: 2.22; \"\/><\/p>\n<p>        Hvorfor er vi s\u00e5 besatt av Carolyn Bessette-Kennedy og stilen hennes igjen?<\/p>\n<p>    <\/a><\/p>\n<p>        <img loading=\"lazy\" decoding=\"async\" src=\"https:\/\/www.europesays.com\/no\/wp-content\/uploads\/2026\/03\/84390508.webp.webp\" width=\"667\" height=\"581\" title=\"Carolyn Bessette-Kennedy. FOTO: NTB\" alt=\"\" class=\"\" style=\"--aspect-ratio-image: 1.15; \"\/><\/p>\n<p>\n        Carolyn Bessette-Kennedy. FOTO: NTB\n    <\/p>\n<p>Og hvis man skal d\u00f8mme etter v\u00e5r-\/sommercatwalken 2026, er dette en kombinasjon det er umulig \u00e5 komme utenom akkurat n\u00e5.<\/p>\n<p>    <a itemprop=\"url\" href=\"https:\/\/www.kk.no\/mote\/vi-bade-kan-og-skal-skrive-om-mote-for-godt-voksne-kvinner\/84342105\" rel=\"nofollow noopener\" target=\"_blank\"><\/p>\n<p>        <img loading=\"lazy\" decoding=\"async\" src=\"https:\/\/www.europesays.com\/no\/wp-content\/uploads\/2026\/03\/84342120.webp.webp\" width=\"980\" height=\"441\" title=\"\u2013 Vi b\u00e5de kan og skal skrive om mote for godt voksne kvinner\" alt=\"\" class=\"lazyload\" style=\"--aspect-ratio-image: 2.22; \"\/><\/p>\n<p>        \u2013 Vi b\u00e5de kan og skal skrive om mote for godt voksne kvinner<\/p>\n<p>    <\/a><\/p>\n","protected":false},"excerpt":{"rendered":"V\u00e5rtrender: &#8211; Det finnes n\u00e6rmest ingen regler lenger. TREND: Denne fargekombinasjonen blir uunng\u00e5elig denne v\u00e5ren. FOTO: NTB Regler&hellip;\n","protected":false},"author":2,"featured_media":195096,"comment_status":"","ping_status":"","sticky":false,"template":"","format":"standard","meta":{"footnotes":"","_share_on_mastodon":"0"},"categories":[58],"tags":[71,7057,4024,30,28,29,5624,72],"class_list":["post-195095","post","type-post","status-publish","format-standard","has-post-thumbnail","category-underholdning","tag-entertainment","tag-farger","tag-mote","tag-no","tag-norge","tag-norway","tag-trender","tag-underholdning"],"share_on_mastodon":{"url":"https:\/\/pubeurope.com\/@no\/116278670629306528","error":""},"_links":{"self":[{"href":"https:\/\/www.europesays.com\/no\/wp-json\/wp\/v2\/posts\/195095","targetHints":{"allow":["GET"]}}],"collection":[{"href":"https:\/\/www.europesays.com\/no\/wp-json\/wp\/v2\/posts"}],"about":[{"href":"https:\/\/www.europesays.com\/no\/wp-json\/wp\/v2\/types\/post"}],"author":[{"embeddable":true,"href":"https:\/\/www.europesays.com\/no\/wp-json\/wp\/v2\/users\/2"}],"replies":[{"embeddable":true,"href":"https:\/\/www.europesays.com\/no\/wp-json\/wp\/v2\/comments?post=195095"}],"version-history":[{"count":0,"href":"https:\/\/www.europesays.com\/no\/wp-json\/wp\/v2\/posts\/195095\/revisions"}],"wp:featuredmedia":[{"embeddable":true,"href":"https:\/\/www.europesays.com\/no\/wp-json\/wp\/v2\/media\/195096"}],"wp:attachment":[{"href":"https:\/\/www.europesays.com\/no\/wp-json\/wp\/v2\/media?parent=195095"}],"wp:term":[{"taxonomy":"category","embeddable":true,"href":"https:\/\/www.europesays.com\/no\/wp-json\/wp\/v2\/categories?post=195095"},{"taxonomy":"post_tag","embeddable":true,"href":"https:\/\/www.europesays.com\/no\/wp-json\/wp\/v2\/tags?post=195095"}],"curies":[{"name":"wp","href":"https:\/\/api.w.org\/{rel}","templated":true}]}}