{"id":19525,"date":"2025-08-27T15:18:19","date_gmt":"2025-08-27T15:18:19","guid":{"rendered":"https:\/\/www.europesays.com\/no\/19525\/"},"modified":"2025-08-27T15:18:19","modified_gmt":"2025-08-27T15:18:19","slug":"trafikk-innlandet-joakim-23-omkom-i-ulykken","status":"publish","type":"post","link":"https:\/\/www.europesays.com\/no\/19525\/","title":{"rendered":"Trafikk, Innlandet | Joakim (23) omkom i ulykken"},"content":{"rendered":"\n<p>Det var 23 \u00e5r gamle Joakim Bj\u00f8rnerud som omkom i ulykken mellom en traktor og et tog p\u00e5 Eina mandag kveld. <\/p>\n<p>Det melder politiet tirsdag kveld. De p\u00e5r\u00f8rende er kjent med at navnet frigis.<\/p>\n<p>Ved 19-tiden mandag rykket samtlige n\u00f8detater ut etter ei melding om ulykken. Kun en halvtime etter ble det bekreftet at traktorf\u00f8reren hadde omkommet i ulykken.<\/p>\n<p>Nyheten rammer lokalsamfunnet hardt, og vennekretsen har tatt et initiativ til \u00e5 samle familie, venner og bekjente til en kj\u00f8ret\u00f8ykortesje til minne om Bj\u00f8rnerud.<\/p>\n<p>\u2013 Joakim hadde en stor lidenskap for alt med motor og alt som g\u00e5r framover. Det finnes ikke en bedre m\u00e5te \u00e5 hedre ham p\u00e5 enn \u00e5 samle folk p\u00e5 den m\u00e5ten, forteller vennen Oliver Waller Presteseter (21) til Oppland Arbeiderblad.<\/p>\n<p>Mandag kveld var b\u00e5de politiets teknikere og folk fra havarikommisjonen p\u00e5 stedet for \u00e5 gj\u00f8re unders\u00f8kelser. Vy har bekreftet overfor Oppland Arbeiderblad at ulykken skjedde p\u00e5 en usikret planovergang.<\/p>\n<p>Det var ingen passasjerer om bord p\u00e5 toget da ulykken skjedde, kun tre ansatte. Ingen av disse skal ha blitt skadet. Det ble drevet oppl\u00e6ring om Gj\u00f8vikbanens sikkerhet, forteller Vy til <a href=\"https:\/\/www.oa.no\/vennene-i-sorg-etter-at-joakim-23-dode-i-togulykka\/s\/5-35-2148174\" rel=\"Follow nofollow noopener\" target=\"_blank\">Oppland Arbeiderblad.<\/a><\/p>\n<p>Les mer om: artikkelemnene<\/p>\n","protected":false},"excerpt":{"rendered":"Det var 23 \u00e5r gamle Joakim Bj\u00f8rnerud som omkom i ulykken mellom en traktor og et tog p\u00e5&hellip;\n","protected":false},"author":2,"featured_media":19526,"comment_status":"","ping_status":"","sticky":false,"template":"","format":"standard","meta":{"footnotes":""},"categories":[10],"tags":[36,20,21,24,25,15,813,22,23,13,30,28,29,14,16,1510,1923,26,27,224,941],"class_list":{"0":"post-19525","1":"post","2":"type-post","3":"status-publish","4":"format-standard","5":"has-post-thumbnail","7":"category-norge","8":"tag-art","9":"tag-breaking-news","10":"tag-breakingnews","11":"tag-featured-news","12":"tag-featurednews","13":"tag-headlines","14":"tag-innlandet","15":"tag-latest-news","16":"tag-latestnews","17":"tag-news","18":"tag-no","19":"tag-norge","20":"tag-norway","21":"tag-nyheter","22":"tag-overskrifter","23":"tag-story","24":"tag-tog","25":"tag-top-stories","26":"tag-topstories","27":"tag-trafikk","28":"tag-ulykker-og-hendelser"},"share_on_mastodon":{"url":"","error":""},"_links":{"self":[{"href":"https:\/\/www.europesays.com\/no\/wp-json\/wp\/v2\/posts\/19525","targetHints":{"allow":["GET"]}}],"collection":[{"href":"https:\/\/www.europesays.com\/no\/wp-json\/wp\/v2\/posts"}],"about":[{"href":"https:\/\/www.europesays.com\/no\/wp-json\/wp\/v2\/types\/post"}],"author":[{"embeddable":true,"href":"https:\/\/www.europesays.com\/no\/wp-json\/wp\/v2\/users\/2"}],"replies":[{"embeddable":true,"href":"https:\/\/www.europesays.com\/no\/wp-json\/wp\/v2\/comments?post=19525"}],"version-history":[{"count":0,"href":"https:\/\/www.europesays.com\/no\/wp-json\/wp\/v2\/posts\/19525\/revisions"}],"wp:featuredmedia":[{"embeddable":true,"href":"https:\/\/www.europesays.com\/no\/wp-json\/wp\/v2\/media\/19526"}],"wp:attachment":[{"href":"https:\/\/www.europesays.com\/no\/wp-json\/wp\/v2\/media?parent=19525"}],"wp:term":[{"taxonomy":"category","embeddable":true,"href":"https:\/\/www.europesays.com\/no\/wp-json\/wp\/v2\/categories?post=19525"},{"taxonomy":"post_tag","embeddable":true,"href":"https:\/\/www.europesays.com\/no\/wp-json\/wp\/v2\/tags?post=19525"}],"curies":[{"name":"wp","href":"https:\/\/api.w.org\/{rel}","templated":true}]}}