{"id":1953,"date":"2025-08-07T21:34:13","date_gmt":"2025-08-07T21:34:13","guid":{"rendered":"https:\/\/www.europesays.com\/no\/1953\/"},"modified":"2025-08-07T21:34:13","modified_gmt":"2025-08-07T21:34:13","slug":"kultur-festival-na-har-den-nye-festivalen-ogsa-fatt-et-navn-haper-a-trekke-enda-flere-tilreisende-til-byen","status":"publish","type":"post","link":"https:\/\/www.europesays.com\/no\/1953\/","title":{"rendered":"Kultur, Festival | N\u00e5 har den nye festivalen ogs\u00e5 f\u00e5tt et navn: \u2013 H\u00e5per \u00e5 trekke enda flere tilreisende til byen"},"content":{"rendered":"\n<p>I slutten av mai <a href=\"https:\/\/www.dalane-tidende.no\/siste-visefestival-i-navarende-form-tida-er-inne-for-a-ta-noen-grep\/s\/5-101-773940\" rel=\"Follow nofollow noopener\" target=\"_blank\">ble det kjent at \u00e5rets utgave av Egersund Visefestival ville bli den siste i sin n\u00e5v\u00e6rende form<\/a>. Tida var inne for \u00ab\u00e5 ta noen grep f\u00f8r det plutselig ikke g\u00e5r lenger\u00bb, var beskjeden etter 30 \u00e5r med visefestival. Men historien slutter ikke der. Stiftelsen Egersund Visefestival vil best\u00e5, og planen er b\u00e5de enkeltarrangementer i l\u00f8pet av \u00e5ret og en helt ny festival om sommeren, n\u00e6rmere bestemt p\u00e5 motsatt side av fellesferien. De f\u00f8rste datoene er n\u00e5 satt til fredag 7. og l\u00f8rdag 8. august 2026, og billettene slippes etter planen fredag.<\/p>\n<p>\u2013 Hadde vi ikke bestemt oss for dette f\u00f8r \u00e5rets utgave, hadde det nok blitt vanskeligere og tatt valget,<a href=\"https:\/\/www.dalane-tidende.no\/sjekk-den-gode-stemningen-pa-egersund-visefestival-stinn-brakke-pa-flere-av-konsertene\/g\/5-101-785524\" rel=\"Follow nofollow noopener\" target=\"_blank\"> for \u00e5rets festival ble en stor suksess<\/a>. Vi solgte mer billetter i \u00e5r enn i fjor. L\u00f8rdagen var helt utsolgt, men det var egentlig bra bes\u00f8k alle tre kveldene, p\u00e5peker Frode Str\u00f8mstad, som er sentral i stiftelsen Egersund Visefestival.<\/p>\n<p>      For stor og for liten<\/p>\n<p>Arrang\u00f8rene st\u00e5r med andre ord fast p\u00e5 konklusjonen: Egersund Visefestival er ikke lenger b\u00e6rekraftig.<\/p>\n<p>\u2013 Den er for stor, men samtidig for liten, kan man si. Vi har hatt et tak p\u00e5 antall billetter, samtidig som det skjer veldig mye mange ulike steder. Planen n\u00e5 er \u00e5 sentrere festivalen rundt hovedsakelig \u00e9n scene, men med noe att\u00e5t, forklarer Str\u00f8mstad.<\/p>\n<p>Det er Turnhallen i Strandgaten arrang\u00f8rene har sett seg ut og \u00f8nsker \u00e5 satse p\u00e5.<\/p>\n<p>\u2013 Vi er i dialog med turnforeningen i den forbindelse. Det er i Turnhallen vi kan samle flest folk. Kapasiteten er p\u00e5 cirka 350 publikummere. Et stort telt, som for eksempel kunne v\u00e6rt alternativet, har vi litt d\u00e5rlige erfaringer med. Det er heller ikke om \u00e5 gj\u00f8re \u00e5 v\u00e6re st\u00f8rst mulig, men at det skal f\u00f8les bra og riktig, understreker bookingsjefen.<\/p>\n<p>De siste \u00e5ra har visefestivalen g\u00e5tt over tre kvelder. N\u00e5 skal arrang\u00f8rene begrense seg til to.<\/p>\n<p>\u2013 Vi ser for oss et par mindre scener, av type Smi\u00e5, for litt smalere konserter ogs\u00e5 i fortsettelsen. Men fram til n\u00e5 har det v\u00e6rt litt for mye som kolliderer. Det vil vi pr\u00f8ve \u00e5 unng\u00e5 i fortsettelsen, forklarer han.<\/p>\n<p>Et unikt brytningspunkt<\/p>\n<p>Tideless blir navnet p\u00e5 det nye konseptet. Bakgrunnen for valget er at tidevannets nullpunkt, det unike fenomenet ogs\u00e5 kjent som det amfidromiske punktet, ligger like utenfor Egersund.<\/p>\n<p>\u2013 Det er ogs\u00e5 et poeng at dette punktet ligger et sted i brytningen mellom norsk, engelsk og skotsk farvann. Det samme gj\u00f8r mye av den musikken vi liker og \u00f8nsker \u00e5 h\u00f8re p\u00e5 festivalen. Men det er mange interessante koblinger og historier det kan v\u00e6re verdt \u00e5 spille p\u00e5 i den forbindelse, forklarer Frode Str\u00f8mstad.<\/p>\n<p>\u2013 Planen er \u00e5 videref\u00f8re det vi f\u00f8ler at vi har f\u00e5tt best til. N\u00e5r vi ikke lenger skal v\u00e6re en visefestival, vil vi heller ikke ha noen forventninger knyttet til akkurat den sjangeren. Navnet har p\u00e5 mange m\u00e5ter gitt oss utfordringer begge veier. I \u00e5r var det enkelte som etterlyste historiefortellerne og de tradisjonelle visesangerne p\u00e5 programmet. P\u00e5 den andre sida har vi erfart at enkelte potensielle publikummere har holdt seg borte fordi de har hatt en forventning eller forestilling om hva en tradisjonell visefestival er, poengterer Str\u00f8mstad.<\/p>\n<p>      \u2013 Stoler p\u00e5 at vi leverer noe bra<\/p>\n<p>Han mener det er synd hvis selve navnet p\u00e5 festivalen skal utgj\u00f8re en begrensning.<\/p>\n<p>\u2013 Vi skal absolutt fortsette \u00e5 presentere kvalitetsmusikk innenfor ulike sjangere. Planen er ogs\u00e5 \u00e5 mikse nye, spennende artister med mer etablerte navn \u2013 og til og med legender, slik vi har gjort tidligere.<\/p>\n<p><b>\u2013 Har dere noen navn klare allerede?<\/b><\/p>\n<p>\u2013 Ikke som jeg kan g\u00e5 ut med n\u00e5, men vi har noen bekreftelser, ja.<\/p>\n<p><b>\u2013 S\u00e5 dere legger ut billetter denne uka uten at noen utenforst\u00e5ende vet hvem som kommer?<\/b><\/p>\n<p>\u2013 Ja, vi h\u00e5per og tror at vi har greid \u00e5 bygge opp et tillitsforhold over mange \u00e5r til et relativt stort publikum. Folk stoler p\u00e5 at vi leverer noe bra. N\u00e5r vi slipper de f\u00f8rste artistene, f\u00f8ler jeg meg ogs\u00e5 ganske trygg p\u00e5 at billettene kommer til \u00e5 sitte l\u00f8st, svarer Str\u00f8mstad.<\/p>\n<p>St\u00f8rre spredning, flere tilreisende<\/p>\n<p>Statistikken arrang\u00f8rene sitter p\u00e5 knyttet til billettsalget, tyder p\u00e5 at over halvparten av \u00e5rets festivalgjengere var tilreisende. Det er en stor \u00f8kning sammenlignet med tidligere.<\/p>\n<p>\u2013 Der er det en kode vi endelig har klart \u00e5 knekke, mener vi. Bare de siste ukene har jeg blitt stoppet p\u00e5 gata i Oslo flere ganger av folk som har oppdaget festivalen i Egersund, uten at de n\u00f8dvendigvis har h\u00f8rt s\u00e5 mye om den tidligere. Ogs\u00e5 det er et argument for \u00e5 videref\u00f8re det vi har gjort de siste \u00e5ra. Og jeg tenker absolutt at navnebyttet kan bidra til at vi f\u00e5r enda flere tilreisende. Det var ogs\u00e5 mye st\u00f8rre aldersmessig spredning p\u00e5 publikummet i \u00e5r. Det var mange flere yngre folk, og vi solgte mange festivalpass til gruppa mellom 18 og 23 \u00e5r.<\/p>\n<p>      H\u00e5per \u00e5 kunne dra nytte av \u00d8ya<\/p>\n<p><b>\u2013 Hvorfor andre helga i august?<\/b><\/p>\n<p>\u2013 Vi har snakket om \u00e5 flytte tidspunktet for festivalen i flere \u00e5r. Akkurat i m\u00e5nedsskiftet juni\/juli, og i ukene f\u00f8r, skjer det altfor mye i Rogaland. Det begynner med J\u00e6rn\u00e5tt\u00e5. S\u00e5 har man Dalane Bluesfestival, Mablis, Ranglerock og s\u00e5 videre. I august, derimot, er det ikke s\u00e5 mange andre arrangementer av denne typen. Samtidig er det et poeng at \u00d8yafestivalen p\u00e5g\u00e5r omtrent samtidig, i tillegg til flere andre festivaler i Europa. Det gj\u00f8r at mange artister er p\u00e5 turn\u00e9, noe som kan gj\u00f8re det lettere \u00e5 f\u00e5 dem til Egersund. Tidligere har vi gjerne flydd inn artister eksklusivt. Det er som regel en relativt mye dyrere l\u00f8sning.<\/p>\n<p><b>\u2013 Er det et poeng for dere \u00e5 f\u00e5 st\u00f8rre avstand i tid til Dalane Bluesfestival, som n\u00e5 arrangeres i midten av juni?<\/b><\/p>\n<p>\u2013 Ja, det tror jeg absolutt har betydning. N\u00e5 er ikke publikummet n\u00f8dvendigvis s\u00e5 overlappende, men det er likevel relativt kort tid mellom to festivaler av denne typen. Ogs\u00e5 for byens del tror jeg det er en fordel \u00e5 spre arrangementene litt mer ut, s\u00e5 ikke alt skjer i l\u00f8pet av et veldig konsentrert tidsrom. Og s\u00e5 er det alltid d\u00e5rlig v\u00e6r f\u00f8rste helga i juli, n\u00e5r det er visefestival, smiler Str\u00f8mstad.<\/p>\n<p><b>\u2013 N\u00e5r slippes de f\u00f8rste artistene?<\/b><\/p>\n<p>\u2013 Jeg tipper vi kan komme med noen navn allerede i l\u00f8pet av september.<\/p>\n<p>  <a href=\"https:\/\/www.dalane-tidende.no\/5-101-786502\" class=\"related-teaser has-image default-gallery-teaser article--c-eRUmMG article--c-eRUmMG-jKCPdD-design-default\" rel=\"nofollow noopener\" target=\"_blank\"><\/p>\n<p>    <img decoding=\"async\" loading=\"lazy\"  src=\"https:\/\/www.europesays.com\/no\/wp-content\/uploads\/2025\/08\/IMG_0863.CR2_compressed.JPEG\" alt=\"\" class=\"brick-c-cFOWSL\" style=\"\"\/><\/p>\n<p>\n            Bildeserie<\/p>\n<p>              Stort bildegalleri fra Egersund Visefestival\n        <\/p>\n<p>  <\/a><\/p>\n<p>  <a href=\"https:\/\/www.dalane-tidende.no\/5-101-785201\" class=\"related-teaser has-image default-feature-teaser article--c-eRUmMG article--c-eRUmMG-jKCPdD-design-default\" rel=\"nofollow noopener\" target=\"_blank\"><\/p>\n<p>    <img decoding=\"async\" loading=\"lazy\"  src=\"https:\/\/www.europesays.com\/no\/wp-content\/uploads\/2025\/08\/IMG_7961.JPG\" alt=\"\" class=\"brick-c-cFOWSL\" style=\"\"\/><\/p>\n<p>\n            Les ogs\u00e5<\/p>\n<p>              Stemningsfull festival og et stort folkeliv \u2013 Visefestivalen er noe helt spesielt\n        <\/p>\n<p>  <\/a><\/p>\n<p>  <a href=\"https:\/\/www.dalane-tidende.no\/5-101-784892\" class=\"related-teaser has-image default-story-teaser article--c-eRUmMG article--c-eRUmMG-jKCPdD-design-default\" rel=\"nofollow noopener\" target=\"_blank\"><\/p>\n<p>    <img decoding=\"async\" loading=\"lazy\"  src=\"https:\/\/www.europesays.com\/no\/wp-content\/uploads\/2025\/08\/evfstavanger1.JPG\" alt=\"\" class=\"brick-c-cFOWSL\" style=\"\"\/><\/p>\n<p>\n            Les ogs\u00e5<\/p>\n<p>              P\u00e5 visefestivalen: \u2013 Eg kj\u00f8pte festivalpass f\u00f8r eg s\u00e5g programmet\n        <\/p>\n<p>  <\/a><\/p>\n<p>  <a href=\"https:\/\/www.dalane-tidende.no\/5-101-784828\" class=\"related-teaser has-image default-story-teaser article--c-eRUmMG article--c-eRUmMG-jKCPdD-design-default\" rel=\"nofollow noopener\" target=\"_blank\"><\/p>\n<p>    <img decoding=\"async\" loading=\"lazy\"  src=\"https:\/\/www.europesays.com\/no\/wp-content\/uploads\/2025\/08\/parkklypp1.JPG\" alt=\"\" class=\"brick-c-cFOWSL\" style=\"\"\/><\/p>\n<p>\n            Les ogs\u00e5<\/p>\n<p>              Strengeklippar Frank T\u00f8nnesen takka dei frivillige: \u2013 Dei kunne jo bare ha vore heime hos seg sj\u00f8lv\n        <\/p>\n<p>  <\/a><\/p>\n","protected":false},"excerpt":{"rendered":"I slutten av mai ble det kjent at \u00e5rets utgave av Egersund Visefestival ville bli den siste i&hellip;\n","protected":false},"author":2,"featured_media":1954,"comment_status":"","ping_status":"","sticky":false,"template":"","format":"standard","meta":{"footnotes":""},"categories":[58],"tags":[36,88,71,497,410,62,30,28,29,72],"class_list":{"0":"post-1953","1":"post","2":"type-post","3":"status-publish","4":"format-standard","5":"has-post-thumbnail","7":"category-underholdning","8":"tag-art","9":"tag-eigersund","10":"tag-entertainment","11":"tag-festival","12":"tag-kultur","13":"tag-naeringsliv","14":"tag-no","15":"tag-norge","16":"tag-norway","17":"tag-underholdning"},"share_on_mastodon":{"url":"","error":""},"_links":{"self":[{"href":"https:\/\/www.europesays.com\/no\/wp-json\/wp\/v2\/posts\/1953","targetHints":{"allow":["GET"]}}],"collection":[{"href":"https:\/\/www.europesays.com\/no\/wp-json\/wp\/v2\/posts"}],"about":[{"href":"https:\/\/www.europesays.com\/no\/wp-json\/wp\/v2\/types\/post"}],"author":[{"embeddable":true,"href":"https:\/\/www.europesays.com\/no\/wp-json\/wp\/v2\/users\/2"}],"replies":[{"embeddable":true,"href":"https:\/\/www.europesays.com\/no\/wp-json\/wp\/v2\/comments?post=1953"}],"version-history":[{"count":0,"href":"https:\/\/www.europesays.com\/no\/wp-json\/wp\/v2\/posts\/1953\/revisions"}],"wp:featuredmedia":[{"embeddable":true,"href":"https:\/\/www.europesays.com\/no\/wp-json\/wp\/v2\/media\/1954"}],"wp:attachment":[{"href":"https:\/\/www.europesays.com\/no\/wp-json\/wp\/v2\/media?parent=1953"}],"wp:term":[{"taxonomy":"category","embeddable":true,"href":"https:\/\/www.europesays.com\/no\/wp-json\/wp\/v2\/categories?post=1953"},{"taxonomy":"post_tag","embeddable":true,"href":"https:\/\/www.europesays.com\/no\/wp-json\/wp\/v2\/tags?post=1953"}],"curies":[{"name":"wp","href":"https:\/\/api.w.org\/{rel}","templated":true}]}}