{"id":195317,"date":"2026-03-23T18:57:11","date_gmt":"2026-03-23T18:57:11","guid":{"rendered":"https:\/\/www.europesays.com\/no\/195317\/"},"modified":"2026-03-23T18:57:11","modified_gmt":"2026-03-23T18:57:11","slug":"mosjoen-arbeidsliv-lange-ventetider-pa-helgeland-fullbooket-til-sommeren","status":"publish","type":"post","link":"https:\/\/www.europesays.com\/no\/195317\/","title":{"rendered":"Mosj\u00f8en, Arbeidsliv | Lange ventetider p\u00e5 Helgeland \u2013 fullbooket til sommeren"},"content":{"rendered":"\n<p>\u2013 Politiet har stor p\u00e5gang og reiselysten er stor blant innbyggerne, skriver avsnittsleder for forvaltning Evelyn T\u00f8mmervik ved Nordland politidistrikt i en mail til Helgelendingen.<\/p>\n<p>Passtjenesten i Helgeland er n\u00e5 en tjeneste som har et voldsomt trykk. Et s\u00f8k i politiets bookingsystem mandag 23. mars viser at dersom du bor i Mosj\u00f8en, m\u00e5 du vente helt til 24. juni for \u00e5 f\u00e5 ordnet nytt pass.<\/p>\n<p>            Neste ledige passtime p\u00e5 Helgeland<\/p>\n<p>Tallene er hentet fra politiets bookingsystem mandag 23. mars<\/p>\n<p>Mosj\u00f8en politistasjon: 24. juni<\/p>\n<p>Alstahaug og Leirfjord politistasjon: 1. juni<\/p>\n<p>Mo i Rana politistasjon: 16. juli<\/p>\n<p>Br\u00f8nn\u00f8ysund politistasjon: 2. juni<\/p>\n<p>Kilde: politiet.no<\/p>\n<p>  Sykdom og oppsigelser<\/p>\n<p>T\u00f8mmervik forklarer den lange ventetiden med konkrete \u00e5rsaker p\u00e5 Helgeland.<\/p>\n<p>\u2013 Politidistriktet har hatt noen utfordringer med redusert bemanning, grunnet sykdom og avsluttet arbeidsforhold. Dette har f\u00f8rt til at vi i en periode ikke har kunnet tilby s\u00e5 mange passtimer som vi normalt gj\u00f8r, skriver hun.<\/p>\n<p>Politiet gj\u00f8r samtidig noen grep for \u00e5 f\u00e5 ned ventetidene. T\u00f8mmervik forteller at en ny ansatt er n\u00e5 ferdig oppl\u00e6rt og i full produksjon i Mo i Rana. De er ogs\u00e5 i en prosess med \u00e5 ansette sommervikarer p\u00e5 pass i Mosj\u00f8en og i Mo i Rana.<\/p>\n<p>\u2013 Politiet la for kort tid siden ut godt med nye timer til pass, og ser at de raskt er blitt booket, opplyser hun.<\/p>\n<p>    Oppfordring om \u00e5 f\u00f8lge med<\/p>\n<p>Situasjonen n\u00e5 st\u00e5r i sterk kontrast til det som st\u00e5r p\u00e5 politiets nettsider. Der st\u00e5r det at \u00abI store deler av \u00e5ret har vi mange ledige timer, s\u00e6rlig en uke eller to fram i tid fra n\u00e5r du bestiller\u00bb.<\/p>\n<p>For de som har d\u00e5rlig tid, er r\u00e5det fra politiet klart: F\u00f8lg med p\u00e5 nettsiden.<\/p>\n<p>\u2013 Vi kommer til \u00e5 legge ut flere timer, s\u00e5 oppfordringen til de som ikke har f\u00e5tt booket seg time enn\u00e5, eller \u00f8nsker seg en tidligere time, er \u00e5 f\u00f8lge med p\u00e5 nettsiden til politiet. I tillegg vet vi at en del kansellerer timene sine, og frigjorte timer vil dukke opp, forklarer T\u00f8mmervik.<\/p>\n<p>   <img decoding=\"async\" width=\"2700\" height=\"1801\" fetchpriority=\"low\"  loading=\"lazy\"  src=\"https:\/\/www.europesays.com\/no\/wp-content\/uploads\/2026\/03\/men_alle_p__helgeland_over.jpg\" alt=\"Oslo  20170711. Illustrasjonsbilde av norsk pass. Foto: Jon Olav Nesvold \/ NTB scanpix Nesvold, Jon Olav\" class=\"brick-c-cFOWSL\" style=\"--brick-image-ratio: 2700 \/ 1801;\"\/><\/p>\n<p>      LANGE K\u00d8ER: N\u00e5 b\u00f8r man sjekke om man trenger nytt pass til sommeren, da ventetidene er lange.<br \/>\n      Foto: Jon Olav Nesvold \/ NTB\n    <\/p>\n<p>  Kan l\u00f8nne seg med en biltur<\/p>\n<p>For de som \u00f8nsker pass kan det ogs\u00e5 v\u00e6re lurt \u00e5 sjekke n\u00e5r byene rundt seg har ledige timer.<\/p>\n<p>\u2013 Det vil v\u00e6re naturlig at folk reiser til nabobyen om de finner ledig time der, konstaterer hun.<\/p>\n<p>Politiet anbefaler samtidig alle \u00e5 m\u00f8te godt forberedt og lese seg opp p\u00e5 huskelisten p\u00e5 politiet.no, slik at selve timen g\u00e5r s\u00e5 effektivt som mulig n\u00e5r man f\u00f8rst har f\u00e5tt plass i k\u00f8en.<\/p>\n","protected":false},"excerpt":{"rendered":"\u2013 Politiet har stor p\u00e5gang og reiselysten er stor blant innbyggerne, skriver avsnittsleder for forvaltning Evelyn T\u00f8mmervik ved&hellip;\n","protected":false},"author":2,"featured_media":195318,"comment_status":"","ping_status":"","sticky":false,"template":"","format":"standard","meta":{"footnotes":"","_share_on_mastodon":"0"},"categories":[5],"tags":[465,36,20,21,24,25,15,2551,19,22,23,17,18,1068,13,30,28,29,14,16,3144,1510,26,27,1203],"class_list":["post-195317","post","type-post","status-publish","format-standard","has-post-thumbnail","category-overskrifter","tag-arbeidsliv","tag-art","tag-breaking-news","tag-breakingnews","tag-featured-news","tag-featurednews","tag-headlines","tag-helgeland","tag-hovedoppslag","tag-latest-news","tag-latestnews","tag-main-news","tag-mainnews","tag-mosjoen","tag-news","tag-no","tag-norge","tag-norway","tag-nyheter","tag-overskrifter","tag-pass","tag-story","tag-top-stories","tag-topstories","tag-vefsn"],"share_on_mastodon":{"url":"https:\/\/pubeurope.com\/@no\/116280023328273860","error":""},"_links":{"self":[{"href":"https:\/\/www.europesays.com\/no\/wp-json\/wp\/v2\/posts\/195317","targetHints":{"allow":["GET"]}}],"collection":[{"href":"https:\/\/www.europesays.com\/no\/wp-json\/wp\/v2\/posts"}],"about":[{"href":"https:\/\/www.europesays.com\/no\/wp-json\/wp\/v2\/types\/post"}],"author":[{"embeddable":true,"href":"https:\/\/www.europesays.com\/no\/wp-json\/wp\/v2\/users\/2"}],"replies":[{"embeddable":true,"href":"https:\/\/www.europesays.com\/no\/wp-json\/wp\/v2\/comments?post=195317"}],"version-history":[{"count":0,"href":"https:\/\/www.europesays.com\/no\/wp-json\/wp\/v2\/posts\/195317\/revisions"}],"wp:featuredmedia":[{"embeddable":true,"href":"https:\/\/www.europesays.com\/no\/wp-json\/wp\/v2\/media\/195318"}],"wp:attachment":[{"href":"https:\/\/www.europesays.com\/no\/wp-json\/wp\/v2\/media?parent=195317"}],"wp:term":[{"taxonomy":"category","embeddable":true,"href":"https:\/\/www.europesays.com\/no\/wp-json\/wp\/v2\/categories?post=195317"},{"taxonomy":"post_tag","embeddable":true,"href":"https:\/\/www.europesays.com\/no\/wp-json\/wp\/v2\/tags?post=195317"}],"curies":[{"name":"wp","href":"https:\/\/api.w.org\/{rel}","templated":true}]}}