{"id":195330,"date":"2026-03-23T19:10:09","date_gmt":"2026-03-23T19:10:09","guid":{"rendered":"https:\/\/www.europesays.com\/no\/195330\/"},"modified":"2026-03-23T19:10:09","modified_gmt":"2026-03-23T19:10:09","slug":"helgeland-vaer-yngve-81-melder-om-historiske-vaerobservasjoner-det-har-aldri-skjedd","status":"publish","type":"post","link":"https:\/\/www.europesays.com\/no\/195330\/","title":{"rendered":"Helgeland, V\u00e6r | Yngve (81) melder om historiske v\u00e6robservasjoner: \u2013 Det har aldri skjedd"},"content":{"rendered":"\n<p>[<a href=\"https:\/\/www.ranablad.no\/yngve-81-melder-om-historiske-varobservasjoner-det-har-aldri-skjedd\/s\/Yngve (81) melder om historiske v%C3%A6robservasjoner: %E2%80%93 Det har aldri skjedd\" rel=\"Follow nofollow noopener\" target=\"_blank\">HELGELENDINGEN<\/a>]: \u2013 Det er helt elendig. Sn\u00f8en er s\u00e5 oppl\u00f8st at man g\u00e5r rett gjennom der det ikke er gamle skuterspor, sier Yngve Olsen (81). Han har bodd i Nordigarden p\u00e5 Tomasvatnet (336 moh.) i Grane kommune siden 1974, og melder om historiske v\u00e6robservasjoner.<\/p>\n<p>\u2013 Det har aldri skjedd at det har v\u00e6rt s\u00e5 lite sn\u00f8 p\u00e5 denne tiden av \u00e5ret. Det er ikke normalt.<\/p>\n<p>\u2013 Tror du v\u00e5ren er i anmarsj eller kommer det sn\u00f8 p\u00e5 nytt?<\/p>\n<p>\u2013 Det er melder jo litt minusgrader, s\u00e5 det kan bli bedre til p\u00e5ske, sier Olsen.<\/p>\n<p>   <img decoding=\"async\" width=\"6048\" height=\"4024\" fetchpriority=\"low\"  loading=\"lazy\"  src=\"https:\/\/www.europesays.com\/no\/wp-content\/uploads\/2026\/03\/1774293009_878_DSC_3495.jpg\" alt=\"\" class=\"brick-c-cFOWSL\" style=\"--brick-image-ratio: 6048 \/ 4024;\"\/><\/p>\n<p>      BYP\u00c5SKE: Meteorologen sier det er for tidlig \u00e5 si noe sikkert om p\u00e5skev\u00e6ret. S\u00e5nn som det ser ut n\u00e5, ligger det an til en p\u00e5ske uten ski og skuter.<br \/>\n      Foto: Stine Skipnes\n    <\/p>\n<p>Vanligvis er det flust med folk p\u00e5 hyttene p\u00e5 denne tida av \u00e5ret, men i helga var det kun et par biler \u00e5 se langs Tomasvassveien. En vei som, if\u00f8lge Olsen, begynner \u00e5 bli temmelig d\u00e5rlig.<\/p>\n<p>\u2013 Den er helt i oppl\u00f8sning. Det er full v\u00e5rl\u00f8sning, s\u00e5 det sp\u00f8rs hva det blir framover, sier han.<\/p>\n<p>Olsen opplyser at isen er tykk, men det kan v\u00e6re en del vann inn mot land og usikkert ved utl\u00f8p av bekkene.<\/p>\n<p>    Nedb\u00f8r i b\u00f8tter og spann<\/p>\n<p>Vakthavende meteorolog ved Meteorologisk institutt i Troms\u00f8, H\u00e5vard Thorset, sier det er for tidlig \u00e5 si noe sikkert om p\u00e5skev\u00e6ret, men:<\/p>\n<p>\u2013 Det er  i n\u00e6rheten, men det ser ut som det er omr\u00e5det s\u00f8r for Helgeland som f\u00e5r mest nedb\u00f8r. Vi f\u00e5r bare vente og se litt.<\/p>\n<p>N\u00e5r det gjelder v\u00e6ret de kommende dagene, er det mye regn p\u00e5 Helgeland i dag, og s\u00e5 blir det en liten pause midt p\u00e5 dagen i morgen tirsdag. Onsdag ligger an til \u00e5 bli finv\u00e6rsdagen denne uka.<\/p>\n<p>\u2013 Da ser det ganske fint ut, med rolige vindforhold og god sjanse for at det blir sol.<\/p>\n<p>    Betydelig sn\u00f8skredfare<\/p>\n<p>Torsdag meldes det p\u00e5landsvind fra nordvest, videre blir det sludd og sn\u00f8 natt til fredag. Hva som skjer i slutten av uka begynner \u00e5 bli litt usikkert.<\/p>\n<p>\u2013 Det er ganske kald luft natt til fredag, men sannsynligvis mildere mot palmehelga. Det er ikke s\u00e5 mye nedb\u00f8r l\u00f8rdag, men det kommer nok mer regn p\u00e5 s\u00f8ndag. Mest sannsynlig blir det plussgrader, s\u00e5 hvis du skal ha t\u00f8rrsn\u00f8, m\u00e5 du opp i h\u00f8yden, sier Thorset. P\u00e5 sp\u00f8rsm\u00e5l om hvor h\u00f8yt, antyder han 400\u2013500 moh.<\/p>\n<p>varsom.no melder om betydelig sn\u00f8skredfare p\u00e5 Helgeland: P\u00e5 fjellet over mildv\u00e6rsgrensen kan store skred l\u00f8sne av seg selv. I lavlandet synker skredfaren med minkende temperatur. Ved kysten og ved havniv\u00e5 er det sn\u00f8fritt.<\/p>\n<p>  <a data-static=\"\" href=\"#skip-\" class=\"brick-c-fgNmNC\">Hopp over karusellen.<\/a><\/p>\n<p data-static=\"\" class=\"brick-c-fgNmNC\" id=\"carousel-title-\">Innholdskarusell med 10 artikler.<\/p>\n<ul data-static=\"\" aria-label=\"Navigasjon for innholdskarusell\" class=\"carousel-nav\">\n<li>\n<\/li>\n<li>\n<\/li>\n<\/ul>\n","protected":false},"excerpt":{"rendered":"[HELGELENDINGEN]: \u2013 Det er helt elendig. Sn\u00f8en er s\u00e5 oppl\u00f8st at man g\u00e5r rett gjennom der det ikke&hellip;\n","protected":false},"author":2,"featured_media":195331,"comment_status":"","ping_status":"","sticky":false,"template":"","format":"standard","meta":{"footnotes":"","_share_on_mastodon":"0"},"categories":[10],"tags":[36,20,21,24,25,2450,15,2551,22,23,3153,13,30,28,29,14,16,16923,1510,26,27,553],"class_list":["post-195330","post","type-post","status-publish","format-standard","has-post-thumbnail","category-norge","tag-art","tag-breaking-news","tag-breakingnews","tag-featured-news","tag-featurednews","tag-grane","tag-headlines","tag-helgeland","tag-latest-news","tag-latestnews","tag-nedbor","tag-news","tag-no","tag-norge","tag-norway","tag-nyheter","tag-overskrifter","tag-paske","tag-story","tag-top-stories","tag-topstories","tag-vaer"],"share_on_mastodon":{"url":"https:\/\/pubeurope.com\/@no\/116280074278175120","error":""},"_links":{"self":[{"href":"https:\/\/www.europesays.com\/no\/wp-json\/wp\/v2\/posts\/195330","targetHints":{"allow":["GET"]}}],"collection":[{"href":"https:\/\/www.europesays.com\/no\/wp-json\/wp\/v2\/posts"}],"about":[{"href":"https:\/\/www.europesays.com\/no\/wp-json\/wp\/v2\/types\/post"}],"author":[{"embeddable":true,"href":"https:\/\/www.europesays.com\/no\/wp-json\/wp\/v2\/users\/2"}],"replies":[{"embeddable":true,"href":"https:\/\/www.europesays.com\/no\/wp-json\/wp\/v2\/comments?post=195330"}],"version-history":[{"count":0,"href":"https:\/\/www.europesays.com\/no\/wp-json\/wp\/v2\/posts\/195330\/revisions"}],"wp:featuredmedia":[{"embeddable":true,"href":"https:\/\/www.europesays.com\/no\/wp-json\/wp\/v2\/media\/195331"}],"wp:attachment":[{"href":"https:\/\/www.europesays.com\/no\/wp-json\/wp\/v2\/media?parent=195330"}],"wp:term":[{"taxonomy":"category","embeddable":true,"href":"https:\/\/www.europesays.com\/no\/wp-json\/wp\/v2\/categories?post=195330"},{"taxonomy":"post_tag","embeddable":true,"href":"https:\/\/www.europesays.com\/no\/wp-json\/wp\/v2\/tags?post=195330"}],"curies":[{"name":"wp","href":"https:\/\/api.w.org\/{rel}","templated":true}]}}