{"id":195401,"date":"2026-03-23T21:11:47","date_gmt":"2026-03-23T21:11:47","guid":{"rendered":"https:\/\/www.europesays.com\/no\/195401\/"},"modified":"2026-03-23T21:11:47","modified_gmt":"2026-03-23T21:11:47","slug":"feiring-nytt-ar-danset-inn-varen-og-det-nye-aret-midt-i-mars-se-bildene","status":"publish","type":"post","link":"https:\/\/www.europesays.com\/no\/195401\/","title":{"rendered":"Feiring, Nytt \u00e5r | Danset inn v\u00e5ren og det nye \u00e5ret midt i mars: Se bildene"},"content":{"rendered":"\n<p>Inne i lokalet p\u00e5 Huset V\u00e5rt blir vi m\u00f8tt av h\u00f8y og fengende musikk denne l\u00f8rdagen. P\u00e5 gulvet danser en rekke mennesker den tradisjonelle kurdiske dansen Halparke.<\/p>\n<p>Nouruz, Nowruz eller Newroz betyr \u00abny dag\u00bb og feires som starten p\u00e5 det nye \u00e5ret i en rekke kulturer i Asia og Midt\u00f8sten \u2013 nettopp fordi 21. mars regnes som v\u00e5rens aller f\u00f8rste dag.<\/p>\n<p>\u2013 Viktig tradisjon<\/p>\n<p>Mange er kledd i drakter med vakre farger og detaljer. Feiringen i dag ble ganske spontant arrangert, men likevel var det mange som tok turen. \u00c9n av dem er 15 \u00e5r gamle Shekho Hussein, som har kommet til Huset V\u00e5rt denne l\u00f8rdagen.<\/p>\n<p>\u2013 I hjemlandet mitt pleide vi \u00e5 brenne fakler og g\u00e5 turer i fjellet natt til 21. mars. Det kan vi ikke n\u00e5, s\u00e5 da samles vi her. Det synes jeg er veldig fint, smiler han.<\/p>\n<p>Han forteller videre om hvem som markerer denne dagen:<\/p>\n<p>\u2013 Dagen feires ofte av zoroastere, men ogs\u00e5 av muslimer. Det er en gammel tradisjon vi synes det er viktig \u00e5 beholde. Jeg vil ikke glemme hvor jeg kommer fra, selv om jeg bor i Norge, legger Shekho til.<\/p>\n<p>   <img decoding=\"async\" width=\"5568\" height=\"3712\" fetchpriority=\"low\"  loading=\"lazy\"  src=\"https:\/\/www.europesays.com\/no\/wp-content\/uploads\/2026\/03\/Nytt%C3%A5r-3.jpg\" alt=\"\" class=\"brick-c-cFOWSL\" style=\"--brick-image-ratio: 5568 \/ 3712;\"\/><\/p>\n<p>      Her danser Shekho tradisjonell kurdisk dans.<br \/>\n      Foto: Iselin Moen Solheim\n    <\/p>\n<p>  Offisiell FN-dag<\/p>\n<p>Dagen feires, som Shekho ogs\u00e5 forteller, over et stort geografisk omr\u00e5de. Disse strekker seg fra Aserbajdsjan, Albania og Tyrkia til Iran, Pakistan, India, Kirgisistan, Tadsjikistan og Usbekistan. Over 300 millioner mennesker feirer Nowruz, og folk i Sentral-Asia og Midt\u00f8sten har feiret dagen i over 3000 \u00e5r, if\u00f8lge <a href=\"https:\/\/fn.no\/om-fn\/fn-dager-kalender\/kalender\/nowruz-persisk-nyttaar\" rel=\"Follow nofollow noopener\" target=\"_blank\">FN<\/a>.<\/p>\n<p>Nowruz st\u00e5r ogs\u00e5 p\u00e5 UNESCOs representative liste over menneskehetens immaterielle kulturarv (tradisjoner, skikker og kunnskap som overf\u00f8res mellom generasjoner). Den er i tillegg en internasjonal FN-dag.<\/p>\n<p>    Vil du se neste video?<\/p>\n<p>    <a href=\"https:\/\/www.telen.no\/luksusbryllup-i-india\/v\/5-75-914467\" class=\"recommend-poster\" data-adp-clicklabel=\"video-recommend\" data-adp-clickvalue=\"poster\" rel=\"nofollow noopener\" target=\"_blank\"><br \/>\n      <img decoding=\"async\" width=\"200\" height=\"200\" loading=\"lazy\" src=\"https:\/\/www.europesays.com\/no\/wp-content\/uploads\/2026\/03\/v-i-c39f0f62-4201-4fa7-ba1e-e22f9912abfa-1.jpg\" alt=\"\" class=\"brick-c-cFOWSL\" style=\"--brick-image-ratio: 200 \/ 200;\"\/><\/p>\n<p>Luksusbryllup i India1:29<\/p>\n<p>    <\/a><\/p>\n<p>\u2013 Veldig g\u00f8y!<\/p>\n<p>For barna var det \u00e5 danse og h\u00f8re kurdisk musikk det aller beste. I alle fall if\u00f8lge Sarah og Sila.<\/p>\n<p>\u2013 Det er veeeeeldig g\u00f8y, sier jentene.<\/p>\n<p>   <img decoding=\"async\" width=\"4430\" height=\"2837\" fetchpriority=\"low\"  loading=\"lazy\"  src=\"https:\/\/www.europesays.com\/no\/wp-content\/uploads\/2026\/03\/Nytt%C3%A5r-6.jpg\" alt=\"\" class=\"brick-c-cFOWSL\" style=\"--brick-image-ratio: 4430 \/ 2837;\"\/><\/p>\n<p>      Sarah og Sila.<br \/>\n      Foto: Iselin Moen Solheim\n    <\/p>\n<p>\u2013 I tillegg spiser vi alltid god mat n\u00e5r vi feirer nytt\u00e5r, smiler de.<\/p>\n<p>Mange ville vise fram sine tradisjonelle kl\u00e6r til Telen. Se bildene:<\/p>\n<p>  <a href=\"https:\/\/www.telen.no\/5-75-914865\" class=\"related-teaser has-image article--c-MkAkR\" rel=\"nofollow noopener\" target=\"_blank\"><\/p>\n<p>    <img decoding=\"async\" width=\"155\"  loading=\"lazy\"  src=\"https:\/\/www.europesays.com\/no\/wp-content\/uploads\/2026\/03\/Nytt%C3%A5r-7.jpg\" alt=\"\" class=\"brick-c-cFOWSL\" style=\"\"\/><\/p>\n<p>\n            Bildeserie<\/p>\n<p>            Se bildene\n        <\/p>\n<p>  <\/a><br \/>\n  \u2013 Selv om vi dyrker identiteten v\u00e5r, betyr ikke det at vi ikke integrerer oss<\/p>\n<p>Bassam Ali, som bor p\u00e5 flyktningmottaket p\u00e5 Notodden, snakker ikke norsk enn\u00e5. Men med god hjelp fra en oversetter f\u00e5r han fortalt hvor mye dagen betyr for ham:<\/p>\n<p>\u2013 Jeg er veldig takknemlig for at vi f\u00e5r bruke disse lokalene til \u00e5 feire her, spesielt siden vi ikke har mulighet til \u00e5 gj\u00f8re det i v\u00e5rt eget hjemland, sier han.<\/p>\n<p>   <img decoding=\"async\" width=\"5399\" height=\"3458\" fetchpriority=\"low\"  loading=\"lazy\"  src=\"https:\/\/www.europesays.com\/no\/wp-content\/uploads\/2026\/03\/Nytt%C3%A5r-2.jpg\" alt=\"\" class=\"brick-c-cFOWSL\" style=\"--brick-image-ratio: 5399 \/ 3458;\"\/><\/p>\n<p>      Bassam, her sammen med Hazam (t.h.)<br \/>\n      Foto: Iselin Moen Solheim\n    <\/p>\n<p>Han forklarer at dansen er selve hjertet i feiringen. Hjemme i Syria er dansen et fellesskap som forener folk i b\u00e5de sorg og glede. For Bassam henger stolthet over egen bakgrunn og integrering i det norske samfunnet tett sammen:<\/p>\n<p>\u2013 Jeg vil takke det demokratiske Norge for at vi, uansett etnisitet, har friheten til \u00e5 holde fast ved v\u00e5re kulturelle tradisjoner.<\/p>\n<p>Bassam legger til et viktig poeng om framtiden:<\/p>\n<p><b> \u2013 Selv om vi dyrker identiteten v\u00e5r, betyr ikke det at vi ikke integrerer oss. Vi, og barna v\u00e5re, er den neste generasjonen nordmenn. Vi \u00f8nsker alle \u00e5 bidra til samfunnet, smiler han. <\/b><\/p>\n","protected":false},"excerpt":{"rendered":"Inne i lokalet p\u00e5 Huset V\u00e5rt blir vi m\u00f8tt av h\u00f8y og fengende musikk denne l\u00f8rdagen. P\u00e5 gulvet&hellip;\n","protected":false},"author":2,"featured_media":195402,"comment_status":"","ping_status":"","sticky":false,"template":"","format":"standard","meta":{"footnotes":"","_share_on_mastodon":"0"},"categories":[12],"tags":[36,20,21,24,25,5760,15,22,23,13,30,28,29,523,14,19269,16,1510,26,27,42,43,44,45],"class_list":["post-195401","post","type-post","status-publish","format-standard","has-post-thumbnail","category-verden","tag-art","tag-breaking-news","tag-breakingnews","tag-featured-news","tag-featurednews","tag-feiring","tag-headlines","tag-latest-news","tag-latestnews","tag-news","tag-no","tag-norge","tag-norway","tag-notodden","tag-nyheter","tag-nytt-ar","tag-overskrifter","tag-story","tag-top-stories","tag-topstories","tag-verden","tag-world","tag-world-news","tag-worldnews"],"share_on_mastodon":{"url":"https:\/\/pubeurope.com\/@no\/116280550169543590","error":""},"_links":{"self":[{"href":"https:\/\/www.europesays.com\/no\/wp-json\/wp\/v2\/posts\/195401","targetHints":{"allow":["GET"]}}],"collection":[{"href":"https:\/\/www.europesays.com\/no\/wp-json\/wp\/v2\/posts"}],"about":[{"href":"https:\/\/www.europesays.com\/no\/wp-json\/wp\/v2\/types\/post"}],"author":[{"embeddable":true,"href":"https:\/\/www.europesays.com\/no\/wp-json\/wp\/v2\/users\/2"}],"replies":[{"embeddable":true,"href":"https:\/\/www.europesays.com\/no\/wp-json\/wp\/v2\/comments?post=195401"}],"version-history":[{"count":0,"href":"https:\/\/www.europesays.com\/no\/wp-json\/wp\/v2\/posts\/195401\/revisions"}],"wp:featuredmedia":[{"embeddable":true,"href":"https:\/\/www.europesays.com\/no\/wp-json\/wp\/v2\/media\/195402"}],"wp:attachment":[{"href":"https:\/\/www.europesays.com\/no\/wp-json\/wp\/v2\/media?parent=195401"}],"wp:term":[{"taxonomy":"category","embeddable":true,"href":"https:\/\/www.europesays.com\/no\/wp-json\/wp\/v2\/categories?post=195401"},{"taxonomy":"post_tag","embeddable":true,"href":"https:\/\/www.europesays.com\/no\/wp-json\/wp\/v2\/tags?post=195401"}],"curies":[{"name":"wp","href":"https:\/\/api.w.org\/{rel}","templated":true}]}}