{"id":19547,"date":"2025-08-27T15:33:15","date_gmt":"2025-08-27T15:33:15","guid":{"rendered":"https:\/\/www.europesays.com\/no\/19547\/"},"modified":"2025-08-27T15:33:15","modified_gmt":"2025-08-27T15:33:15","slug":"oljefondet-er-ikke-det-eneste-som-ma-rydde","status":"publish","type":"post","link":"https:\/\/www.europesays.com\/no\/19547\/","title":{"rendered":"Oljefondet er ikke det eneste som m\u00e5 rydde"},"content":{"rendered":"\n<p class=\"_lead_1bvmi_2 _lead_xtcu6_50 layout-component text-serif-m layout-normal text-serif-l layout-component layout-normal layout-padded layout-padded\">Venstresiden raser. Men s\u00e5 driver de p\u00e5 med det samme selv. <\/p>\n<p>Er fra Nordm\u00f8re, bor i Surnadal. Pendler til Oslo. Skriver om alt fra norsk politikk til kj\u00f8nn, kongehus, energi, sosiale medier og krim. <\/p>\n<p><a href=\"https:\/\/www.vg.no\/nyheter\/i\/Gykjyx\/mailto:astrid.meland@vg.no\" class=\"_button_6bkpv_2 button-label-large _filled_6bkpv_106 _button_43ilh_75\" rel=\"nofollow noopener\" target=\"_blank\">E-post<\/a><img alt=\"STILTE ULTIMATUM: SVs leder Kirsti Bergst\u00f8.  Foto: Helge Mikalsen \/ VG\" class=\"_image_qp4xg_65 layout-component layout-wide\" data-fullscreen- data-track-element-type=\"Article image fullscreen\" data-track-name=\"ImageFullscreen\" fetchpriority=\"high\" decoding=\"sync\" loading=\"eager\" height=\"5351\" itemprop=\"image\"  src=\"https:\/\/www.europesays.com\/no\/wp-content\/uploads\/2025\/08\/6c77d6a6-74ec-4246-98fe-70187838e1cc\"  style=\"object-position:0% 0%\" width=\"8102\"\/>STILTE ULTIMATUM: SVs leder Kirsti Bergst\u00f8.  Foto: Helge Mikalsen \/ VGOnsdag 27. august kl. 10:09     <\/p>\n<p class=\"_paragraph_1bvmi_4 _paragraph_xtcu6_10 layout-component text-serif-m layout-normal text-serif-m layout-padded\">Opposisjonen p\u00e5 Stortinget krevde<a href=\"https:\/\/www.vg.no\/nyheter\/i\/0Vm3jA\/kontrollkomiteen-krever-bedre-svar-fra-stoltenberg\" data-track-element-type=\"Link\" data-track-id=\"link:0Vm3jA\" class=\"_link_1bvmi_39\" rel=\"nofollow noopener\" target=\"_blank\"> tirsdag <\/a>bedre svar fra finansminister Jens Stoltenberg. <\/p>\n<p class=\"_paragraph_1bvmi_4 _paragraph_xtcu6_10 layout-component text-serif-m layout-normal text-serif-m layout-padded\">Norske oljepenger er investert i israelske selskaper. <\/p>\n<p class=\"_paragraph_1bvmi_4 _paragraph_xtcu6_10 layout-component text-serif-m layout-normal text-serif-m layout-padded\">Oljefond-sjef Nicolai Tangen har kalt <a href=\"https:\/\/e24.no\/boers-og-finans\/i\/gwoWRk\/nicolai-tangen-min-verste-krise-noensinne\" class=\"_link_1bvmi_39\" rel=\"nofollow noopener\" target=\"_blank\">saken sin st\u00f8rste<\/a> krise noensinne. Nedsalget er i gang. <\/p>\n<p><img alt=\"AKTIVE: Demonstranter fra Palestinakomiteen foran Oljefondets lokaler.\" class=\"_image_qp4xg_65 layout-component layout-normal\" data-fullscreen- data-track-element-type=\"Article image fullscreen\" data-track-name=\"ImageFullscreen\" decoding=\"async\" loading=\"lazy\" height=\"5464\" itemprop=\"image\"  src=\"https:\/\/www.europesays.com\/no\/wp-content\/uploads\/2025\/08\/9d199bc0-708b-4230-a57d-f5c81045ee2d\"  style=\"object-position:0% 0%\" width=\"8192\"\/>AKTIVE: Demonstranter fra Palestinakomiteen foran Oljefondets lokaler.<\/p>\n<p class=\"_paragraph_1bvmi_4 _paragraph_xtcu6_10 layout-component text-serif-m layout-normal text-serif-m layout-padded\">Men det stanser ikke kritikken. Stoltenberg har <a href=\"https:\/\/palestinakomiteen.no\/aktuelt\/10-aktuelt\/240-oljefondet-er-fortsatt-investert-i-okkupasjon-og-folkemord#:~:text=Men%20Oljefondet%20har%20fortsatt%20aksjer,av%20Palestina%20per%20desember%202024.\" class=\"_link_1bvmi_39\" rel=\"nofollow noopener\" target=\"_blank\">f\u00e5tt h\u00f8re at <\/a>han og Norge investerer i folkerettsbrudd og folkemord. <\/p>\n<p class=\"_paragraph_1bvmi_4 _paragraph_xtcu6_10 layout-component text-serif-m layout-normal text-serif-m layout-padded\">SV kom nylig med en marsjordre i VG, <a href=\"https:\/\/www.vg.no\/nyheter\/i\/632OL8\/sv-leder-kirsti-bergstoe-stiller-ultimatum-til-ap-om-oljefondet\" data-track-element-type=\"Link\" data-track-id=\"link:632OL8\" class=\"_link_1bvmi_39\" rel=\"nofollow noopener\" target=\"_blank\">et <\/a>ultimatum. <\/p>\n<p class=\"_paragraph_1bvmi_4 _paragraph_xtcu6_10 layout-component text-serif-m layout-normal text-serif-m layout-padded\">De vil ikke st\u00f8tte Arbeiderpartiet etter valget, med mindre Norge trekker seg ut av selskaper som st\u00f8tter folkemord. <\/p>\n<p class=\"_paragraph_1bvmi_4 _paragraph_xtcu6_10 layout-component text-serif-m layout-normal text-serif-m layout-padded\">Men hvem er det egentlig som m\u00e5 rydde? <\/p>\n<p class=\"_paragraph_1bvmi_4 _paragraph_xtcu6_10 layout-component text-serif-m layout-normal text-serif-m layout-padded\">Det er mulig venstresiden m\u00e5 starte med seg selv.<\/p>\n<p class=\"_paragraph_1bvmi_4 _paragraph_xtcu6_10 layout-component text-serif-m layout-normal text-serif-m layout-padded\">Dagens N\u00e6ringsliv har g\u00e5tt gjennom deres <a href=\"https:\/\/www.dn.no\/politikk\/israel\/kirsti-bergsto\/lo\/sv-rodt-og-lo-sparer-pensjon-for-ansatte-i-selskaper-de-vil-svarteliste-fra-oljefondet\/2-1-1861197\" class=\"_link_1bvmi_39\" rel=\"nofollow noopener\" target=\"_blank\">plasseringer<\/a> av de ansattes pensjonspenger. <\/p>\n<p class=\"_paragraph_1bvmi_4 _paragraph_xtcu6_10 layout-component text-serif-m layout-normal text-serif-m layout-padded\">SV, R\u00f8dt og LO sparer i fond som har plassert pengene i selskaper de selv vil svarteliste. <\/p>\n<p class=\"_paragraph_1bvmi_4 _paragraph_xtcu6_10 layout-component text-serif-m layout-normal text-serif-m layout-padded\">Det samme gj\u00f8r Palestinakomiteen. <\/p>\n<p><img alt=\"I STORMEN: Nicolai Tangen i Oljefondet sammen med finansminister Jens Stoltenberg.   Foto: Gwladys Fouche \/ Reuters \/ NTB\" class=\"_image_qp4xg_65 layout-component layout-normal\" data-fullscreen- data-track-element-type=\"Article image fullscreen\" data-track-name=\"ImageFullscreen\" decoding=\"async\" loading=\"lazy\" height=\"2637\" itemprop=\"image\"  src=\"https:\/\/www.europesays.com\/no\/wp-content\/uploads\/2025\/08\/1fa6afea-c3d3-488c-9721-06d5d8dff9ce\"  style=\"object-position:0% 0%\" width=\"4032\"\/>I STORMEN: Nicolai Tangen i Oljefondet sammen med finansminister Jens Stoltenberg.   Foto: Gwladys Fouche \/ Reuters \/ NTB<\/p>\n<p class=\"_paragraph_1bvmi_4 _paragraph_xtcu6_10 layout-component text-serif-m layout-normal text-serif-m layout-padded\">SVs pensjon st\u00e5r for eksempel i det kjente overv\u00e5kningsselskapet Palantir, den tyske v\u00e5penprodusenten Rheinmetall, Airbnb og til sammen syv selskaper de har svartelistet. <\/p>\n<p class=\"_paragraph_1bvmi_4 _paragraph_xtcu6_10 layout-component text-serif-m layout-normal text-serif-m layout-padded\">LOs pensjonspenger st\u00e5r if\u00f8lge DN i Israel Corp og til sammen i 25 selskaper som st\u00e5r p\u00e5 LOs egen boikottliste. <\/p>\n<p class=\"_paragraph_1bvmi_4 _paragraph_xtcu6_10 layout-component text-serif-m layout-normal text-serif-m layout-padded\">R\u00f8dt har ogs\u00e5 penger i fond som har kj\u00f8pt seg opp i selskap p\u00e5 LOs boikottliste, if\u00f8lge DN. <\/p>\n<p class=\"_paragraph_1bvmi_4 _paragraph_xtcu6_10 layout-component text-serif-m layout-normal text-serif-m layout-padded\">Palestinakomiteen har pengene i tyske v\u00e5pen og i overv\u00e5kning. <\/p>\n<p class=\"_paragraph_1bvmi_4 _paragraph_xtcu6_10 layout-component text-serif-m layout-normal text-serif-m layout-padded\">R\u00f8dt skylder p\u00e5 Gjensidige, som har f\u00e5tt jobben med \u00e5 skape avkastning for partiet. <\/p>\n<p class=\"_paragraph_1bvmi_4 _paragraph_xtcu6_10 layout-component text-serif-m layout-normal text-serif-m layout-padded\">SV retter skytset mot Sparebank1, som har oppdraget med \u00e5 f\u00e5 deres penger til \u00e5 vokse. <\/p>\n<p class=\"_paragraph_1bvmi_4 _paragraph_xtcu6_10 layout-component text-serif-m layout-normal text-serif-m layout-padded\">LO svarer at dette er veldig sm\u00e5 plasseringer. <\/p>\n<p class=\"_paragraph_1bvmi_4 _paragraph_xtcu6_10 layout-component text-serif-m layout-normal text-serif-m layout-padded\">Palestinakomiteen <a href=\"https:\/\/www.dn.no\/politikk\/israel\/oljefondet\/palestinakomiteen\/palestinakomiteen-sparer-pensjon-i-vapenaksje-pa-boikottliste-tar-selvkritikk\/2-1-1862247\" class=\"_link_1bvmi_39\" rel=\"nofollow noopener\" target=\"_blank\">legger seg flat<\/a>. <\/p>\n<p><img alt=\"INN I SIN EGEN SVARTELISTE: LO-leder Kine Asper Vistnes.   Foto: Hallgeir V\u00e5genes \/ VG\" class=\"_image_qp4xg_65 layout-component layout-normal\" data-fullscreen- data-track-element-type=\"Article image fullscreen\" data-track-name=\"ImageFullscreen\" decoding=\"async\" loading=\"lazy\" height=\"3635\" itemprop=\"image\"  src=\"https:\/\/www.europesays.com\/no\/wp-content\/uploads\/2025\/08\/b4aa15fb-8a1e-44bf-933b-d5052f60eafd\"  style=\"object-position:0% 0%\" width=\"5108\"\/>INN I SIN EGEN SVARTELISTE: LO-leder Kine Asper Vistnes.   Foto: Hallgeir V\u00e5genes \/ VG<\/p>\n<p class=\"_paragraph_1bvmi_4 _paragraph_xtcu6_10 layout-component text-serif-m layout-normal text-serif-m layout-padded\">Ikke at det er noen stor sak, egentlig. Reelt sett betyr disse fondsplasseringene ingenting fra eller til for krigf\u00f8ringen. <\/p>\n<p class=\"_paragraph_1bvmi_4 _paragraph_xtcu6_10 layout-component text-serif-m layout-normal text-serif-m layout-padded\">Men det trengs regler. <\/p>\n<p class=\"_paragraph_1bvmi_4 _paragraph_xtcu6_10 layout-component text-serif-m layout-normal text-serif-m layout-padded\">De f\u00e6rreste vil sette pengene sine i kriminalitet. <\/p>\n<p class=\"_paragraph_1bvmi_4 _paragraph_xtcu6_10 layout-component text-serif-m layout-normal text-serif-m layout-padded\">Kanskje g\u00e5r det likevel opp for kritikerne n\u00e5, at dette ikke er helt enkelt. <\/p>\n<p class=\"_paragraph_1bvmi_4 _paragraph_xtcu6_10 layout-component text-serif-m layout-normal text-serif-m layout-padded\">\u00c5 unng\u00e5 \u00e5 v\u00e6re i n\u00e6rheten av noe som minner om diktatur, krigf\u00f8ring og Israel, det er sv\u00e6rt krevende. <\/p>\n<p class=\"_paragraph_1bvmi_4 _paragraph_xtcu6_10 layout-component text-serif-m layout-normal text-serif-m layout-padded\">Verden er globalisert og selskaper kj\u00f8per utstyr og tjenester av hverandre i mange ledd. <\/p>\n<p class=\"_paragraph_1bvmi_4 _paragraph_xtcu6_10 layout-component text-serif-m layout-normal text-serif-m layout-padded\">For strenge regler vil g\u00e5 ut over avkastningen. <\/p>\n<p class=\"_paragraph_1bvmi_4 _paragraph_xtcu6_10 layout-component text-serif-m layout-normal text-serif-m layout-padded\">Som Finansavisen skrev tirsdag, brukes israelsk teknologi blant annet i de norske jagerflyene, samtidig som Oljefondet har svartelistet selskapet bak. <\/p>\n<p><img alt=\"KRITISK: E\u00f8dts partileder Marie Sneve Martinussen vil ha Oljefondet ut av Israel.   Foto: G\u00f8ran Bohlin \/ VG\" class=\"_image_qp4xg_65 layout-component layout-normal\" data-fullscreen- data-track-element-type=\"Article image fullscreen\" data-track-name=\"ImageFullscreen\" decoding=\"async\" loading=\"lazy\" height=\"5504\" itemprop=\"image\"  src=\"https:\/\/www.europesays.com\/no\/wp-content\/uploads\/2025\/08\/9384f4d7-0842-42f4-9488-cb7a08744018\"  style=\"object-position:0% 0%\" width=\"8256\"\/>KRITISK: E\u00f8dts partileder Marie Sneve Martinussen vil ha Oljefondet ut av Israel.   Foto: G\u00f8ran Bohlin \/ VG<\/p>\n<p class=\"_paragraph_1bvmi_4 _paragraph_xtcu6_10 layout-component text-serif-m layout-normal text-serif-m layout-padded\">Oljefondet er en maktfaktor og har til jobb \u00e5 investere penger. De skal v\u00e6re mer bevisst enn SV, LO og R\u00f8dt. <\/p>\n<p class=\"_paragraph_1bvmi_4 _paragraph_xtcu6_10 layout-component text-serif-m layout-normal text-serif-m layout-padded\">De setter pengene i fond nettopp for \u00e5 slippe \u00e5 gj\u00f8re jobben selv. <\/p>\n<p class=\"_paragraph_1bvmi_4 _paragraph_xtcu6_10 layout-component text-serif-m layout-normal text-serif-m layout-padded\">Til gjengjeld har Oljefondet ekstremt mye mer penger som det skal bli kvitt, og det er vanskeligere for dem \u00e5 unng\u00e5 kritikk. <\/p>\n<p class=\"_paragraph_1bvmi_4 _paragraph_xtcu6_10 layout-component text-serif-m layout-normal text-serif-m layout-padded\">Problemet for venstresiden er at de selv har truet og kritisert, og ikke sett mildt p\u00e5 at feilkj\u00f8p kan rettes opp i etterkant. <\/p>\n<p class=\"_paragraph_1bvmi_4 _paragraph_xtcu6_10 layout-component text-serif-m layout-normal text-serif-m layout-padded\">Palestinakomiteen har kritisert fond og banker for \u00e5 ha israelske plasseringer. De visste alts\u00e5 om dette. <\/p>\n<p class=\"_paragraph_1bvmi_4 _paragraph_xtcu6_10 layout-component text-serif-m layout-normal text-serif-m layout-padded\">N\u00e5 st\u00e5r de i fare for \u00e5 m\u00e5tte svarteliste seg selv. <\/p>\n<p class=\"_paragraph_1bvmi_4 _paragraph_xtcu6_10 layout-component text-serif-m layout-normal text-serif-m layout-padded\">Eventuelt kan de tekste med Nicolai Tangen for \u00e5 f\u00e5 r\u00e5d. Han pleier <a href=\"https:\/\/e24.no\/boers-og-finans\/i\/rP3w5e\/elon-musk-til-nicolai-tangen-i-hemmelige-sms-er-ikke-be-meg-om-noe-foer-du-har-gjort-opp-for-deg\" class=\"_link_1bvmi_39\" rel=\"nofollow noopener\" target=\"_blank\">\u00e5 v\u00e6re kjapp<\/a> til \u00e5 svare. <\/p>\n<p>   Dette er en kommentar. Kommentaren gir uttrykk for skribentens holdning. <\/p>\n","protected":false},"excerpt":{"rendered":"Venstresiden raser. Men s\u00e5 driver de p\u00e5 med det samme selv. Er fra Nordm\u00f8re, bor i Surnadal. Pendler&hellip;\n","protected":false},"author":2,"featured_media":19548,"comment_status":"","ping_status":"","sticky":false,"template":"","format":"standard","meta":{"footnotes":""},"categories":[5],"tags":[20,21,24,25,15,19,22,23,3369,17,18,13,30,28,29,14,16,3370,199,26,27,103],"class_list":{"0":"post-19547","1":"post","2":"type-post","3":"status-publish","4":"format-standard","5":"has-post-thumbnail","7":"category-overskrifter","8":"tag-breaking-news","9":"tag-breakingnews","10":"tag-featured-news","11":"tag-featurednews","12":"tag-headlines","13":"tag-hovedoppslag","14":"tag-latest-news","15":"tag-latestnews","16":"tag-lo","17":"tag-main-news","18":"tag-mainnews","19":"tag-news","20":"tag-no","21":"tag-norge","22":"tag-norway","23":"tag-nyheter","24":"tag-overskrifter","25":"tag-palestinakomiteen","26":"tag-stortingsvalg","27":"tag-top-stories","28":"tag-topstories","29":"tag-vgmeninger"},"share_on_mastodon":{"url":"","error":""},"_links":{"self":[{"href":"https:\/\/www.europesays.com\/no\/wp-json\/wp\/v2\/posts\/19547","targetHints":{"allow":["GET"]}}],"collection":[{"href":"https:\/\/www.europesays.com\/no\/wp-json\/wp\/v2\/posts"}],"about":[{"href":"https:\/\/www.europesays.com\/no\/wp-json\/wp\/v2\/types\/post"}],"author":[{"embeddable":true,"href":"https:\/\/www.europesays.com\/no\/wp-json\/wp\/v2\/users\/2"}],"replies":[{"embeddable":true,"href":"https:\/\/www.europesays.com\/no\/wp-json\/wp\/v2\/comments?post=19547"}],"version-history":[{"count":0,"href":"https:\/\/www.europesays.com\/no\/wp-json\/wp\/v2\/posts\/19547\/revisions"}],"wp:featuredmedia":[{"embeddable":true,"href":"https:\/\/www.europesays.com\/no\/wp-json\/wp\/v2\/media\/19548"}],"wp:attachment":[{"href":"https:\/\/www.europesays.com\/no\/wp-json\/wp\/v2\/media?parent=19547"}],"wp:term":[{"taxonomy":"category","embeddable":true,"href":"https:\/\/www.europesays.com\/no\/wp-json\/wp\/v2\/categories?post=19547"},{"taxonomy":"post_tag","embeddable":true,"href":"https:\/\/www.europesays.com\/no\/wp-json\/wp\/v2\/tags?post=19547"}],"curies":[{"name":"wp","href":"https:\/\/api.w.org\/{rel}","templated":true}]}}