{"id":195541,"date":"2026-03-24T00:02:29","date_gmt":"2026-03-24T00:02:29","guid":{"rendered":"https:\/\/www.europesays.com\/no\/195541\/"},"modified":"2026-03-24T00:02:29","modified_gmt":"2026-03-24T00:02:29","slug":"arbeidsliv-trysil-ferdig-i-nrk-ma-opereres","status":"publish","type":"post","link":"https:\/\/www.europesays.com\/no\/195541\/","title":{"rendered":"Arbeidsliv, Trysil | Ferdig i NRK: M\u00e5 opereres"},"content":{"rendered":"\n<p>(<a rel=\"Follow nofollow noopener\" href=\"https:\/\/www.nettavisen.no\/\" target=\"_blank\">Nettavisen<\/a>): \u2013 Ola, it&#8217;s your last day, bryter skiskytterstjernen Dorothea Wierer ut n\u00e5r hun m\u00f8ter p\u00e5 Ola Lunde (67) i Holmenkollen.\u00a0<\/p>\n<p>S\u00f8ndag hadde han sin siste dag som skiskytterekspert for NRK etter \u00e5 ha meldt om \u00abgrov bom, treff l\u00e5g og midt i\u00bb fra standplass i en \u00e5rrekke.\u00a0<\/p>\n<p>Wierer var langt ifra den eneste som huket tak i Lunde for \u00e5 gi han noen hyggelige ord under s\u00f8ndagens verdenscupavslutning i Holmenkollen.\u00a0<\/p>\n<p>\u2013 Det er veldig mange som takker meg av, s\u00e5 det er jo litt spesielt. Det har jo tross alt v\u00e6rt en del av livet mitt siden 2000. Det er en litt merkelig dag, sier Lunde til Nettavisen.\u00a0<\/p>\n<p><b>Les ogs\u00e5: <a href=\"https:\/\/www.nettavisen.no\/sport\/har-fatt-nok-gar-hardt-ut-mot-tiril-eckhoff\/s\/5-95-2938978\" rel=\"Follow nofollow noopener\" target=\"_blank\">Har f\u00e5tt nok: Fyrer l\u00f8s mot Eckhoff<\/a><\/b><\/p>\n<p>Mye oppmerksomhet<\/p>\n<p>Lunde takket for seg i NRK med \u00e5 kommentere Johan-Olav Botn over m\u00e5l til seier i Kollen etter 20 treff. L\u00f8rdag ble veteranen fra Trysil hyllet p\u00e5 et eget arrangement i forbindelse med rennene i Holmenkollen.\u00a0<\/p>\n<p>   <img decoding=\"async\" width=\"8640\" height=\"5760\" fetchpriority=\"low\"  loading=\"lazy\"  src=\"https:\/\/www.europesays.com\/no\/wp-content\/uploads\/2026\/03\/OlaLunde+%282%29.jpg\" alt=\"\" class=\"brick-c-cFOWSL\" style=\"--brick-image-ratio: 8640 \/ 5760;\"\/><\/p>\n<p>      SISTE RENN: Ola Lunde takket for seg etter 26 \u00e5r i NRK etter s\u00f8ndagens renn i Holmenkollen.<br \/>\n      Foto: Heiko Junge (NTB)\n    <\/p>\n<p>Der dukket Sturla Holm L\u00e6greid opp som gjestegitarist. I tillegg ble Lunde dratt opp p\u00e5 scenen for allsang sammen med flere landslagsl\u00f8pere.<\/p>\n<p>\u2013 Det var veldig overraskende og veldig hyggelig, sier Lunde.\u00a0<\/p>\n<p>Samtidig innr\u00f8mmer han at det kanskje har blitt litt mye oppmerksomhet p\u00e5 han som person de siste dagene.\u00a0<\/p>\n<p>\u2013 Jeg synes det er nok. Jeg tenker ikke det har betydd s\u00e5 mye de greiene her, men det er hyggelig at folk setter pris p\u00e5 det man har gjort, sier han.\u00a0<\/p>\n<p>Landslagsl\u00f8per Johannes Dale-Skjevdal var med \u00e5 synge med Lunde p\u00e5 scenen, og han har nok sett Lunde mer komfortabel enn han gjorde da.\u00a0<\/p>\n<p>\u2013 Det var vel kanskje ikke Ola i sitt ess, det m\u00e5 man kanskje si. Men jeg tror ogs\u00e5 han setter pris at mange viser at han har betydd veldig mye for mange. Det tror jeg alle synes er koselig, sier han til Nettavisen.\u00a0<\/p>\n<p>Rett p\u00e5 operasjonsbordet<\/p>\n<p>Det blir kanskje heller ikke den mest komfortable starten p\u00e5 pensjonstilv\u00e6relsen for Lunde n\u00e5r han allerede tirsdag skal under kniven. Han skal operere en tr\u00f8blete hofte.\u00a0<\/p>\n<p>\u2013 Det er rett p\u00e5 operasjonsbordet. Jeg har slitt med den en stund, i hvert fall det siste \u00e5ret ganske mye, forteller han.\u00a0<\/p>\n<p>Planene hans fremover er dermed hofteoperasjon, opptrening og bruke mer tid med sine fire barnebarn. Samtidig forteller han at han ikke har gjort sin aller siste jobb for NRK, for i august skal han som vanlig kommentere Landsskytterstevnet.<\/p>\n<p>Tiden hans som skiskytterekspert er imidlertid helt over. P\u00e5 sp\u00f8rsm\u00e5l om hva han kommer til \u00e5 huske best fra et langt kommentatorliv, kommer svaret overraskende kjapt.\u00a0<\/p>\n<p>\u2013 S\u00e5nn resultatmessig er det 18. februar 2010 som er den store dagen for meg, sier han.\u00a0<\/p>\n<p>Og for alle oss som ikke har den datoen like godt festet i minnet, forteller Lunde hvorfor akkurat den dagen var s\u00e5 stor.\u00a0<\/p>\n<p>\u2013 Da vant Tora Berger Norges 100. OL-gull, Emil Hegle Svendsen tok gull p\u00e5 20 km og Ole Einar Bj\u00f8rndalen tok s\u00f8lv senere p\u00e5 dagen. Det var en enorm dag. Det har jeg rangert som nummer \u00e9n, sier Lunde.\u00a0<\/p>\n","protected":false},"excerpt":{"rendered":"(Nettavisen): \u2013 Ola, it&#8217;s your last day, bryter skiskytterstjernen Dorothea Wierer ut n\u00e5r hun m\u00f8ter p\u00e5 Ola Lunde&hellip;\n","protected":false},"author":2,"featured_media":194782,"comment_status":"","ping_status":"","sticky":false,"template":"","format":"standard","meta":{"footnotes":"","_share_on_mastodon":"0"},"categories":[59],"tags":[465,36,30,28,29,14,83,82,1510,2040,7984],"class_list":["post-195541","post","type-post","status-publish","format-standard","has-post-thumbnail","category-sport","tag-arbeidsliv","tag-art","tag-no","tag-norge","tag-norway","tag-nyheter","tag-sport","tag-sports","tag-story","tag-trysil","tag-trysil-og-engerdal"],"share_on_mastodon":{"url":"https:\/\/pubeurope.com\/@no\/116281222413103771","error":""},"_links":{"self":[{"href":"https:\/\/www.europesays.com\/no\/wp-json\/wp\/v2\/posts\/195541","targetHints":{"allow":["GET"]}}],"collection":[{"href":"https:\/\/www.europesays.com\/no\/wp-json\/wp\/v2\/posts"}],"about":[{"href":"https:\/\/www.europesays.com\/no\/wp-json\/wp\/v2\/types\/post"}],"author":[{"embeddable":true,"href":"https:\/\/www.europesays.com\/no\/wp-json\/wp\/v2\/users\/2"}],"replies":[{"embeddable":true,"href":"https:\/\/www.europesays.com\/no\/wp-json\/wp\/v2\/comments?post=195541"}],"version-history":[{"count":0,"href":"https:\/\/www.europesays.com\/no\/wp-json\/wp\/v2\/posts\/195541\/revisions"}],"wp:featuredmedia":[{"embeddable":true,"href":"https:\/\/www.europesays.com\/no\/wp-json\/wp\/v2\/media\/194782"}],"wp:attachment":[{"href":"https:\/\/www.europesays.com\/no\/wp-json\/wp\/v2\/media?parent=195541"}],"wp:term":[{"taxonomy":"category","embeddable":true,"href":"https:\/\/www.europesays.com\/no\/wp-json\/wp\/v2\/categories?post=195541"},{"taxonomy":"post_tag","embeddable":true,"href":"https:\/\/www.europesays.com\/no\/wp-json\/wp\/v2\/tags?post=195541"}],"curies":[{"name":"wp","href":"https:\/\/api.w.org\/{rel}","templated":true}]}}