{"id":195786,"date":"2026-03-24T08:29:11","date_gmt":"2026-03-24T08:29:11","guid":{"rendered":"https:\/\/www.europesays.com\/no\/195786\/"},"modified":"2026-03-24T08:29:11","modified_gmt":"2026-03-24T08:29:11","slug":"mistet-avtale-pa-29-millioner-etter-abortspok","status":"publish","type":"post","link":"https:\/\/www.europesays.com\/no\/195786\/","title":{"rendered":"Mistet avtale p\u00e5 29 millioner etter abortsp\u00f8k"},"content":{"rendered":"\n<p class=\"_lead_145nj_2 _lead_6fko5_53 layout-component text-serif-m layout-normal text-serif-l layout-component layout-wide layout-padded _wide_17hqh_1 layout-padded\">Likevel st\u00e5r den svenske artisten fast ved sin mening.<\/p>\n<p><img alt=\"Larsson under Grammy-awards i februar. Foto: Jordan Strauss \/ AP \/ NTB\" class=\"_image_jw3bv_65 layout-component layout-wide\" data-fullscreen- data-track-element-type=\"Article image fullscreen\" data-track-name=\"ImageFullscreen\" fetchpriority=\"high\" decoding=\"sync\" loading=\"eager\" height=\"4000\" itemprop=\"image\"  src=\"https:\/\/www.europesays.com\/no\/wp-content\/uploads\/2026\/03\/9ce01968-8fa6-494d-bd1f-0d0a0250a054.jpeg\"  style=\"object-position:54.275% 50%\" width=\"6000\"\/>Larsson under Grammy-awards i februar. Foto: Jordan Strauss \/ AP \/ NTB<\/p>\n<ul aria-hidden=\"true\" class=\"_images_ntbth_112\">\n<li><a class=\"_link_ntbth_117\" href=\"https:\/\/www.vg.no\/forfatter\/hannah-solstad-klepp\" style=\"z-index:1\" title=\"Hannah Solstad Klepp\" rel=\"nofollow noopener\" target=\"_blank\"><img alt=\"Bilde av Hannah Solstad Klepp\" class=\"_image_ntbth_93\" fetchpriority=\"low\" loading=\"lazy\" decoding=\"async\" itemprop=\"image\"  src=\"https:\/\/www.europesays.com\/no\/wp-content\/uploads\/2026\/03\/1774340950_861_f811f9c1-64f7-4c50-9133-b5735831a650.jpeg\"  width=\"480\"\/><\/a><\/li>\n<\/ul>\n<p> Oppdatert tirsdag 24. mars kl. 08:56     <\/p>\n<p class=\"_paragraph_145nj_4 _paragraph_6fko5_10 layout-component text-serif-m layout-normal text-serif-m layout-padded\">Popstjernen har mistet en lukrativ avtale verdt tre millioner dollar, rundt 29 millioner norske kroner.<\/p>\n<p class=\"_paragraph_145nj_4 _paragraph_6fko5_10 layout-component text-serif-m layout-normal text-serif-m layout-padded\">Det hele startet med at en fan la ut en video fra en av <a href=\"https:\/\/www.vg.no\/tag\/zara-larsson?utm_source=vg-article&amp;utm_medium=auto-tagger&amp;utm_campaign=V66bW4\" class=\"_link_145nj_39\" rel=\"nofollow noopener\" target=\"_blank\">Zara Larssons<\/a> (28) konserter med teksten: \u00abJeg visste ikke at jeg var gravid her, men babyen min fikk i det minste h\u00f8re \u00abMidnight Sun\u00bb f\u00f8r jeg tok abort.\u00bb<\/p>\n<p class=\"_paragraph_145nj_4 _paragraph_6fko5_10 layout-component text-serif-m layout-normal text-serif-m layout-padded\">Larsson svarte med kommentaren: \u00abJeg naila konserten, ogs\u00e5 drepte du den etterp\u00e5Jeg naila konserten, ogs\u00e5 drepte du den etterp\u00e5Originalteksten var: &laquo;I killed the performance and you killed it after purrrr&raquo;. I denne sammenheng betyr &laquo;killed the performance&raquo; at hun &laquo;naila konserten&raquo; eller &laquo;leverte p\u00e5 konserten&raquo;.\u00bb.<\/p>\n<ul class=\"_gallery_1qa3s_23\" tabindex=\"0\">\n<li class=\"_item_1qa3s_37\" data-index=\"0\"><img decoding=\"async\" class=\"_image_foru8_23 _articleGallery_foru8_39\" data-fullscreen- width=\"1179\" height=\"2556\" itemprop=\"image\" loading=\"lazy\"  src=\"https:\/\/www.europesays.com\/no\/wp-content\/uploads\/2026\/03\/d7935b58-22fa-4f83-93a4-da57dd8f8461.png\"  style=\"object-position:50% 50%;aspect-ratio:var(--gallery-aspect-ratio, 16 \/ 9)\"\/>Foto: Skjermbilde \/TikTok<\/li>\n<li class=\"_item_1qa3s_37\" data-index=\"1\"><img decoding=\"async\" class=\"_image_foru8_23 _articleGallery_foru8_39\" data-fullscreen- width=\"1179\" height=\"347\" itemprop=\"image\" loading=\"lazy\"  src=\"https:\/\/www.europesays.com\/no\/wp-content\/uploads\/2026\/03\/5fda3c71-63cf-4dfe-b488-979cc7597479.jpeg\"  style=\"object-position:50% 50%;aspect-ratio:var(--gallery-aspect-ratio, 16 \/ 9)\"\/>Foto: Skjermbilde \/ TikTok<\/li>\n<\/ul>\n<p>Foto: Skjermbilde \/TikTok<\/p>\n<p class=\"_paragraph_145nj_4 _paragraph_6fko5_10 layout-component text-serif-m layout-normal text-serif-m layout-padded\">Kommentaren skapte stor debatt p\u00e5 sosiale medier, og mange kritiserte sangeren for \u00e5 sp\u00f8ke om et s\u00e5 f\u00f8lsomt tema, melder\u00a0<a href=\"https:\/\/www.dailymail.co.uk\/tvshowbiz\/article-15670595\/Zara-Larsson-reveals-lost-3million-brand-deal-making-joke-abortion-TikTok.html\" class=\"_link_145nj_39\" rel=\"nofollow noopener\" target=\"_blank\">Daily Mail<\/a>.<\/p>\n<p class=\"_paragraph_145nj_4 _paragraph_6fko5_10 layout-component text-serif-m layout-normal text-serif-m layout-padded\">I en ny video p\u00e5 sosiale medier \u2013 som ikke lenger er p\u00e5 hennes egne profiler, men som blant annet TMZ og Daily Mail har plukket opp \u2013 forklarer Larsson konsekvensene av sp\u00f8ken sin:<\/p>\n<p class=\"_paragraph_145nj_4 _paragraph_6fko5_10 layout-component text-serif-m layout-normal text-serif-m layout-padded\">\u2013 Abortsp\u00f8ken, som forresten var veldig morsom, kostet meg en avtale p\u00e5 tre millioner dollar. Hvis du ikke er enig i at kvinner skal ha tilgang til abort eller at vi kan sp\u00f8ke om det, s\u00e5 er vi ikke ment \u00e5 v\u00e6re partnere.<\/p>\n<p class=\"_paragraph_145nj_4 _paragraph_6fko5_10 layout-component text-serif-m layout-normal text-serif-m layout-padded\">Hun legger til at hun ikke angrer p\u00e5 kommentaren:<\/p>\n<p class=\"_paragraph_145nj_4 _paragraph_6fko5_10 layout-component text-serif-m layout-normal text-serif-m layout-padded\">\u2013 Du kan sende meg millioner av meldinger og kommentarer om at jeg er en d\u00e5rlig person eller en ond heks, men jeg gir blanke faen fordi jeg er s\u00e5 sikker p\u00e5 mitt standpunkt.<\/p>\n<p class=\"_paragraph_145nj_4 _paragraph_6fko5_10 layout-component text-serif-m layout-normal text-serif-m layout-padded\">Larsson har ikke avsl\u00f8rt hvilket selskap som trakk seg fra samarbeidet.<\/p>\n<p>\u2013 Aldri blitt s\u00e5 \u00abcancelled\u00bb<\/p>\n<p class=\"_paragraph_145nj_4 _paragraph_6fko5_10 layout-component text-serif-m layout-normal text-serif-m layout-padded\">Det er ikke f\u00f8rste gang <a href=\"https:\/\/www.vg.no\/i\/d4lv8O\" data-track-element-type=\"Link\" data-track-id=\"link:d4lv8O\" class=\"_link_145nj_39\" rel=\"nofollow noopener\" target=\"_blank\">den svenske artisten har st\u00e5tt i mediestormer<\/a>. <\/p>\n<p class=\"_paragraph_145nj_4 _paragraph_6fko5_10 layout-component text-serif-m layout-normal text-serif-m layout-padded\">I januar gikk hun ut p\u00e5 sosiale medier og listet opp ting hun elsker og hater. Blant annet skrev hun at hun elsker innvandrere, kriminelle og velferd, men at hun hater ICEICEDen amerikanske immigrasjonsmyndigheten.. <\/p>\n<p class=\"_paragraph_145nj_4 _paragraph_6fko5_10 layout-component text-serif-m layout-normal text-serif-m layout-padded\">Dette resulterte i at Det hvite hus publiserte en lignende video av Donald Trump dansende. De skrev at de elsker deportasjon, lov og orden, ikke velferd, og avsluttet med \u00abVI ELSKER ICE\u00bb. <\/p>\n<p class=\"_paragraph_145nj_4 _paragraph_6fko5_10 layout-component text-serif-m layout-normal text-serif-m layout-padded\">Etter at Trump-supporterne ble sinte p\u00e5 Larsson for \u00e5 si at hun elsket kriminelle, svarte hun med at \u00abDe stemte p\u00e5 en med 34 dommer for \u00e5 bli president\u00bb. <\/p>\n<p class=\"_paragraph_145nj_4 _paragraph_6fko5_10 layout-component text-serif-m layout-normal text-serif-m layout-padded\"><strong class=\"_strong_145nj_25\">Se videoen fra Det hvite hus her:<\/strong><\/p>\n<p class=\"_paragraph_145nj_4 _paragraph_6fko5_10 layout-component text-serif-m layout-normal text-serif-m layout-padded\">I 2023, dagen etter at krigen mellom Israel og Palestina startet 7. oktober, uttrykte hun st\u00f8tte til Palestina p\u00e5 sosiale medier \u2013 noe som senere f\u00f8rte til mye kritikk og store konsekvenser for karrieren hennes. Det endte med en <a href=\"https:\/\/www.vg.no\/i\/Q7zXo8\" data-track-element-type=\"Link\" data-track-id=\"link:Q7zXo8\" class=\"_link_145nj_39\" rel=\"nofollow noopener\" target=\"_blank\">offentlig beklagelse fra Larsson<\/a>.<\/p>\n<p class=\"_paragraph_145nj_4 _paragraph_6fko5_10 layout-component text-serif-m layout-normal text-serif-m layout-padded\">\u2013 Jeg har aldri blitt \u00abcancelled\u00bb p\u00e5 den m\u00e5ten f\u00f8r. Jeg har mistet spillejobber, ikke f\u00e5tt opptre p\u00e5 prisutdelinger og f\u00e5tt tilbud trukket tilbake, sa hun i en dokumentar med navnet \u00abZara Larsson \u2013 Up Close\u00bb som kom ut i h\u00f8st.<\/p>\n<p class=\"_paragraph_145nj_4 _paragraph_6fko5_10 layout-component text-serif-m layout-normal text-serif-m layout-padded\">I dokumentaren ser man ogs\u00e5 at artisten <a href=\"https:\/\/www.vg.no\/i\/9plK99\" data-track-element-type=\"Link\" data-track-id=\"link:9plK99\" class=\"_link_145nj_39\" rel=\"nofollow noopener\" target=\"_blank\">takket nei til Eurovision p\u00e5 grunn av Israel<\/a>.<\/p>\n<p class=\"_paragraph_145nj_4 _paragraph_6fko5_10 layout-component text-serif-m layout-normal text-serif-m layout-padded\">\u2013 Jeg f\u00f8lte ikke at jeg kunne g\u00e5 opp p\u00e5 den scenen den gangen og st\u00e5 for det, fortalte hun i et intervju med P4 Extra.<\/p>\n<p class=\"_paragraph_145nj_4 _paragraph_6fko5_10 layout-component text-serif-m layout-normal text-serif-m layout-padded\"><strong class=\"_strong_145nj_25\">Zara Larsson var i Oslo i november:<\/strong><\/p>\n","protected":false},"excerpt":{"rendered":"Likevel st\u00e5r den svenske artisten fast ved sin mening. Larsson under Grammy-awards i februar. Foto: Jordan Strauss \/&hellip;\n","protected":false},"author":2,"featured_media":195787,"comment_status":"","ping_status":"","sticky":false,"template":"","format":"standard","meta":{"footnotes":"","_share_on_mastodon":"0"},"categories":[58],"tags":[10032,71,30,28,29,72,10821],"class_list":["post-195786","post","type-post","status-publish","format-standard","has-post-thumbnail","category-underholdning","tag-abort","tag-entertainment","tag-no","tag-norge","tag-norway","tag-underholdning","tag-zara-larsson"],"share_on_mastodon":{"url":"https:\/\/pubeurope.com\/@no\/116283216100884126","error":""},"_links":{"self":[{"href":"https:\/\/www.europesays.com\/no\/wp-json\/wp\/v2\/posts\/195786","targetHints":{"allow":["GET"]}}],"collection":[{"href":"https:\/\/www.europesays.com\/no\/wp-json\/wp\/v2\/posts"}],"about":[{"href":"https:\/\/www.europesays.com\/no\/wp-json\/wp\/v2\/types\/post"}],"author":[{"embeddable":true,"href":"https:\/\/www.europesays.com\/no\/wp-json\/wp\/v2\/users\/2"}],"replies":[{"embeddable":true,"href":"https:\/\/www.europesays.com\/no\/wp-json\/wp\/v2\/comments?post=195786"}],"version-history":[{"count":0,"href":"https:\/\/www.europesays.com\/no\/wp-json\/wp\/v2\/posts\/195786\/revisions"}],"wp:featuredmedia":[{"embeddable":true,"href":"https:\/\/www.europesays.com\/no\/wp-json\/wp\/v2\/media\/195787"}],"wp:attachment":[{"href":"https:\/\/www.europesays.com\/no\/wp-json\/wp\/v2\/media?parent=195786"}],"wp:term":[{"taxonomy":"category","embeddable":true,"href":"https:\/\/www.europesays.com\/no\/wp-json\/wp\/v2\/categories?post=195786"},{"taxonomy":"post_tag","embeddable":true,"href":"https:\/\/www.europesays.com\/no\/wp-json\/wp\/v2\/tags?post=195786"}],"curies":[{"name":"wp","href":"https:\/\/api.w.org\/{rel}","templated":true}]}}