{"id":19589,"date":"2025-08-27T16:18:15","date_gmt":"2025-08-27T16:18:15","guid":{"rendered":"https:\/\/www.europesays.com\/no\/19589\/"},"modified":"2025-08-27T16:18:15","modified_gmt":"2025-08-27T16:18:15","slug":"stavanger-krim-to-siktet-for-drapsforsok-og-grovt-ran-etter-voldshendelse-i-stavanger","status":"publish","type":"post","link":"https:\/\/www.europesays.com\/no\/19589\/","title":{"rendered":"Stavanger, Krim | To siktet for drapsfors\u00f8k og grovt ran etter voldshendelse i Stavanger"},"content":{"rendered":"\n<p>En mindre\u00e5rig gutt ble sendt til Stavanger universitetssjukehus med stikkskader etter voldshendelsen i Stavanger tirsdag kveld. Politiet har etterforsket saken bredt og med store ressurser.<\/p>\n<p>\u2013 Det er den samlede etterforskningen som gj\u00f8r at vi n\u00e5 ser p\u00e5 dette som et drapsfors\u00f8k og ikke en grov kroppsskade, sier politiadvokat Christine Kleppa i en pressemelding.<\/p>\n<p>Begge de siktede er avh\u00f8rt.<\/p>\n<p>\u2013 Og i tillegg er det gjennomf\u00f8rt flere vitneavh\u00f8r. Vi utelukker ikke flere p\u00e5gripelser i saken, sier Kleppa.<\/p>\n<p>Hvilke skader gutten er p\u00e5f\u00f8rt, eller hvor alvorlige de er, har ikke politiet sagt noe om. Hendelsen skal ha skjedd p\u00e5 Mariero. Politiet fikk melding om hendelsen klokken 18.46 tirsdag.<\/p>\n<p>Les meir om: artikkelemnene<\/p>\n","protected":false},"excerpt":{"rendered":"En mindre\u00e5rig gutt ble sendt til Stavanger universitetssjukehus med stikkskader etter voldshendelsen i Stavanger tirsdag kveld. Politiet har&hellip;\n","protected":false},"author":2,"featured_media":19590,"comment_status":"","ping_status":"","sticky":false,"template":"","format":"standard","meta":{"footnotes":""},"categories":[10],"tags":[36,20,21,24,25,15,1576,983,22,23,13,30,28,29,14,16,1306,1510,26,27],"class_list":{"0":"post-19589","1":"post","2":"type-post","3":"status-publish","4":"format-standard","5":"has-post-thumbnail","7":"category-norge","8":"tag-art","9":"tag-breaking-news","10":"tag-breakingnews","11":"tag-featured-news","12":"tag-featurednews","13":"tag-headlines","14":"tag-hendelse","15":"tag-krim","16":"tag-latest-news","17":"tag-latestnews","18":"tag-news","19":"tag-no","20":"tag-norge","21":"tag-norway","22":"tag-nyheter","23":"tag-overskrifter","24":"tag-stavanger","25":"tag-story","26":"tag-top-stories","27":"tag-topstories"},"share_on_mastodon":{"url":"","error":""},"_links":{"self":[{"href":"https:\/\/www.europesays.com\/no\/wp-json\/wp\/v2\/posts\/19589","targetHints":{"allow":["GET"]}}],"collection":[{"href":"https:\/\/www.europesays.com\/no\/wp-json\/wp\/v2\/posts"}],"about":[{"href":"https:\/\/www.europesays.com\/no\/wp-json\/wp\/v2\/types\/post"}],"author":[{"embeddable":true,"href":"https:\/\/www.europesays.com\/no\/wp-json\/wp\/v2\/users\/2"}],"replies":[{"embeddable":true,"href":"https:\/\/www.europesays.com\/no\/wp-json\/wp\/v2\/comments?post=19589"}],"version-history":[{"count":0,"href":"https:\/\/www.europesays.com\/no\/wp-json\/wp\/v2\/posts\/19589\/revisions"}],"wp:featuredmedia":[{"embeddable":true,"href":"https:\/\/www.europesays.com\/no\/wp-json\/wp\/v2\/media\/19590"}],"wp:attachment":[{"href":"https:\/\/www.europesays.com\/no\/wp-json\/wp\/v2\/media?parent=19589"}],"wp:term":[{"taxonomy":"category","embeddable":true,"href":"https:\/\/www.europesays.com\/no\/wp-json\/wp\/v2\/categories?post=19589"},{"taxonomy":"post_tag","embeddable":true,"href":"https:\/\/www.europesays.com\/no\/wp-json\/wp\/v2\/tags?post=19589"}],"curies":[{"name":"wp","href":"https:\/\/api.w.org\/{rel}","templated":true}]}}