{"id":19605,"date":"2025-08-27T16:46:07","date_gmt":"2025-08-27T16:46:07","guid":{"rendered":"https:\/\/www.europesays.com\/no\/19605\/"},"modified":"2025-08-27T16:46:07","modified_gmt":"2025-08-27T16:46:07","slug":"hendelser-tinn-arbeidsulykke-en-person-er-bevisstlos","status":"publish","type":"post","link":"https:\/\/www.europesays.com\/no\/19605\/","title":{"rendered":"Hendelser, Tinn | Arbeidsulykke: &#8211; En person er bevisstl\u00f8s"},"content":{"rendered":"\n<p><b>SISTE<\/b> Brannvesen har ATV p\u00e5 stedet og bist\u00e5r med transportere ambulansepersonell frem til ulykkesstedet. En luftambulanse er p\u00e5 vei og forventes \u00e5 ankomme cirka klokken 18.40. Politiet har ankommet omr\u00e5de og jobber med \u00e5 f\u00e5 oversikt over hendelsen.<\/p>\n<p>Klokken 17.48, onsdag ettermiddag, ble n\u00f8detatene varslet fra et skianlegg, om noe som fremst\u00e5r som en arbeidsulykke. <\/p>\n<p>Operasjonsleder Espen Reite hos S\u00f8r-\u00d8st politidistrikt opplyser at en person er bevisstl\u00f8s. <\/p>\n<p>&#8211; Det p\u00e5g\u00e5r f\u00f8rstehjelp p\u00e5 stedet, og det fremst\u00e5r som en alvorlig hendelse, melder operasjonslederen. <\/p>\n<p>Politiet har f\u00e5tt melding om at det er en dumper som har veltet p\u00e5 stedet. Dette skal ha skjedd i skibakken. Hendelsen har skjedd p\u00e5 et skianlegg p\u00e5 Rjukan. <\/p>\n<p>Det er t\u00e5ke p\u00e5 stedet.<\/p>\n<p>Artikkelen oppdateres. <\/p>\n<p>Les mer om: artikkelemnene<\/p>\n","protected":false},"excerpt":{"rendered":"SISTE Brannvesen har ATV p\u00e5 stedet og bist\u00e5r med transportere ambulansepersonell frem til ulykkesstedet. En luftambulanse er p\u00e5&hellip;\n","protected":false},"author":2,"featured_media":1273,"comment_status":"","ping_status":"","sticky":false,"template":"","format":"standard","meta":{"footnotes":""},"categories":[10],"tags":[3375,36,20,21,24,25,15,168,22,23,13,30,28,29,14,16,1510,3374,26,27],"class_list":{"0":"post-19605","1":"post","2":"type-post","3":"status-publish","4":"format-standard","5":"has-post-thumbnail","7":"category-norge","8":"tag-arbeidsulykke","9":"tag-art","10":"tag-breaking-news","11":"tag-breakingnews","12":"tag-featured-news","13":"tag-featurednews","14":"tag-headlines","15":"tag-hendelser","16":"tag-latest-news","17":"tag-latestnews","18":"tag-news","19":"tag-no","20":"tag-norge","21":"tag-norway","22":"tag-nyheter","23":"tag-overskrifter","24":"tag-story","25":"tag-tinn","26":"tag-top-stories","27":"tag-topstories"},"share_on_mastodon":{"url":"","error":""},"_links":{"self":[{"href":"https:\/\/www.europesays.com\/no\/wp-json\/wp\/v2\/posts\/19605","targetHints":{"allow":["GET"]}}],"collection":[{"href":"https:\/\/www.europesays.com\/no\/wp-json\/wp\/v2\/posts"}],"about":[{"href":"https:\/\/www.europesays.com\/no\/wp-json\/wp\/v2\/types\/post"}],"author":[{"embeddable":true,"href":"https:\/\/www.europesays.com\/no\/wp-json\/wp\/v2\/users\/2"}],"replies":[{"embeddable":true,"href":"https:\/\/www.europesays.com\/no\/wp-json\/wp\/v2\/comments?post=19605"}],"version-history":[{"count":0,"href":"https:\/\/www.europesays.com\/no\/wp-json\/wp\/v2\/posts\/19605\/revisions"}],"wp:featuredmedia":[{"embeddable":true,"href":"https:\/\/www.europesays.com\/no\/wp-json\/wp\/v2\/media\/1273"}],"wp:attachment":[{"href":"https:\/\/www.europesays.com\/no\/wp-json\/wp\/v2\/media?parent=19605"}],"wp:term":[{"taxonomy":"category","embeddable":true,"href":"https:\/\/www.europesays.com\/no\/wp-json\/wp\/v2\/categories?post=19605"},{"taxonomy":"post_tag","embeddable":true,"href":"https:\/\/www.europesays.com\/no\/wp-json\/wp\/v2\/tags?post=19605"}],"curies":[{"name":"wp","href":"https:\/\/api.w.org\/{rel}","templated":true}]}}