{"id":196252,"date":"2026-03-24T18:28:12","date_gmt":"2026-03-24T18:28:12","guid":{"rendered":"https:\/\/www.europesays.com\/no\/196252\/"},"modified":"2026-03-24T18:28:12","modified_gmt":"2026-03-24T18:28:12","slug":"sophie-elise-isachsen-avslorer-jeg-dater","status":"publish","type":"post","link":"https:\/\/www.europesays.com\/no\/196252\/","title":{"rendered":"Sophie Elise Isachsen avsl\u00f8rer: &#8211; Jeg dater"},"content":{"rendered":"<p class=\"kicker \" style=\"\">Sophie Elise Isachsen:\u00a0<\/p>\n<p>    Influenseren letter p\u00e5 sl\u00f8ret om kj\u00e6rlighetslivet.\u00a0<\/p>\n<p>\n    \u00c5PNER OPP: Sophie Elise Isachsen r\u00f8per at hun har begynt \u00e5 date etter bruddet i fjor sommer. Foto: Andreas Fadum \/ Se og H\u00f8r\n  <\/p>\n<p>I juni i fjor kom nyheten om at\u00a0<a href=\"https:\/\/www.seher.no\/kjendis\/viste-seg-sammen-etter-bruddet\/83233433\" rel=\"nofollow noopener\" target=\"_blank\">Sophie Elise Isachsen (31) og kj\u00e6resten Vegard J\u00f8rstad (32) hadde gjort det slutt<\/a> etter to \u00e5r som par.\u00a0\u00a0Sammen har de s\u00f8nnen Helmer, som ble f\u00f8dt i april 2024.<\/p>\n<p>    <a itemprop=\"url\" href=\"https:\/\/www.seher.no\/kjendis\/en-utakknemlig-jobb\/84322218\" rel=\"nofollow noopener\" target=\"_blank\"><\/p>\n<p>        <img loading=\"lazy\" decoding=\"async\" src=\"https:\/\/www.europesays.com\/no\/wp-content\/uploads\/2026\/03\/84316237.webp.webp\" width=\"147\" height=\"98\" title=\"- En utakknemlig jobb\" alt=\"\" class=\"lazyload\" style=\"--aspect-ratio-image: 1.50; \"\/><\/p>\n<p>        &#8211; En utakknemlig jobb<\/p>\n<p>    <\/a><\/p>\n<p>Nyheten bekreftet Isachsen selv p\u00e5 Instagram:<\/p>\n<p>&#8211; Jeg og Vegard er ikke lengre kj\u00e6rester. Vi er fortsatt gode venner, og v\u00e5rt viktigste fokus er s\u00f8nnen v\u00e5r, og relasjonen v\u00e5r som familie, skrev hun p\u00e5 plattformen.\u00a0<\/p>\n<p>        R\u00d8PER: Gjengen i \u00abA-laget\u00bb settes ut av hva Sophie Elise har i nattbordskuffen. Video: NRK TV\/ R\u00f8d L\u00f8per<\/p>\n<p>&#8211; Kom p\u00e5 full display\t<\/p>\n<p>Etter bruddet har Isachsen v\u00e6rt ordknapp om kj\u00e6rlighetslivet. Hun har tidligere fortalt til <a href=\"https:\/\/www.nettavisen.no\/kjendis\/influenser-sophie-elise-30-om-dating-vil-ikke-ha-en-som-er-pa-mobilen\/s\/5-95-2615453\" rel=\"nofollow noopener\" target=\"_blank\">Nettavisen<\/a> at dating ikke sto h\u00f8yt p\u00e5 prioriteringslisten, selv om hun n\u00e5 er singel.\u00a0<\/p>\n<p class=\"font-weight-bold m-font-weight-bold\" data-lab-font_weight=\"font-weight-bold\">&#8211; Jeg har ikke datet noe. Jeg er heller ikke interessert i \u00e5 m\u00f8te noen. Jeg er ikke p\u00e5 noen apper, sa hun i september i fjor.\u00a0<\/p>\n<p>Men n\u00e5 kan det se ut som at ting er i ferd med \u00e5 endre seg.<\/p>\n<p>        <img loading=\"lazy\" decoding=\"async\" src=\"https:\/\/www.europesays.com\/no\/wp-content\/uploads\/2026\/03\/84412517.webp.webp\" width=\"667\" height=\"981\" title=\"BRUDD: Sophie Elise Isachsen og Vegard J\u00f8rstad gikk fra hverandre i fjor sommer. Foto: Andreas Fadum \/ Se og H\u00f8r\" alt=\"\" class=\"\" style=\"--aspect-ratio-image: 0.68; \"\/><\/p>\n<p>\n        BRUDD: Sophie Elise Isachsen og Vegard J\u00f8rstad gikk fra hverandre i fjor sommer. Foto: Andreas Fadum \/ Se og H\u00f8r\n    <\/p>\n<p>I helgen tok nemlig influenseren til Snapchat, hvor hun ga f\u00f8lgerne en oversikt over timeplanen sin fremover.<\/p>\n<p>\u00abS\u00e5nn ser det veldig overordnet ut p\u00e5 PC &#8211; her legger jeg inn avtaler som involverer andre, skriver inn hvilke dager jeg skal snappe, hvilke dager jeg er p\u00e5 insta (derfor noen dager er markert som Snapchat)\u00bb, skrev hun.\u00a0<\/p>\n<p>    <a itemprop=\"url\" href=\"https:\/\/www.seher.no\/kjendis\/gladmelding-etter-sjokkbruddet\/83730780\" rel=\"nofollow noopener\" target=\"_blank\"><\/p>\n<p>        <img loading=\"lazy\" decoding=\"async\" src=\"https:\/\/www.europesays.com\/no\/wp-content\/uploads\/2026\/03\/83731003.webp.webp\" width=\"147\" height=\"98\" title=\"Gladmelding etter sjokkbruddet\" alt=\"\" class=\"lazyload\" style=\"--aspect-ratio-image: 1.50; \"\/><\/p>\n<p>        Gladmelding etter sjokkbruddet<\/p>\n<p>    <\/a><\/p>\n<p>Midt i gjennomgangen kom det ogs\u00e5 en liten, uventet avsl\u00f8ring:<\/p>\n<p class=\"font-weight-bold m-font-weight-bold no_italic m-no_italic\" data-lab-italic=\"\" data-lab-font_weight=\"font-weight-bold\">\u00abHer m\u00e5tte jeg sensurere nederst fordi han jeg dater plutselig kom p\u00e5 full display med navn, haha. S\u00e5 vet dere det\u00bb.\u00a0<\/p>\n<p>Hvem denne mystiske mannen er, holder 31-\u00e5ringen forel\u00f8pig tett til brystet.\u00a0<\/p>\n<p>        \u00abGIRLS OF OSLO\u00bb: Sophie Elise \u00e5pnet seg om bruddet. Video: \u00abGirls of Oslo\u00bb\/Prime Video<\/p>\n<p>&#8211; Redd for \u00e5 bli brukt\t<\/p>\n<p>I januar delte Isachsen et s\u00e5rbart \u00f8yeblikk med f\u00f8lgerne sine p\u00e5 Snapchat. Hun fortalte \u00e5pent om dype tillitsproblemer og en ny, uvant frykt for kj\u00e6rligheten.<\/p>\n<p>&#8211; Jeg f\u00f8ler at livet til alle andre g\u00e5r videre, men mitt gj\u00f8r ikke det. Jeg f\u00f8ler meg s\u00e5 ensom, og det er mange ting som har skjedd de siste dagene som har brakt opp vonde minner, og har bevist for meg hvor viktig det er for meg \u00e5 jobbe med meg selv, sa hun.<\/p>\n<p>        <img loading=\"lazy\" decoding=\"async\" src=\"https:\/\/www.europesays.com\/no\/wp-content\/uploads\/2026\/03\/84412550.webp.webp\" width=\"667\" height=\"948\" title=\"S\u00c5RBAR: Influenseren delte \u00e6rlig med f\u00f8lgerne i januar at hun har slitt med tillitsproblemer. Foto: Andreas Fadum \/ Se og H\u00f8r\" alt=\"\" class=\"\" style=\"--aspect-ratio-image: 0.70; \"\/><\/p>\n<p>\n        S\u00c5RBAR: Influenseren delte \u00e6rlig med f\u00f8lgerne i januar at hun har slitt med tillitsproblemer. Foto: Andreas Fadum \/ Se og H\u00f8r\n    <\/p>\n<p class=\"font-weight-bold m-font-weight-bold\" data-lab-font_weight=\"font-weight-bold\">Samtidig understreket influenseren at hun st\u00e5r st\u00f8tt i valget om \u00e5 v\u00e6re singel &#8211; og at bruddet var riktig.\u00a0<\/p>\n<p>    <a itemprop=\"url\" href=\"https:\/\/www.seher.no\/kjendis\/raser-frekt\/83593927\" rel=\"nofollow noopener\" target=\"_blank\"><\/p>\n<p>        <img loading=\"lazy\" decoding=\"async\" src=\"https:\/\/www.europesays.com\/no\/wp-content\/uploads\/2026\/03\/83595769.webp.webp\" width=\"147\" height=\"98\" title=\"Raser: - Frekt!\" alt=\"\" class=\"lazyload\" style=\"--aspect-ratio-image: 1.50; \"\/><\/p>\n<p>        Raser: &#8211; Frekt!<\/p>\n<p>    <\/a><\/p>\n<p>Likevel kan hun savne n\u00e6rheten og det \u00e5 bli tatt vare p\u00e5 av noen.<\/p>\n<p>&#8211; Jeg har dessverre f\u00e5tt tillitsproblemer. Jeg har alltid v\u00e6rt s\u00e5 sykt lite redd for kj\u00e6rlighet &#8211; men n\u00e5 er jeg s\u00e5 redd! Jeg er s\u00e5 redd for \u00e5 bli brukt, s\u00e5 redd for at jeg ikke er bra nok, fortalte hun t\u00e5rev\u00e5t, f\u00f8r hun heiet p\u00e5 alle single m\u00f8dre i samme situasjon som henne.<\/p>\n","protected":false},"excerpt":{"rendered":"Sophie Elise Isachsen:\u00a0 Influenseren letter p\u00e5 sl\u00f8ret om kj\u00e6rlighetslivet.\u00a0 \u00c5PNER OPP: Sophie Elise Isachsen r\u00f8per at hun har&hellip;\n","protected":false},"author":2,"featured_media":196253,"comment_status":"","ping_status":"","sticky":false,"template":"","format":"standard","meta":{"footnotes":"","_share_on_mastodon":"0"},"categories":[58],"tags":[1926,71,6424,479,2543,6423,30,28,29,1444,72],"class_list":["post-196252","post","type-post","status-publish","format-standard","has-post-thumbnail","category-underholdning","tag-dating","tag-entertainment","tag-kjaerlighetsliv","tag-kjendis","tag-kjendisdesken","tag-letter-pa-sloret","tag-no","tag-norge","tag-norway","tag-sophie-elise-isachsen","tag-underholdning"],"share_on_mastodon":{"url":"https:\/\/pubeurope.com\/@no\/116285571486614703","error":""},"_links":{"self":[{"href":"https:\/\/www.europesays.com\/no\/wp-json\/wp\/v2\/posts\/196252","targetHints":{"allow":["GET"]}}],"collection":[{"href":"https:\/\/www.europesays.com\/no\/wp-json\/wp\/v2\/posts"}],"about":[{"href":"https:\/\/www.europesays.com\/no\/wp-json\/wp\/v2\/types\/post"}],"author":[{"embeddable":true,"href":"https:\/\/www.europesays.com\/no\/wp-json\/wp\/v2\/users\/2"}],"replies":[{"embeddable":true,"href":"https:\/\/www.europesays.com\/no\/wp-json\/wp\/v2\/comments?post=196252"}],"version-history":[{"count":0,"href":"https:\/\/www.europesays.com\/no\/wp-json\/wp\/v2\/posts\/196252\/revisions"}],"wp:featuredmedia":[{"embeddable":true,"href":"https:\/\/www.europesays.com\/no\/wp-json\/wp\/v2\/media\/196253"}],"wp:attachment":[{"href":"https:\/\/www.europesays.com\/no\/wp-json\/wp\/v2\/media?parent=196252"}],"wp:term":[{"taxonomy":"category","embeddable":true,"href":"https:\/\/www.europesays.com\/no\/wp-json\/wp\/v2\/categories?post=196252"},{"taxonomy":"post_tag","embeddable":true,"href":"https:\/\/www.europesays.com\/no\/wp-json\/wp\/v2\/tags?post=196252"}],"curies":[{"name":"wp","href":"https:\/\/api.w.org\/{rel}","templated":true}]}}